{"id":9317,"date":"2010-09-16T16:00:37","date_gmt":"2010-09-16T14:00:37","guid":{"rendered":"http:\/\/savemybrain.net\/v2\/?p=9317"},"modified":"2010-09-14T17:53:06","modified_gmt":"2010-09-14T15:53:06","slug":"miroir","status":"publish","type":"post","link":"https:\/\/www.savemybrain.net\/v2\/2010\/09\/16\/miroir-16009317\/","title":{"rendered":"Miroir"},"content":{"rendered":"<p>Quoi de plus th\u00e9rapeutique que de gu\u00e9rir les maux par les mots ? Sur cette page s\u2019alignent quelques vers ou simple prose, dot\u00e9s de rimes et\/ou de rythmes, pour exprimer des \u00e9motions qui parfois nous enserrent le c\u0153ur et l\u2019esprit\u2026 Libre \u00e0 vous de vous reconna\u00eetre ou non au travers de ces quelques phrases, qui refl\u00e8tent aussi bien les joies, les peines, les espoirs et les r\u00eaves que l\u2019on peut tous ressentir un jour.<!--more--><img loading=\"lazy\" decoding=\"async\" class=\"aligncenter size-medium wp-image-9318\" src=\"http:\/\/savemybrain.net\/v2\/wp-content\/uploads\/2010\/09\/Photo003-500x157.jpg\" alt=\"\" width=\"500\" height=\"157\" srcset=\"https:\/\/www.savemybrain.net\/v2\/wp-content\/uploads\/2010\/09\/Photo003-500x157.jpg 500w, https:\/\/www.savemybrain.net\/v2\/wp-content\/uploads\/2010\/09\/Photo003-768x241.jpg 768w, https:\/\/www.savemybrain.net\/v2\/wp-content\/uploads\/2010\/09\/Photo003-1024x322.jpg 1024w, https:\/\/www.savemybrain.net\/v2\/wp-content\/uploads\/2010\/09\/Photo003.jpg 1496w\" sizes=\"auto, (max-width: 500px) 100vw, 500px\" \/><\/p>\n<p>Mes racines sont dans le ciel<br \/>\nMes pieds sont dans la boue<br \/>\nL&rsquo;espoir est essentiel<br \/>\nMais il en faut peu pour perdre beaucoup<\/p>\n<p>Ton sourire fr\u00e9tille et ta jupe frissonne<br \/>\nLe vent nous pousse \u00e0 fond dans la vie<br \/>\nCelle-ci fragile que rien ne pardonne<br \/>\nLe vent nous pousse, ou nous ralentit.<\/p>\n<p>Joyeuses idylles et r\u00eaves \u00e9perdus<br \/>\nJe vois en toi quelques espoirs d\u00e9\u00e7us<br \/>\nDes ailes bless\u00e9es d&rsquo;avoir tant essay\u00e9<br \/>\nDes pieds meurtris d&rsquo;avoir tant pi\u00e9tinn\u00e9.<\/p>\n<p>Soudain le miroir se brise,<br \/>\nIl n&rsquo;y a plus de toi, il n&rsquo;y a plus que moi<br \/>\nFace \u00e0 ce mur, tir\u00e9e par les ailes,<br \/>\nLa vie continue, moi sous son emprise.<\/p>\n<p>Savoir o\u00f9 je vais, savoir d&rsquo;o\u00f9 je viens,<br \/>\nPersonne ne le sait, peu importe demain,<br \/>\nJe tra\u00eene les pieds et l\u00e8ve le regard<br \/>\nQui sait, comme on dit, il n&rsquo;est jamais trop tard.<\/p>\n","protected":false},"excerpt":{"rendered":"<p>Quoi de plus th\u00e9rapeutique que de gu\u00e9rir les maux par les mots ? Sur cette page s\u2019alignent quelques vers ou simple prose, dot\u00e9s de rimes et\/ou de rythmes, pour exprimer des \u00e9motions qui parfois nous enserrent le c\u0153ur et l\u2019esprit\u2026 Libre \u00e0 vous de vous reconna\u00eetre ou non au travers de ces quelques phrases, qui refl\u00e8tent aussi bien les joies, les peines, les espoirs et les r\u00eaves que l\u2019on peut tous ressentir un jour.<\/p>\n","protected":false},"author":29,"featured_media":0,"comment_status":"open","ping_status":"closed","sticky":false,"template":"","format":"standard","meta":{"_jetpack_memberships_contains_paid_content":false,"footnotes":""},"categories":[299],"tags":[2486,302,2611,822],"coauthors":[],"class_list":["post-9317","post","type-post","status-publish","format-standard","hentry","category-mots-a-maux","tag-destin","tag-poeme","tag-remise-en-question","tag-vie"],"yoast_head":"<!-- This site is optimized with the Yoast SEO plugin v27.2 - https:\/\/yoast.com\/product\/yoast-seo-wordpress\/ -->\n<title>Miroir - Save my brain<\/title>\n<meta name=\"robots\" content=\"index, follow, max-snippet:-1, max-image-preview:large, max-video-preview:-1\" \/>\n<link rel=\"canonical\" href=\"https:\/\/www.savemybrain.net\/v2\/2010\/09\/16\/miroir-16009317\/\" \/>\n<meta property=\"og:locale\" content=\"fr_FR\" \/>\n<meta property=\"og:type\" content=\"article\" \/>\n<meta property=\"og:title\" content=\"Miroir - Save my brain\" \/>\n<meta property=\"og:description\" content=\"Quoi de plus th\u00e9rapeutique que de gu\u00e9rir les maux par les mots ? Sur cette page s\u2019alignent quelques vers ou simple prose, dot\u00e9s de rimes et\/ou de rythmes, pour exprimer des \u00e9motions qui parfois nous enserrent le c\u0153ur et l\u2019esprit\u2026 Libre \u00e0 vous de vous reconna\u00eetre ou non au travers de ces quelques phrases, qui refl\u00e8tent aussi bien les joies, les peines, les espoirs et les r\u00eaves que l\u2019on peut tous ressentir un jour.\" \/>\n<meta property=\"og:url\" content=\"https:\/\/www.savemybrain.net\/v2\/2010\/09\/16\/miroir-16009317\/\" \/>\n<meta property=\"og:site_name\" content=\"Save my brain\" \/>\n<meta property=\"article:published_time\" content=\"2010-09-16T14:00:37+00:00\" \/>\n<meta property=\"og:image\" content=\"http:\/\/savemybrain.net\/v2\/wp-content\/uploads\/2010\/09\/Photo003-500x157.jpg\" \/>\n<meta name=\"author\" content=\"Fanny Leroux\" \/>\n<meta name=\"twitter:card\" content=\"summary_large_image\" \/>\n<meta name=\"twitter:label1\" content=\"\u00c9crit par\" \/>\n\t<meta name=\"twitter:data1\" content=\"Fanny Leroux\" \/>\n\t<meta name=\"twitter:label2\" content=\"Dur\u00e9e de lecture estim\u00e9e\" \/>\n\t<meta name=\"twitter:data2\" content=\"1 minute\" \/>\n\t<meta name=\"twitter:label3\" content=\"Written by\" \/>\n\t<meta name=\"twitter:data3\" content=\"Fanny Leroux\" \/>\n<script type=\"application\/ld+json\" class=\"yoast-schema-graph\">{\"@context\":\"https:\/\/schema.org\",\"@graph\":[{\"@type\":\"Article\",\"@id\":\"https:\/\/www.savemybrain.net\/v2\/2010\/09\/16\/miroir-16009317\/#article\",\"isPartOf\":{\"@id\":\"https:\/\/www.savemybrain.net\/v2\/2010\/09\/16\/miroir-16009317\/\"},\"author\":{\"name\":\"Fanny Leroux\",\"@id\":\"https:\/\/www.savemybrain.net\/v2\/#\/schema\/person\/0b4283f3b1de510e638ea13e7268a6f2\"},\"headline\":\"Miroir\",\"datePublished\":\"2010-09-16T14:00:37+00:00\",\"mainEntityOfPage\":{\"@id\":\"https:\/\/www.savemybrain.net\/v2\/2010\/09\/16\/miroir-16009317\/\"},\"wordCount\":231,\"commentCount\":0,\"image\":{\"@id\":\"https:\/\/www.savemybrain.net\/v2\/2010\/09\/16\/miroir-16009317\/#primaryimage\"},\"thumbnailUrl\":\"http:\/\/savemybrain.net\/v2\/wp-content\/uploads\/2010\/09\/Photo003-500x157.jpg\",\"keywords\":[\"destin\",\"po\u00e8me\",\"remise en question\",\"vie\"],\"articleSection\":[\"Mots \u00e0 maux\"],\"inLanguage\":\"fr-FR\",\"potentialAction\":[{\"@type\":\"CommentAction\",\"name\":\"Comment\",\"target\":[\"https:\/\/www.savemybrain.net\/v2\/2010\/09\/16\/miroir-16009317\/#respond\"]}]},{\"@type\":\"WebPage\",\"@id\":\"https:\/\/www.savemybrain.net\/v2\/2010\/09\/16\/miroir-16009317\/\",\"url\":\"https:\/\/www.savemybrain.net\/v2\/2010\/09\/16\/miroir-16009317\/\",\"name\":\"Miroir - Save my brain\",\"isPartOf\":{\"@id\":\"https:\/\/www.savemybrain.net\/v2\/#website\"},\"primaryImageOfPage\":{\"@id\":\"https:\/\/www.savemybrain.net\/v2\/2010\/09\/16\/miroir-16009317\/#primaryimage\"},\"image\":{\"@id\":\"https:\/\/www.savemybrain.net\/v2\/2010\/09\/16\/miroir-16009317\/#primaryimage\"},\"thumbnailUrl\":\"http:\/\/savemybrain.net\/v2\/wp-content\/uploads\/2010\/09\/Photo003-500x157.jpg\",\"datePublished\":\"2010-09-16T14:00:37+00:00\",\"author\":{\"@id\":\"https:\/\/www.savemybrain.net\/v2\/#\/schema\/person\/0b4283f3b1de510e638ea13e7268a6f2\"},\"inLanguage\":\"fr-FR\",\"potentialAction\":[{\"@type\":\"ReadAction\",\"target\":[\"https:\/\/www.savemybrain.net\/v2\/2010\/09\/16\/miroir-16009317\/\"]}]},{\"@type\":\"ImageObject\",\"inLanguage\":\"fr-FR\",\"@id\":\"https:\/\/www.savemybrain.net\/v2\/2010\/09\/16\/miroir-16009317\/#primaryimage\",\"url\":\"http:\/\/savemybrain.net\/v2\/wp-content\/uploads\/2010\/09\/Photo003-500x157.jpg\",\"contentUrl\":\"http:\/\/savemybrain.net\/v2\/wp-content\/uploads\/2010\/09\/Photo003-500x157.jpg\"},{\"@type\":\"WebSite\",\"@id\":\"https:\/\/www.savemybrain.net\/v2\/#website\",\"url\":\"https:\/\/www.savemybrain.net\/v2\/\",\"name\":\"Save my brain\",\"description\":\"Magazine lifestyle et culturel (depuis 2007)\",\"potentialAction\":[{\"@type\":\"SearchAction\",\"target\":{\"@type\":\"EntryPoint\",\"urlTemplate\":\"https:\/\/www.savemybrain.net\/v2\/?s={search_term_string}\"},\"query-input\":{\"@type\":\"PropertyValueSpecification\",\"valueRequired\":true,\"valueName\":\"search_term_string\"}}],\"inLanguage\":\"fr-FR\"},{\"@type\":\"Person\",\"@id\":\"https:\/\/www.savemybrain.net\/v2\/#\/schema\/person\/0b4283f3b1de510e638ea13e7268a6f2\",\"name\":\"Fanny Leroux\",\"url\":\"https:\/\/www.savemybrain.net\/v2\/author\/fannyleroux\/\"}]}<\/script>\n<!-- \/ Yoast SEO plugin. -->","yoast_head_json":{"title":"Miroir - Save my brain","robots":{"index":"index","follow":"follow","max-snippet":"max-snippet:-1","max-image-preview":"max-image-preview:large","max-video-preview":"max-video-preview:-1"},"canonical":"https:\/\/www.savemybrain.net\/v2\/2010\/09\/16\/miroir-16009317\/","og_locale":"fr_FR","og_type":"article","og_title":"Miroir - Save my brain","og_description":"Quoi de plus th\u00e9rapeutique que de gu\u00e9rir les maux par les mots ? Sur cette page s\u2019alignent quelques vers ou simple prose, dot\u00e9s de rimes et\/ou de rythmes, pour exprimer des \u00e9motions qui parfois nous enserrent le c\u0153ur et l\u2019esprit\u2026 Libre \u00e0 vous de vous reconna\u00eetre ou non au travers de ces quelques phrases, qui refl\u00e8tent aussi bien les joies, les peines, les espoirs et les r\u00eaves que l\u2019on peut tous ressentir un jour.","og_url":"https:\/\/www.savemybrain.net\/v2\/2010\/09\/16\/miroir-16009317\/","og_site_name":"Save my brain","article_published_time":"2010-09-16T14:00:37+00:00","og_image":[{"url":"http:\/\/savemybrain.net\/v2\/wp-content\/uploads\/2010\/09\/Photo003-500x157.jpg","type":"","width":"","height":""}],"author":"Fanny Leroux","twitter_card":"summary_large_image","twitter_misc":{"\u00c9crit par":"Fanny Leroux","Dur\u00e9e de lecture estim\u00e9e":"1 minute","Written by":"Fanny Leroux"},"schema":{"@context":"https:\/\/schema.org","@graph":[{"@type":"Article","@id":"https:\/\/www.savemybrain.net\/v2\/2010\/09\/16\/miroir-16009317\/#article","isPartOf":{"@id":"https:\/\/www.savemybrain.net\/v2\/2010\/09\/16\/miroir-16009317\/"},"author":{"name":"Fanny Leroux","@id":"https:\/\/www.savemybrain.net\/v2\/#\/schema\/person\/0b4283f3b1de510e638ea13e7268a6f2"},"headline":"Miroir","datePublished":"2010-09-16T14:00:37+00:00","mainEntityOfPage":{"@id":"https:\/\/www.savemybrain.net\/v2\/2010\/09\/16\/miroir-16009317\/"},"wordCount":231,"commentCount":0,"image":{"@id":"https:\/\/www.savemybrain.net\/v2\/2010\/09\/16\/miroir-16009317\/#primaryimage"},"thumbnailUrl":"http:\/\/savemybrain.net\/v2\/wp-content\/uploads\/2010\/09\/Photo003-500x157.jpg","keywords":["destin","po\u00e8me","remise en question","vie"],"articleSection":["Mots \u00e0 maux"],"inLanguage":"fr-FR","potentialAction":[{"@type":"CommentAction","name":"Comment","target":["https:\/\/www.savemybrain.net\/v2\/2010\/09\/16\/miroir-16009317\/#respond"]}]},{"@type":"WebPage","@id":"https:\/\/www.savemybrain.net\/v2\/2010\/09\/16\/miroir-16009317\/","url":"https:\/\/www.savemybrain.net\/v2\/2010\/09\/16\/miroir-16009317\/","name":"Miroir - Save my brain","isPartOf":{"@id":"https:\/\/www.savemybrain.net\/v2\/#website"},"primaryImageOfPage":{"@id":"https:\/\/www.savemybrain.net\/v2\/2010\/09\/16\/miroir-16009317\/#primaryimage"},"image":{"@id":"https:\/\/www.savemybrain.net\/v2\/2010\/09\/16\/miroir-16009317\/#primaryimage"},"thumbnailUrl":"http:\/\/savemybrain.net\/v2\/wp-content\/uploads\/2010\/09\/Photo003-500x157.jpg","datePublished":"2010-09-16T14:00:37+00:00","author":{"@id":"https:\/\/www.savemybrain.net\/v2\/#\/schema\/person\/0b4283f3b1de510e638ea13e7268a6f2"},"inLanguage":"fr-FR","potentialAction":[{"@type":"ReadAction","target":["https:\/\/www.savemybrain.net\/v2\/2010\/09\/16\/miroir-16009317\/"]}]},{"@type":"ImageObject","inLanguage":"fr-FR","@id":"https:\/\/www.savemybrain.net\/v2\/2010\/09\/16\/miroir-16009317\/#primaryimage","url":"http:\/\/savemybrain.net\/v2\/wp-content\/uploads\/2010\/09\/Photo003-500x157.jpg","contentUrl":"http:\/\/savemybrain.net\/v2\/wp-content\/uploads\/2010\/09\/Photo003-500x157.jpg"},{"@type":"WebSite","@id":"https:\/\/www.savemybrain.net\/v2\/#website","url":"https:\/\/www.savemybrain.net\/v2\/","name":"Save my brain","description":"Magazine lifestyle et culturel (depuis 2007)","potentialAction":[{"@type":"SearchAction","target":{"@type":"EntryPoint","urlTemplate":"https:\/\/www.savemybrain.net\/v2\/?s={search_term_string}"},"query-input":{"@type":"PropertyValueSpecification","valueRequired":true,"valueName":"search_term_string"}}],"inLanguage":"fr-FR"},{"@type":"Person","@id":"https:\/\/www.savemybrain.net\/v2\/#\/schema\/person\/0b4283f3b1de510e638ea13e7268a6f2","name":"Fanny Leroux","url":"https:\/\/www.savemybrain.net\/v2\/author\/fannyleroux\/"}]}},"jetpack_featured_media_url":"","jetpack_sharing_enabled":true,"_links":{"self":[{"href":"https:\/\/www.savemybrain.net\/v2\/wp-json\/wp\/v2\/posts\/9317","targetHints":{"allow":["GET"]}}],"collection":[{"href":"https:\/\/www.savemybrain.net\/v2\/wp-json\/wp\/v2\/posts"}],"about":[{"href":"https:\/\/www.savemybrain.net\/v2\/wp-json\/wp\/v2\/types\/post"}],"author":[{"embeddable":true,"href":"https:\/\/www.savemybrain.net\/v2\/wp-json\/wp\/v2\/users\/29"}],"replies":[{"embeddable":true,"href":"https:\/\/www.savemybrain.net\/v2\/wp-json\/wp\/v2\/comments?post=9317"}],"version-history":[{"count":0,"href":"https:\/\/www.savemybrain.net\/v2\/wp-json\/wp\/v2\/posts\/9317\/revisions"}],"wp:attachment":[{"href":"https:\/\/www.savemybrain.net\/v2\/wp-json\/wp\/v2\/media?parent=9317"}],"wp:term":[{"taxonomy":"category","embeddable":true,"href":"https:\/\/www.savemybrain.net\/v2\/wp-json\/wp\/v2\/categories?post=9317"},{"taxonomy":"post_tag","embeddable":true,"href":"https:\/\/www.savemybrain.net\/v2\/wp-json\/wp\/v2\/tags?post=9317"},{"taxonomy":"author","embeddable":true,"href":"https:\/\/www.savemybrain.net\/v2\/wp-json\/wp\/v2\/coauthors?post=9317"}],"curies":[{"name":"wp","href":"https:\/\/api.w.org\/{rel}","templated":true}]}}