{"id":903,"date":"2008-05-16T08:00:38","date_gmt":"2008-05-16T07:00:38","guid":{"rendered":"http:\/\/savemybrain.net\/v2\/?p=903"},"modified":"2011-10-16T19:29:36","modified_gmt":"2011-10-16T17:29:36","slug":"la-location-de-sacs-de-luxe","status":"publish","type":"post","link":"https:\/\/www.savemybrain.net\/v2\/2008\/05\/16\/la-location-de-sacs-de-luxe-0800903\/","title":{"rendered":"La location de sacs de luxe"},"content":{"rendered":"<p align=\"justify\">L&rsquo;\u00e9t\u00e9 dernier, un dr\u00f4le de concept tout droit venu des Etats-Unis a d\u00e9barqu\u00e9 sur Internet. On pouvait d\u00e9j\u00e0 louer des voitures ou des robes de soir\u00e9e. Il est d\u00e9sormais possible de louer des sacs \u00e0 main haut de gamme&#8230; Si les \u00e9v\u00e8nements exceptionnels peuvent justifier les deux premiers, quelques r\u00e9flexions m&rsquo;ont dissuad\u00e9e de tester ce service bien futile.<!--more--><\/p>\n<p align=\"center\"><img loading=\"lazy\" decoding=\"async\" class=\"aligncenter size-full wp-image-13410\" title=\"La location de sacs de luxe\" src=\"http:\/\/savemybrain.net\/v2\/wp-content\/uploads\/2008\/05\/sac.jpg\" alt=\"\" width=\"400\" height=\"638\" srcset=\"https:\/\/www.savemybrain.net\/v2\/wp-content\/uploads\/2008\/05\/sac.jpg 400w, https:\/\/www.savemybrain.net\/v2\/wp-content\/uploads\/2008\/05\/sac-313x500.jpg 313w\" sizes=\"auto, (max-width: 400px) 100vw, 400px\" \/><\/p>\n<p align=\"justify\"><strong>Comment \u00e7a marche ?<\/strong><\/p>\n<p align=\"justify\">Il existe plusieurs sites offrant cette possibilit\u00e9 de louer un sac de luxe via le net. Afin de vous pr\u00e9senter au mieux le fonctionnement, partons de l&rsquo;une de ces vitrines virtuelles pour avoir un aper\u00e7u un peu plus concret. Evidemment, nous ne nommerons pas le site en question&#8230; Comme la majorit\u00e9 des sites de vente en ligne, les sacs sont sagement agenc\u00e9s en tableau afin de consid\u00e9rer d&rsquo;un seul coup d&rsquo;oeil l&rsquo;\u00e9tendue de l&rsquo;offre&#8230; Class\u00e9s par couleur, marque ou style de bagage, l&rsquo;internaute a de quoi trouver son bonheur, lequel reste n\u00e9anmoins bien abstrait. En effet, on ne reviendra pas sur le fait qu&rsquo;il n&rsquo;y a rien de mieux qu&rsquo;un achat en magasin pour \u00e9valuer un produit.<\/p>\n<p align=\"justify\">Puis viennent les questions cruciales : le fonctionnement et le prix. Pour la location, il s&rsquo;agit de s\u00e9lectionner l&rsquo;objet de ses r\u00eaves -ou pas- et de valider. C&rsquo;est \u00e0 peu pr\u00e8s aussi simple que \u00e7a et pas forc\u00e9ment int\u00e9ressant \u00e0 d\u00e9velopper dans cet article. La livraison s&rsquo;effectue \u00e0 domicile ou en retrait dans la boutique parisienne. Evidemment, quand on n&rsquo;est pas parisienne, impossible de passer \u00e0 c\u00f4t\u00e9 des frais de port&#8230; L\u00e0 o\u00f9 \u00e7a devient plus &lsquo;amusant&rsquo;, c&rsquo;est le retour. Lorsqu&rsquo;il faut dire adieu au sac et le renvoyer \u00e0 la maison. Un emballage pr\u00eat \u00e0 contenir l&rsquo;objet pour le poster direction l&rsquo;entrep\u00f4t o\u00f9 il sera int\u00e9gralement nettoy\u00e9 pour \u00eatre remis en service. C\u00f4t\u00e9 prix, tout d\u00e9pend bien s\u00fbr de la dur\u00e9e de location. Des forfaits \u00e0 la semaine, au mois ou \u00e0 l&rsquo;ann\u00e9e. Cela d\u00e9pend aussi du sac en question, de son &lsquo;prestige&rsquo;, m\u00eame si le fait de louer rend les tarifs attractifs, du moins beaucoup moins on\u00e9reux que leur prix achet\u00e9 en magasin. Et comme on parle de luxe, je vous laisse imaginer les sommes astronomiques. Ce genre de service s&rsquo;adresse donc plut\u00f4t aux fashion-addicts au compte en banque malmen\u00e9 ou aux ind\u00e9cises qui aiment changer d&rsquo;accessoire comme de paire de chaussures. La mode a \u00e9videmment son grand avantage ici. Se renouvelant sans cesse, elle oblige ses adeptes \u00e0 avoir toujours les derni\u00e8res sorties, ce qui se r\u00e9v\u00e8le inabordable pour beaucoup. Et l\u00e0, on est cens\u00e9e dire merci \u00e0 la location de sacs \u00e0 main de luxe&#8230;<\/p>\n<p align=\"justify\"><strong>Pourquoi on \u00e9vite ?<\/strong><\/p>\n<p align=\"justify\">Si l&rsquo;id\u00e9e, \u00e0 l&rsquo;origine, peut sembler salvatrice pour les accros au shopping qui courent apr\u00e8s les sacs \u00e0 main dernier cri, elle est, \u00e0 terme, beaucoup moins attractive. Si on consid\u00e8re la location successive de plusieurs sacs, histoire d&rsquo;\u00eatre toujours \u00e0 la page, les prix atteignent vite celui de vente de l&rsquo;un d&rsquo;eux, ce qui se r\u00e9v\u00e8lerait nettement moins contraignant qu&rsquo;une location.<\/p>\n<p align=\"justify\">Le sac n&rsquo;\u00e9tant \u00e9galement pas la propri\u00e9t\u00e9 d\u00e9finitive de sa locataire, celle-ci est soumise \u00e0 une vigilance \u00e0 toute \u00e9preuve. Pas de t\u00e2che, pas de rayure, et encore moins de perte. Si la rigueur n&rsquo;est pas au rendez-vous, c&rsquo;est la caution qui vous mettra un r\u00e2teau lors de la restitution&#8230; De quoi dissuader celles qui auraient du mal \u00e0 se s\u00e9parer d&rsquo;un tel bien \u00e0 la fin du d\u00e9lai de location&#8230;<\/p>\n<p align=\"justify\">Evidemment, il n&rsquo;y a pas qu&rsquo;une seule personne avide d&rsquo;avoir entre ses mains le dernier sac de tel ou tel cr\u00e9ateur. Et qu&rsquo;est-ce que \u00e7a implique ? Une belle et longue liste d&rsquo;attente. Et oui, avant de recevoir, il faut patienter&#8230; A priori, \u00e7a rassure au moins sur le fait qu&rsquo;on a choisi le bon sac, celui qui a du succ\u00e8s et que tout le monde s&rsquo;arrache. C&rsquo;est d\u00e9j\u00e0 \u00e7a ?!<\/p>\n<p align=\"justify\">Enfin, comme nous l&rsquo;avons \u00e9voqu\u00e9 pr\u00e9c\u00e9demment, rien ne remplace le choix dans un vrai magasin, pour \u00e9viter une bien d\u00e9sagr\u00e9able surprise lors de la r\u00e9ception. Vu le prix qui reste sal\u00e9, ce serait dommage de se retrouver avec une horreur au bras, luxe ou pas. La mode a ses limites&#8230; qui ne sont pas toujours perceptibles derri\u00e8re une vitrine virtuelle&#8230;<\/p>\n<p align=\"justify\">Finalement, ce syst\u00e8me de location de luxe peut \u00eatre int\u00e9ressant pour une acheteuse potentielle, qui veut simplement tester un beau sac avant d&rsquo;investir \u00e0 100% dedans. Mais avouez que d\u00e9penser des milliers d&rsquo;euros pour un bagage -qu&rsquo;on le loue ou l&rsquo;ach\u00e8te-, qu&rsquo;on devra utiliser avec soin, de peur de l&rsquo;ab\u00eemer ou le perdre, c&rsquo;est surtout cher, inutile et superficiel&#8230;<\/p>\n","protected":false},"excerpt":{"rendered":"<p>L&rsquo;\u00e9t\u00e9 dernier, un dr\u00f4le de concept tout droit venu des Etats-Unis a d\u00e9barqu\u00e9 sur Internet. On pouvait d\u00e9j\u00e0 louer des voitures ou des robes de soir\u00e9e. Il est d\u00e9sormais possible de louer des sacs \u00e0 main haut de gamme&#8230; Si les \u00e9v\u00e8nements exceptionnels peuvent justifier les deux premiers, quelques r\u00e9flexions m&rsquo;ont dissuad\u00e9e de tester ce service bien futile.<\/p>\n","protected":false},"author":2,"featured_media":13410,"comment_status":"open","ping_status":"open","sticky":false,"template":"","format":"standard","meta":{"_jetpack_memberships_contains_paid_content":false,"footnotes":""},"categories":[25,27],"tags":[280,282,136,281],"coauthors":[],"class_list":["post-903","post","type-post","status-publish","format-standard","has-post-thumbnail","hentry","category-chroniques-feminines-humeurs","category-je-nai-pas-teste-pour-vous","tag-location","tag-luxe","tag-mode","tag-sac"],"yoast_head":"<!-- This site is optimized with the Yoast SEO plugin v27.2 - https:\/\/yoast.com\/product\/yoast-seo-wordpress\/ -->\n<title>La location de sacs de luxe - Save my brain<\/title>\n<meta name=\"robots\" content=\"index, follow, max-snippet:-1, max-image-preview:large, max-video-preview:-1\" \/>\n<link rel=\"canonical\" href=\"https:\/\/www.savemybrain.net\/v2\/2008\/05\/16\/la-location-de-sacs-de-luxe-0800903\/\" \/>\n<meta property=\"og:locale\" content=\"fr_FR\" \/>\n<meta property=\"og:type\" content=\"article\" \/>\n<meta property=\"og:title\" content=\"La location de sacs de luxe - Save my brain\" \/>\n<meta property=\"og:description\" content=\"L&rsquo;\u00e9t\u00e9 dernier, un dr\u00f4le de concept tout droit venu des Etats-Unis a d\u00e9barqu\u00e9 sur Internet. On pouvait d\u00e9j\u00e0 louer des voitures ou des robes de soir\u00e9e. Il est d\u00e9sormais possible de louer des sacs \u00e0 main haut de gamme&#8230; Si les \u00e9v\u00e8nements exceptionnels peuvent justifier les deux premiers, quelques r\u00e9flexions m&rsquo;ont dissuad\u00e9e de tester ce service bien futile.\" \/>\n<meta property=\"og:url\" content=\"https:\/\/www.savemybrain.net\/v2\/2008\/05\/16\/la-location-de-sacs-de-luxe-0800903\/\" \/>\n<meta property=\"og:site_name\" content=\"Save my brain\" \/>\n<meta property=\"article:published_time\" content=\"2008-05-16T07:00:38+00:00\" \/>\n<meta property=\"article:modified_time\" content=\"2011-10-16T17:29:36+00:00\" \/>\n<meta property=\"og:image\" content=\"https:\/\/www.savemybrain.net\/v2\/wp-content\/uploads\/2008\/05\/sac.jpg\" \/>\n\t<meta property=\"og:image:width\" content=\"400\" \/>\n\t<meta property=\"og:image:height\" content=\"638\" \/>\n\t<meta property=\"og:image:type\" content=\"image\/jpeg\" \/>\n<meta name=\"author\" content=\"Nelly Glassmann\" \/>\n<meta name=\"twitter:card\" content=\"summary_large_image\" \/>\n<meta name=\"twitter:label1\" content=\"\u00c9crit par\" \/>\n\t<meta name=\"twitter:data1\" content=\"Nelly Glassmann\" \/>\n\t<meta name=\"twitter:label2\" content=\"Dur\u00e9e de lecture estim\u00e9e\" \/>\n\t<meta name=\"twitter:data2\" content=\"4 minutes\" \/>\n\t<meta name=\"twitter:label3\" content=\"Written by\" \/>\n\t<meta name=\"twitter:data3\" content=\"Nelly Glassmann\" \/>\n<script type=\"application\/ld+json\" class=\"yoast-schema-graph\">{\"@context\":\"https:\/\/schema.org\",\"@graph\":[{\"@type\":\"Article\",\"@id\":\"https:\/\/www.savemybrain.net\/v2\/2008\/05\/16\/la-location-de-sacs-de-luxe-0800903\/#article\",\"isPartOf\":{\"@id\":\"https:\/\/www.savemybrain.net\/v2\/2008\/05\/16\/la-location-de-sacs-de-luxe-0800903\/\"},\"author\":{\"name\":\"Nelly Glassmann\",\"@id\":\"https:\/\/www.savemybrain.net\/v2\/#\/schema\/person\/b28d4c5c288c90b3556cd04ff103091a\"},\"headline\":\"La location de sacs de luxe\",\"datePublished\":\"2008-05-16T07:00:38+00:00\",\"dateModified\":\"2011-10-16T17:29:36+00:00\",\"mainEntityOfPage\":{\"@id\":\"https:\/\/www.savemybrain.net\/v2\/2008\/05\/16\/la-location-de-sacs-de-luxe-0800903\/\"},\"wordCount\":801,\"commentCount\":0,\"image\":{\"@id\":\"https:\/\/www.savemybrain.net\/v2\/2008\/05\/16\/la-location-de-sacs-de-luxe-0800903\/#primaryimage\"},\"thumbnailUrl\":\"https:\/\/www.savemybrain.net\/v2\/wp-content\/uploads\/2008\/05\/sac.jpg\",\"keywords\":[\"location\",\"luxe\",\"mode\",\"sac\"],\"articleSection\":[\"Humeurs\",\"Je n'ai pas test\u00e9 pour vous\"],\"inLanguage\":\"fr-FR\",\"potentialAction\":[{\"@type\":\"CommentAction\",\"name\":\"Comment\",\"target\":[\"https:\/\/www.savemybrain.net\/v2\/2008\/05\/16\/la-location-de-sacs-de-luxe-0800903\/#respond\"]}]},{\"@type\":\"WebPage\",\"@id\":\"https:\/\/www.savemybrain.net\/v2\/2008\/05\/16\/la-location-de-sacs-de-luxe-0800903\/\",\"url\":\"https:\/\/www.savemybrain.net\/v2\/2008\/05\/16\/la-location-de-sacs-de-luxe-0800903\/\",\"name\":\"La location de sacs de luxe - Save my brain\",\"isPartOf\":{\"@id\":\"https:\/\/www.savemybrain.net\/v2\/#website\"},\"primaryImageOfPage\":{\"@id\":\"https:\/\/www.savemybrain.net\/v2\/2008\/05\/16\/la-location-de-sacs-de-luxe-0800903\/#primaryimage\"},\"image\":{\"@id\":\"https:\/\/www.savemybrain.net\/v2\/2008\/05\/16\/la-location-de-sacs-de-luxe-0800903\/#primaryimage\"},\"thumbnailUrl\":\"https:\/\/www.savemybrain.net\/v2\/wp-content\/uploads\/2008\/05\/sac.jpg\",\"datePublished\":\"2008-05-16T07:00:38+00:00\",\"dateModified\":\"2011-10-16T17:29:36+00:00\",\"author\":{\"@id\":\"https:\/\/www.savemybrain.net\/v2\/#\/schema\/person\/b28d4c5c288c90b3556cd04ff103091a\"},\"inLanguage\":\"fr-FR\",\"potentialAction\":[{\"@type\":\"ReadAction\",\"target\":[\"https:\/\/www.savemybrain.net\/v2\/2008\/05\/16\/la-location-de-sacs-de-luxe-0800903\/\"]}]},{\"@type\":\"ImageObject\",\"inLanguage\":\"fr-FR\",\"@id\":\"https:\/\/www.savemybrain.net\/v2\/2008\/05\/16\/la-location-de-sacs-de-luxe-0800903\/#primaryimage\",\"url\":\"https:\/\/www.savemybrain.net\/v2\/wp-content\/uploads\/2008\/05\/sac.jpg\",\"contentUrl\":\"https:\/\/www.savemybrain.net\/v2\/wp-content\/uploads\/2008\/05\/sac.jpg\",\"width\":400,\"height\":638},{\"@type\":\"WebSite\",\"@id\":\"https:\/\/www.savemybrain.net\/v2\/#website\",\"url\":\"https:\/\/www.savemybrain.net\/v2\/\",\"name\":\"Save my brain\",\"description\":\"Magazine lifestyle et culturel (depuis 2007)\",\"potentialAction\":[{\"@type\":\"SearchAction\",\"target\":{\"@type\":\"EntryPoint\",\"urlTemplate\":\"https:\/\/www.savemybrain.net\/v2\/?s={search_term_string}\"},\"query-input\":{\"@type\":\"PropertyValueSpecification\",\"valueRequired\":true,\"valueName\":\"search_term_string\"}}],\"inLanguage\":\"fr-FR\"},{\"@type\":\"Person\",\"@id\":\"https:\/\/www.savemybrain.net\/v2\/#\/schema\/person\/b28d4c5c288c90b3556cd04ff103091a\",\"name\":\"Nelly Glassmann\",\"description\":\"Sainte r\u00e9dac chef de Save My Brain depuis 2007.\",\"sameAs\":[\"http:\/\/nellyglassmann.fr\/\"],\"url\":\"https:\/\/www.savemybrain.net\/v2\/author\/nelly\/\"}]}<\/script>\n<!-- \/ Yoast SEO plugin. -->","yoast_head_json":{"title":"La location de sacs de luxe - Save my brain","robots":{"index":"index","follow":"follow","max-snippet":"max-snippet:-1","max-image-preview":"max-image-preview:large","max-video-preview":"max-video-preview:-1"},"canonical":"https:\/\/www.savemybrain.net\/v2\/2008\/05\/16\/la-location-de-sacs-de-luxe-0800903\/","og_locale":"fr_FR","og_type":"article","og_title":"La location de sacs de luxe - Save my brain","og_description":"L&rsquo;\u00e9t\u00e9 dernier, un dr\u00f4le de concept tout droit venu des Etats-Unis a d\u00e9barqu\u00e9 sur Internet. On pouvait d\u00e9j\u00e0 louer des voitures ou des robes de soir\u00e9e. Il est d\u00e9sormais possible de louer des sacs \u00e0 main haut de gamme&#8230; Si les \u00e9v\u00e8nements exceptionnels peuvent justifier les deux premiers, quelques r\u00e9flexions m&rsquo;ont dissuad\u00e9e de tester ce service bien futile.","og_url":"https:\/\/www.savemybrain.net\/v2\/2008\/05\/16\/la-location-de-sacs-de-luxe-0800903\/","og_site_name":"Save my brain","article_published_time":"2008-05-16T07:00:38+00:00","article_modified_time":"2011-10-16T17:29:36+00:00","og_image":[{"width":400,"height":638,"url":"https:\/\/www.savemybrain.net\/v2\/wp-content\/uploads\/2008\/05\/sac.jpg","type":"image\/jpeg"}],"author":"Nelly Glassmann","twitter_card":"summary_large_image","twitter_misc":{"\u00c9crit par":"Nelly Glassmann","Dur\u00e9e de lecture estim\u00e9e":"4 minutes","Written by":"Nelly Glassmann"},"schema":{"@context":"https:\/\/schema.org","@graph":[{"@type":"Article","@id":"https:\/\/www.savemybrain.net\/v2\/2008\/05\/16\/la-location-de-sacs-de-luxe-0800903\/#article","isPartOf":{"@id":"https:\/\/www.savemybrain.net\/v2\/2008\/05\/16\/la-location-de-sacs-de-luxe-0800903\/"},"author":{"name":"Nelly Glassmann","@id":"https:\/\/www.savemybrain.net\/v2\/#\/schema\/person\/b28d4c5c288c90b3556cd04ff103091a"},"headline":"La location de sacs de luxe","datePublished":"2008-05-16T07:00:38+00:00","dateModified":"2011-10-16T17:29:36+00:00","mainEntityOfPage":{"@id":"https:\/\/www.savemybrain.net\/v2\/2008\/05\/16\/la-location-de-sacs-de-luxe-0800903\/"},"wordCount":801,"commentCount":0,"image":{"@id":"https:\/\/www.savemybrain.net\/v2\/2008\/05\/16\/la-location-de-sacs-de-luxe-0800903\/#primaryimage"},"thumbnailUrl":"https:\/\/www.savemybrain.net\/v2\/wp-content\/uploads\/2008\/05\/sac.jpg","keywords":["location","luxe","mode","sac"],"articleSection":["Humeurs","Je n'ai pas test\u00e9 pour vous"],"inLanguage":"fr-FR","potentialAction":[{"@type":"CommentAction","name":"Comment","target":["https:\/\/www.savemybrain.net\/v2\/2008\/05\/16\/la-location-de-sacs-de-luxe-0800903\/#respond"]}]},{"@type":"WebPage","@id":"https:\/\/www.savemybrain.net\/v2\/2008\/05\/16\/la-location-de-sacs-de-luxe-0800903\/","url":"https:\/\/www.savemybrain.net\/v2\/2008\/05\/16\/la-location-de-sacs-de-luxe-0800903\/","name":"La location de sacs de luxe - Save my brain","isPartOf":{"@id":"https:\/\/www.savemybrain.net\/v2\/#website"},"primaryImageOfPage":{"@id":"https:\/\/www.savemybrain.net\/v2\/2008\/05\/16\/la-location-de-sacs-de-luxe-0800903\/#primaryimage"},"image":{"@id":"https:\/\/www.savemybrain.net\/v2\/2008\/05\/16\/la-location-de-sacs-de-luxe-0800903\/#primaryimage"},"thumbnailUrl":"https:\/\/www.savemybrain.net\/v2\/wp-content\/uploads\/2008\/05\/sac.jpg","datePublished":"2008-05-16T07:00:38+00:00","dateModified":"2011-10-16T17:29:36+00:00","author":{"@id":"https:\/\/www.savemybrain.net\/v2\/#\/schema\/person\/b28d4c5c288c90b3556cd04ff103091a"},"inLanguage":"fr-FR","potentialAction":[{"@type":"ReadAction","target":["https:\/\/www.savemybrain.net\/v2\/2008\/05\/16\/la-location-de-sacs-de-luxe-0800903\/"]}]},{"@type":"ImageObject","inLanguage":"fr-FR","@id":"https:\/\/www.savemybrain.net\/v2\/2008\/05\/16\/la-location-de-sacs-de-luxe-0800903\/#primaryimage","url":"https:\/\/www.savemybrain.net\/v2\/wp-content\/uploads\/2008\/05\/sac.jpg","contentUrl":"https:\/\/www.savemybrain.net\/v2\/wp-content\/uploads\/2008\/05\/sac.jpg","width":400,"height":638},{"@type":"WebSite","@id":"https:\/\/www.savemybrain.net\/v2\/#website","url":"https:\/\/www.savemybrain.net\/v2\/","name":"Save my brain","description":"Magazine lifestyle et culturel (depuis 2007)","potentialAction":[{"@type":"SearchAction","target":{"@type":"EntryPoint","urlTemplate":"https:\/\/www.savemybrain.net\/v2\/?s={search_term_string}"},"query-input":{"@type":"PropertyValueSpecification","valueRequired":true,"valueName":"search_term_string"}}],"inLanguage":"fr-FR"},{"@type":"Person","@id":"https:\/\/www.savemybrain.net\/v2\/#\/schema\/person\/b28d4c5c288c90b3556cd04ff103091a","name":"Nelly Glassmann","description":"Sainte r\u00e9dac chef de Save My Brain depuis 2007.","sameAs":["http:\/\/nellyglassmann.fr\/"],"url":"https:\/\/www.savemybrain.net\/v2\/author\/nelly\/"}]}},"jetpack_featured_media_url":"https:\/\/www.savemybrain.net\/v2\/wp-content\/uploads\/2008\/05\/sac.jpg","jetpack_sharing_enabled":true,"_links":{"self":[{"href":"https:\/\/www.savemybrain.net\/v2\/wp-json\/wp\/v2\/posts\/903","targetHints":{"allow":["GET"]}}],"collection":[{"href":"https:\/\/www.savemybrain.net\/v2\/wp-json\/wp\/v2\/posts"}],"about":[{"href":"https:\/\/www.savemybrain.net\/v2\/wp-json\/wp\/v2\/types\/post"}],"author":[{"embeddable":true,"href":"https:\/\/www.savemybrain.net\/v2\/wp-json\/wp\/v2\/users\/2"}],"replies":[{"embeddable":true,"href":"https:\/\/www.savemybrain.net\/v2\/wp-json\/wp\/v2\/comments?post=903"}],"version-history":[{"count":0,"href":"https:\/\/www.savemybrain.net\/v2\/wp-json\/wp\/v2\/posts\/903\/revisions"}],"wp:featuredmedia":[{"embeddable":true,"href":"https:\/\/www.savemybrain.net\/v2\/wp-json\/wp\/v2\/media\/13410"}],"wp:attachment":[{"href":"https:\/\/www.savemybrain.net\/v2\/wp-json\/wp\/v2\/media?parent=903"}],"wp:term":[{"taxonomy":"category","embeddable":true,"href":"https:\/\/www.savemybrain.net\/v2\/wp-json\/wp\/v2\/categories?post=903"},{"taxonomy":"post_tag","embeddable":true,"href":"https:\/\/www.savemybrain.net\/v2\/wp-json\/wp\/v2\/tags?post=903"},{"taxonomy":"author","embeddable":true,"href":"https:\/\/www.savemybrain.net\/v2\/wp-json\/wp\/v2\/coauthors?post=903"}],"curies":[{"name":"wp","href":"https:\/\/api.w.org\/{rel}","templated":true}]}}