{"id":7793,"date":"2010-05-01T08:00:16","date_gmt":"2010-05-01T06:00:16","guid":{"rendered":"http:\/\/savemybrain.net\/v2\/?p=7793"},"modified":"2011-10-25T14:26:41","modified_gmt":"2011-10-25T12:26:41","slug":"charlie-sur-scene","status":"publish","type":"post","link":"https:\/\/www.savemybrain.net\/v2\/2010\/05\/01\/charlie-sur-scene-08007793\/","title":{"rendered":"Charlie sur sc\u00e8ne"},"content":{"rendered":"<p style=\"text-align: justify;\">Nous vous avons d\u00e9j\u00e0 parl\u00e9 \u00e0 plusieurs reprises de <a href=\"http:\/\/savemybrain.net\/v2\/2009\/05\/11\/charlie-2\/\" target=\"_blank\">Charlie<\/a>. Il \u00e9tait plus que temps que nous allions la voir en concert. Ca se passait \u00e0 la Maroquinerie, cette petite salle bien agr\u00e9able avec sa cour au rez-de-jardin, dans un quartier qui respire encore le Paris d\u2019antan.<!--more--><\/p>\n<p><img loading=\"lazy\" decoding=\"async\" class=\"aligncenter size-full wp-image-7794\" title=\"Charlie en concert\" src=\"http:\/\/savemybrain.net\/v2\/wp-content\/uploads\/2010\/04\/Charlie-en-concert.jpg\" alt=\"\" width=\"500\" height=\"375\" \/><\/p>\n<p style=\"text-align: justify;\">\u00ab\u00a0C\u2019\u00e9tait juste une ombre, juste une silhouette\u00a0\u00bb\u2026 Voil\u00e0 ce que tout le monde conna\u00eet de Charlie. Un tube en duo avec Mauss qui a couru sur toutes les ondes il y a un peu plus d\u2019un an. Charlie n\u2019a pas que ce titre \u00e0 d\u00e9fendre sur sc\u00e8ne. Des textes joliment cisel\u00e9s, des m\u00e9lodies douces (notamment celle de \u00ab\u00a0Menteur\u00a0\u00bb qui vous berce avec bonheur), La demoiselle a un style rappelant tant\u00f4t Olivia Ruiz, tant\u00f4t Zazie.<\/p>\n<p><img loading=\"lazy\" decoding=\"async\" class=\"aligncenter size-full wp-image-7795\" title=\"Charlie en concert (2)\" src=\"http:\/\/savemybrain.net\/v2\/wp-content\/uploads\/2010\/04\/Charlie-en-concert-2.jpg\" alt=\"\" width=\"500\" height=\"666\" srcset=\"https:\/\/www.savemybrain.net\/v2\/wp-content\/uploads\/2010\/04\/Charlie-en-concert-2.jpg 500w, https:\/\/www.savemybrain.net\/v2\/wp-content\/uploads\/2010\/04\/Charlie-en-concert-2-375x500.jpg 375w\" sizes=\"auto, (max-width: 500px) 100vw, 500px\" \/><\/p>\n<p style=\"text-align: justify;\">Sur sc\u00e8ne, tout cela trouve sa place sans probl\u00e8me, men\u00e9e par une chanteuse au dynamisme communicatif. Son \u00e9ternelle fleur dans les cheveux et un sourire aux l\u00e8vres, Charlie encha\u00eene les titres avec l\u00e9g\u00e8ret\u00e9, instaurant une belle proximit\u00e9 avec son public. On a vu des shows plus spectaculaires mais on ressort de la salle l\u2019esprit l\u00e9ger, en gardant dans un petit coin de sa t\u00eate ce morceau de fantaisie interpr\u00e9t\u00e9 au sampler, relique d\u2019une s\u00e9ance de r\u00e9p\u00e9tition qui s\u2019est finie en impro. Ou encore cet instrumental qui s\u2019allonge, mis en bonne humeur par un instrument nasillard r\u00e9alis\u00e9 \u00e0 l\u2019aide d\u2019un gobelet en plastique. Un petit bonheur\u2026<\/p>\n<p>Le <a href=\"http:\/\/www.myspace.com\/charliemusique\" target=\"_blank\">myspace de Charlie<\/a><\/p>\n","protected":false},"excerpt":{"rendered":"<p>Nous vous avons d\u00e9j\u00e0 parl\u00e9 \u00e0 plusieurs reprises de Charlie. Il \u00e9tait plus que temps que nous allions la voir en concert. Ca se passait \u00e0 la Maroquinerie, cette petite salle bien agr\u00e9able avec sa cour au rez-de-jardin, dans un quartier qui respire encore le Paris d\u2019antan.<\/p>\n","protected":false},"author":6,"featured_media":7794,"comment_status":"open","ping_status":"closed","sticky":false,"template":"","format":"standard","meta":{"_jetpack_memberships_contains_paid_content":false,"footnotes":""},"categories":[3],"tags":[237,83],"coauthors":[],"class_list":["post-7793","post","type-post","status-publish","format-standard","has-post-thumbnail","hentry","category-a-la-une","tag-charlie","tag-concert"],"yoast_head":"<!-- This site is optimized with the Yoast SEO plugin v27.2 - https:\/\/yoast.com\/product\/yoast-seo-wordpress\/ -->\n<title>Charlie sur sc\u00e8ne - Save my brain<\/title>\n<meta name=\"robots\" content=\"index, follow, max-snippet:-1, max-image-preview:large, max-video-preview:-1\" \/>\n<link rel=\"canonical\" href=\"https:\/\/www.savemybrain.net\/v2\/2010\/05\/01\/charlie-sur-scene-08007793\/\" \/>\n<meta property=\"og:locale\" content=\"fr_FR\" \/>\n<meta property=\"og:type\" content=\"article\" \/>\n<meta property=\"og:title\" content=\"Charlie sur sc\u00e8ne - Save my brain\" \/>\n<meta property=\"og:description\" content=\"Nous vous avons d\u00e9j\u00e0 parl\u00e9 \u00e0 plusieurs reprises de Charlie. Il \u00e9tait plus que temps que nous allions la voir en concert. Ca se passait \u00e0 la Maroquinerie, cette petite salle bien agr\u00e9able avec sa cour au rez-de-jardin, dans un quartier qui respire encore le Paris d\u2019antan.\" \/>\n<meta property=\"og:url\" content=\"https:\/\/www.savemybrain.net\/v2\/2010\/05\/01\/charlie-sur-scene-08007793\/\" \/>\n<meta property=\"og:site_name\" content=\"Save my brain\" \/>\n<meta property=\"article:published_time\" content=\"2010-05-01T06:00:16+00:00\" \/>\n<meta property=\"article:modified_time\" content=\"2011-10-25T12:26:41+00:00\" \/>\n<meta property=\"og:image\" content=\"https:\/\/www.savemybrain.net\/v2\/wp-content\/uploads\/2010\/04\/Charlie-en-concert.jpg\" \/>\n\t<meta property=\"og:image:width\" content=\"500\" \/>\n\t<meta property=\"og:image:height\" content=\"375\" \/>\n\t<meta property=\"og:image:type\" content=\"image\/jpeg\" \/>\n<meta name=\"author\" content=\"Nicolas Meunier\" \/>\n<meta name=\"twitter:card\" content=\"summary_large_image\" \/>\n<meta name=\"twitter:label1\" content=\"\u00c9crit par\" \/>\n\t<meta name=\"twitter:data1\" content=\"Nicolas Meunier\" \/>\n\t<meta name=\"twitter:label2\" content=\"Dur\u00e9e de lecture estim\u00e9e\" \/>\n\t<meta name=\"twitter:data2\" content=\"1 minute\" \/>\n\t<meta name=\"twitter:label3\" content=\"Written by\" \/>\n\t<meta name=\"twitter:data3\" content=\"Nicolas Meunier\" \/>\n<script type=\"application\/ld+json\" class=\"yoast-schema-graph\">{\"@context\":\"https:\/\/schema.org\",\"@graph\":[{\"@type\":\"Article\",\"@id\":\"https:\/\/www.savemybrain.net\/v2\/2010\/05\/01\/charlie-sur-scene-08007793\/#article\",\"isPartOf\":{\"@id\":\"https:\/\/www.savemybrain.net\/v2\/2010\/05\/01\/charlie-sur-scene-08007793\/\"},\"author\":{\"name\":\"Nicolas Meunier\",\"@id\":\"https:\/\/www.savemybrain.net\/v2\/#\/schema\/person\/adca4eceb0e4cf34ed857f24f64af640\"},\"headline\":\"Charlie sur sc\u00e8ne\",\"datePublished\":\"2010-05-01T06:00:16+00:00\",\"dateModified\":\"2011-10-25T12:26:41+00:00\",\"mainEntityOfPage\":{\"@id\":\"https:\/\/www.savemybrain.net\/v2\/2010\/05\/01\/charlie-sur-scene-08007793\/\"},\"wordCount\":263,\"commentCount\":0,\"image\":{\"@id\":\"https:\/\/www.savemybrain.net\/v2\/2010\/05\/01\/charlie-sur-scene-08007793\/#primaryimage\"},\"thumbnailUrl\":\"https:\/\/www.savemybrain.net\/v2\/wp-content\/uploads\/2010\/04\/Charlie-en-concert.jpg\",\"keywords\":[\"Charlie\",\"concert\"],\"articleSection\":[\"A la Une\"],\"inLanguage\":\"fr-FR\",\"potentialAction\":[{\"@type\":\"CommentAction\",\"name\":\"Comment\",\"target\":[\"https:\/\/www.savemybrain.net\/v2\/2010\/05\/01\/charlie-sur-scene-08007793\/#respond\"]}]},{\"@type\":\"WebPage\",\"@id\":\"https:\/\/www.savemybrain.net\/v2\/2010\/05\/01\/charlie-sur-scene-08007793\/\",\"url\":\"https:\/\/www.savemybrain.net\/v2\/2010\/05\/01\/charlie-sur-scene-08007793\/\",\"name\":\"Charlie sur sc\u00e8ne - Save my brain\",\"isPartOf\":{\"@id\":\"https:\/\/www.savemybrain.net\/v2\/#website\"},\"primaryImageOfPage\":{\"@id\":\"https:\/\/www.savemybrain.net\/v2\/2010\/05\/01\/charlie-sur-scene-08007793\/#primaryimage\"},\"image\":{\"@id\":\"https:\/\/www.savemybrain.net\/v2\/2010\/05\/01\/charlie-sur-scene-08007793\/#primaryimage\"},\"thumbnailUrl\":\"https:\/\/www.savemybrain.net\/v2\/wp-content\/uploads\/2010\/04\/Charlie-en-concert.jpg\",\"datePublished\":\"2010-05-01T06:00:16+00:00\",\"dateModified\":\"2011-10-25T12:26:41+00:00\",\"author\":{\"@id\":\"https:\/\/www.savemybrain.net\/v2\/#\/schema\/person\/adca4eceb0e4cf34ed857f24f64af640\"},\"inLanguage\":\"fr-FR\",\"potentialAction\":[{\"@type\":\"ReadAction\",\"target\":[\"https:\/\/www.savemybrain.net\/v2\/2010\/05\/01\/charlie-sur-scene-08007793\/\"]}]},{\"@type\":\"ImageObject\",\"inLanguage\":\"fr-FR\",\"@id\":\"https:\/\/www.savemybrain.net\/v2\/2010\/05\/01\/charlie-sur-scene-08007793\/#primaryimage\",\"url\":\"https:\/\/www.savemybrain.net\/v2\/wp-content\/uploads\/2010\/04\/Charlie-en-concert.jpg\",\"contentUrl\":\"https:\/\/www.savemybrain.net\/v2\/wp-content\/uploads\/2010\/04\/Charlie-en-concert.jpg\",\"width\":500,\"height\":375},{\"@type\":\"WebSite\",\"@id\":\"https:\/\/www.savemybrain.net\/v2\/#website\",\"url\":\"https:\/\/www.savemybrain.net\/v2\/\",\"name\":\"Save my brain\",\"description\":\"Magazine lifestyle et culturel (depuis 2007)\",\"potentialAction\":[{\"@type\":\"SearchAction\",\"target\":{\"@type\":\"EntryPoint\",\"urlTemplate\":\"https:\/\/www.savemybrain.net\/v2\/?s={search_term_string}\"},\"query-input\":{\"@type\":\"PropertyValueSpecification\",\"valueRequired\":true,\"valueName\":\"search_term_string\"}}],\"inLanguage\":\"fr-FR\"},{\"@type\":\"Person\",\"@id\":\"https:\/\/www.savemybrain.net\/v2\/#\/schema\/person\/adca4eceb0e4cf34ed857f24f64af640\",\"name\":\"Nicolas Meunier\",\"sameAs\":[\"http:\/\/www.leblogauto.com\/author\/nicolas-meunier\/\"],\"url\":\"https:\/\/www.savemybrain.net\/v2\/author\/nicolasmeunier\/\"}]}<\/script>\n<!-- \/ Yoast SEO plugin. -->","yoast_head_json":{"title":"Charlie sur sc\u00e8ne - Save my brain","robots":{"index":"index","follow":"follow","max-snippet":"max-snippet:-1","max-image-preview":"max-image-preview:large","max-video-preview":"max-video-preview:-1"},"canonical":"https:\/\/www.savemybrain.net\/v2\/2010\/05\/01\/charlie-sur-scene-08007793\/","og_locale":"fr_FR","og_type":"article","og_title":"Charlie sur sc\u00e8ne - Save my brain","og_description":"Nous vous avons d\u00e9j\u00e0 parl\u00e9 \u00e0 plusieurs reprises de Charlie. Il \u00e9tait plus que temps que nous allions la voir en concert. Ca se passait \u00e0 la Maroquinerie, cette petite salle bien agr\u00e9able avec sa cour au rez-de-jardin, dans un quartier qui respire encore le Paris d\u2019antan.","og_url":"https:\/\/www.savemybrain.net\/v2\/2010\/05\/01\/charlie-sur-scene-08007793\/","og_site_name":"Save my brain","article_published_time":"2010-05-01T06:00:16+00:00","article_modified_time":"2011-10-25T12:26:41+00:00","og_image":[{"width":500,"height":375,"url":"https:\/\/www.savemybrain.net\/v2\/wp-content\/uploads\/2010\/04\/Charlie-en-concert.jpg","type":"image\/jpeg"}],"author":"Nicolas Meunier","twitter_card":"summary_large_image","twitter_misc":{"\u00c9crit par":"Nicolas Meunier","Dur\u00e9e de lecture estim\u00e9e":"1 minute","Written by":"Nicolas Meunier"},"schema":{"@context":"https:\/\/schema.org","@graph":[{"@type":"Article","@id":"https:\/\/www.savemybrain.net\/v2\/2010\/05\/01\/charlie-sur-scene-08007793\/#article","isPartOf":{"@id":"https:\/\/www.savemybrain.net\/v2\/2010\/05\/01\/charlie-sur-scene-08007793\/"},"author":{"name":"Nicolas Meunier","@id":"https:\/\/www.savemybrain.net\/v2\/#\/schema\/person\/adca4eceb0e4cf34ed857f24f64af640"},"headline":"Charlie sur sc\u00e8ne","datePublished":"2010-05-01T06:00:16+00:00","dateModified":"2011-10-25T12:26:41+00:00","mainEntityOfPage":{"@id":"https:\/\/www.savemybrain.net\/v2\/2010\/05\/01\/charlie-sur-scene-08007793\/"},"wordCount":263,"commentCount":0,"image":{"@id":"https:\/\/www.savemybrain.net\/v2\/2010\/05\/01\/charlie-sur-scene-08007793\/#primaryimage"},"thumbnailUrl":"https:\/\/www.savemybrain.net\/v2\/wp-content\/uploads\/2010\/04\/Charlie-en-concert.jpg","keywords":["Charlie","concert"],"articleSection":["A la Une"],"inLanguage":"fr-FR","potentialAction":[{"@type":"CommentAction","name":"Comment","target":["https:\/\/www.savemybrain.net\/v2\/2010\/05\/01\/charlie-sur-scene-08007793\/#respond"]}]},{"@type":"WebPage","@id":"https:\/\/www.savemybrain.net\/v2\/2010\/05\/01\/charlie-sur-scene-08007793\/","url":"https:\/\/www.savemybrain.net\/v2\/2010\/05\/01\/charlie-sur-scene-08007793\/","name":"Charlie sur sc\u00e8ne - Save my brain","isPartOf":{"@id":"https:\/\/www.savemybrain.net\/v2\/#website"},"primaryImageOfPage":{"@id":"https:\/\/www.savemybrain.net\/v2\/2010\/05\/01\/charlie-sur-scene-08007793\/#primaryimage"},"image":{"@id":"https:\/\/www.savemybrain.net\/v2\/2010\/05\/01\/charlie-sur-scene-08007793\/#primaryimage"},"thumbnailUrl":"https:\/\/www.savemybrain.net\/v2\/wp-content\/uploads\/2010\/04\/Charlie-en-concert.jpg","datePublished":"2010-05-01T06:00:16+00:00","dateModified":"2011-10-25T12:26:41+00:00","author":{"@id":"https:\/\/www.savemybrain.net\/v2\/#\/schema\/person\/adca4eceb0e4cf34ed857f24f64af640"},"inLanguage":"fr-FR","potentialAction":[{"@type":"ReadAction","target":["https:\/\/www.savemybrain.net\/v2\/2010\/05\/01\/charlie-sur-scene-08007793\/"]}]},{"@type":"ImageObject","inLanguage":"fr-FR","@id":"https:\/\/www.savemybrain.net\/v2\/2010\/05\/01\/charlie-sur-scene-08007793\/#primaryimage","url":"https:\/\/www.savemybrain.net\/v2\/wp-content\/uploads\/2010\/04\/Charlie-en-concert.jpg","contentUrl":"https:\/\/www.savemybrain.net\/v2\/wp-content\/uploads\/2010\/04\/Charlie-en-concert.jpg","width":500,"height":375},{"@type":"WebSite","@id":"https:\/\/www.savemybrain.net\/v2\/#website","url":"https:\/\/www.savemybrain.net\/v2\/","name":"Save my brain","description":"Magazine lifestyle et culturel (depuis 2007)","potentialAction":[{"@type":"SearchAction","target":{"@type":"EntryPoint","urlTemplate":"https:\/\/www.savemybrain.net\/v2\/?s={search_term_string}"},"query-input":{"@type":"PropertyValueSpecification","valueRequired":true,"valueName":"search_term_string"}}],"inLanguage":"fr-FR"},{"@type":"Person","@id":"https:\/\/www.savemybrain.net\/v2\/#\/schema\/person\/adca4eceb0e4cf34ed857f24f64af640","name":"Nicolas Meunier","sameAs":["http:\/\/www.leblogauto.com\/author\/nicolas-meunier\/"],"url":"https:\/\/www.savemybrain.net\/v2\/author\/nicolasmeunier\/"}]}},"jetpack_featured_media_url":"https:\/\/www.savemybrain.net\/v2\/wp-content\/uploads\/2010\/04\/Charlie-en-concert.jpg","jetpack_sharing_enabled":true,"_links":{"self":[{"href":"https:\/\/www.savemybrain.net\/v2\/wp-json\/wp\/v2\/posts\/7793","targetHints":{"allow":["GET"]}}],"collection":[{"href":"https:\/\/www.savemybrain.net\/v2\/wp-json\/wp\/v2\/posts"}],"about":[{"href":"https:\/\/www.savemybrain.net\/v2\/wp-json\/wp\/v2\/types\/post"}],"author":[{"embeddable":true,"href":"https:\/\/www.savemybrain.net\/v2\/wp-json\/wp\/v2\/users\/6"}],"replies":[{"embeddable":true,"href":"https:\/\/www.savemybrain.net\/v2\/wp-json\/wp\/v2\/comments?post=7793"}],"version-history":[{"count":0,"href":"https:\/\/www.savemybrain.net\/v2\/wp-json\/wp\/v2\/posts\/7793\/revisions"}],"wp:featuredmedia":[{"embeddable":true,"href":"https:\/\/www.savemybrain.net\/v2\/wp-json\/wp\/v2\/media\/7794"}],"wp:attachment":[{"href":"https:\/\/www.savemybrain.net\/v2\/wp-json\/wp\/v2\/media?parent=7793"}],"wp:term":[{"taxonomy":"category","embeddable":true,"href":"https:\/\/www.savemybrain.net\/v2\/wp-json\/wp\/v2\/categories?post=7793"},{"taxonomy":"post_tag","embeddable":true,"href":"https:\/\/www.savemybrain.net\/v2\/wp-json\/wp\/v2\/tags?post=7793"},{"taxonomy":"author","embeddable":true,"href":"https:\/\/www.savemybrain.net\/v2\/wp-json\/wp\/v2\/coauthors?post=7793"}],"curies":[{"name":"wp","href":"https:\/\/api.w.org\/{rel}","templated":true}]}}