{"id":6798,"date":"2010-02-21T08:00:30","date_gmt":"2010-02-21T07:00:30","guid":{"rendered":"http:\/\/savemybrain.net\/v2\/?p=6798"},"modified":"2011-10-21T11:07:28","modified_gmt":"2011-10-21T09:07:28","slug":"la-vierge-froide-et-autres-racontars-en-bd","status":"publish","type":"post","link":"https:\/\/www.savemybrain.net\/v2\/2010\/02\/21\/la-vierge-froide-et-autres-racontars-en-bd-08006798\/","title":{"rendered":"La Vierge froide et autres racontars, en BD"},"content":{"rendered":"<p align=\"justify\">Nous vous avions d\u00e9j\u00e0 pr\u00e9sent\u00e9 <a href=\"http:\/\/savemybrain.net\/v2\/2008\/01\/16\/les-racontars-arctiques-de-jorn-riel\/\" target=\"_blank\">les racontars arctiques de Jorn Riel<\/a>, o\u00f9 la finesse de l\u2019\u00e9criture et le cocasse des situations vous font voyager bien loin. La nouveaut\u00e9, c\u2019est que les racontars existent maintenant en BD.<\/p>\n<p><!--more--><\/p>\n<p align=\"justify\">Gwen de Bonneval et Herv\u00e9 Tanquerelle se sont donc attach\u00e9s \u00e0 passer la vierge froide et autres racontars en cases. Tout d\u2019abord, cette BD parue aux \u00e9ditions Sarbacane est bien \u00e9paisse (168pages). Quant aux dessins, imprim\u00e9s en noir et bleu, ils refl\u00e8tent \u00e0 merveille les paysages Groenlandais.<\/p>\n<p align=\"center\"><a href=\"http:\/\/savemybrain.net\/v2\/wp-content\/uploads\/2010\/02\/la-vierge-froide.jpg\"><img loading=\"lazy\" decoding=\"async\" class=\"aligncenter size-full wp-image-6799\" title=\"la-vierge-froide\" src=\"http:\/\/savemybrain.net\/v2\/wp-content\/uploads\/2010\/02\/la-vierge-froide.jpg\" alt=\"\" width=\"400\" height=\"513\" srcset=\"https:\/\/www.savemybrain.net\/v2\/wp-content\/uploads\/2010\/02\/la-vierge-froide.jpg 400w, https:\/\/www.savemybrain.net\/v2\/wp-content\/uploads\/2010\/02\/la-vierge-froide-390x500.jpg 390w\" sizes=\"auto, (max-width: 400px) 100vw, 400px\" \/><\/a><\/p>\n<p align=\"justify\">Mais les racontars sont avant tout des histoires d\u2019hommes. Transformer en dessin l\u2019ambiance extraordinaire des r\u00e9cits de Jorn Riel relevait de la gageure, mais les auteurs s\u2019en sont tr\u00e8s bien tir\u00e9s. Les personnages collent \u00e0 leur environnement et leurs mimiques appuient le texte de leur r\u00e9cit de mani\u00e8re pittoresque. Le dessin traduit l\u2019ambiance \u00e0 la perfection. Alors certes, la lecture de cette BD n\u2019apporte pas le travail d\u2019imagination g\u00e9nial de la lecture du bouquin et les textes y semblent un peu moins bavards, comme \u00e9dulcor\u00e9s. Il n\u2019en reste pas moins que cet album nous permet de nous replonger avec d\u00e9lices dans des histoires merveilleuses. Et puis c\u2019est un th\u00e8me bien peu r\u00e9pandu dans la BD\u00a0!<\/p>\n","protected":false},"excerpt":{"rendered":"<p>Nous vous avions d\u00e9j\u00e0 pr\u00e9sent\u00e9 les racontars arctiques de Jorn Riel, o\u00f9 la finesse de l\u2019\u00e9criture et le cocasse des situations vous font voyager bien loin. La nouveaut\u00e9, c\u2019est que les racontars existent maintenant en BD.<\/p>\n","protected":false},"author":6,"featured_media":6799,"comment_status":"open","ping_status":"closed","sticky":false,"template":"","format":"standard","meta":{"_jetpack_memberships_contains_paid_content":false,"footnotes":""},"categories":[48],"tags":[142,1328,1327],"coauthors":[],"class_list":["post-6798","post","type-post","status-publish","format-standard","has-post-thumbnail","hentry","category-chroniques-livres","tag-bd","tag-jorn-riel","tag-les-racontars-arctiques"],"yoast_head":"<!-- This site is optimized with the Yoast SEO plugin v27.2 - https:\/\/yoast.com\/product\/yoast-seo-wordpress\/ -->\n<title>La Vierge froide et autres racontars, en BD - Save my brain<\/title>\n<meta name=\"robots\" content=\"index, follow, max-snippet:-1, max-image-preview:large, max-video-preview:-1\" \/>\n<link rel=\"canonical\" href=\"https:\/\/www.savemybrain.net\/v2\/2010\/02\/21\/la-vierge-froide-et-autres-racontars-en-bd-08006798\/\" \/>\n<meta property=\"og:locale\" content=\"fr_FR\" \/>\n<meta property=\"og:type\" content=\"article\" \/>\n<meta property=\"og:title\" content=\"La Vierge froide et autres racontars, en BD - Save my brain\" \/>\n<meta property=\"og:description\" content=\"Nous vous avions d\u00e9j\u00e0 pr\u00e9sent\u00e9 les racontars arctiques de Jorn Riel, o\u00f9 la finesse de l\u2019\u00e9criture et le cocasse des situations vous font voyager bien loin. La nouveaut\u00e9, c\u2019est que les racontars existent maintenant en BD.\" \/>\n<meta property=\"og:url\" content=\"https:\/\/www.savemybrain.net\/v2\/2010\/02\/21\/la-vierge-froide-et-autres-racontars-en-bd-08006798\/\" \/>\n<meta property=\"og:site_name\" content=\"Save my brain\" \/>\n<meta property=\"article:published_time\" content=\"2010-02-21T07:00:30+00:00\" \/>\n<meta property=\"article:modified_time\" content=\"2011-10-21T09:07:28+00:00\" \/>\n<meta property=\"og:image\" content=\"https:\/\/www.savemybrain.net\/v2\/wp-content\/uploads\/2010\/02\/la-vierge-froide.jpg\" \/>\n\t<meta property=\"og:image:width\" content=\"400\" \/>\n\t<meta property=\"og:image:height\" content=\"513\" \/>\n\t<meta property=\"og:image:type\" content=\"image\/jpeg\" \/>\n<meta name=\"author\" content=\"Nicolas Meunier\" \/>\n<meta name=\"twitter:card\" content=\"summary_large_image\" \/>\n<meta name=\"twitter:label1\" content=\"\u00c9crit par\" \/>\n\t<meta name=\"twitter:data1\" content=\"Nicolas Meunier\" \/>\n\t<meta name=\"twitter:label2\" content=\"Dur\u00e9e de lecture estim\u00e9e\" \/>\n\t<meta name=\"twitter:data2\" content=\"1 minute\" \/>\n\t<meta name=\"twitter:label3\" content=\"Written by\" \/>\n\t<meta name=\"twitter:data3\" content=\"Nicolas Meunier\" \/>\n<script type=\"application\/ld+json\" class=\"yoast-schema-graph\">{\"@context\":\"https:\/\/schema.org\",\"@graph\":[{\"@type\":\"Article\",\"@id\":\"https:\/\/www.savemybrain.net\/v2\/2010\/02\/21\/la-vierge-froide-et-autres-racontars-en-bd-08006798\/#article\",\"isPartOf\":{\"@id\":\"https:\/\/www.savemybrain.net\/v2\/2010\/02\/21\/la-vierge-froide-et-autres-racontars-en-bd-08006798\/\"},\"author\":{\"name\":\"Nicolas Meunier\",\"@id\":\"https:\/\/www.savemybrain.net\/v2\/#\/schema\/person\/adca4eceb0e4cf34ed857f24f64af640\"},\"headline\":\"La Vierge froide et autres racontars, en BD\",\"datePublished\":\"2010-02-21T07:00:30+00:00\",\"dateModified\":\"2011-10-21T09:07:28+00:00\",\"mainEntityOfPage\":{\"@id\":\"https:\/\/www.savemybrain.net\/v2\/2010\/02\/21\/la-vierge-froide-et-autres-racontars-en-bd-08006798\/\"},\"wordCount\":228,\"commentCount\":0,\"image\":{\"@id\":\"https:\/\/www.savemybrain.net\/v2\/2010\/02\/21\/la-vierge-froide-et-autres-racontars-en-bd-08006798\/#primaryimage\"},\"thumbnailUrl\":\"https:\/\/www.savemybrain.net\/v2\/wp-content\/uploads\/2010\/02\/la-vierge-froide.jpg\",\"keywords\":[\"BD\",\"Jorn Riel\",\"Les racontars arctiques\"],\"articleSection\":[\"Livres\"],\"inLanguage\":\"fr-FR\",\"potentialAction\":[{\"@type\":\"CommentAction\",\"name\":\"Comment\",\"target\":[\"https:\/\/www.savemybrain.net\/v2\/2010\/02\/21\/la-vierge-froide-et-autres-racontars-en-bd-08006798\/#respond\"]}]},{\"@type\":\"WebPage\",\"@id\":\"https:\/\/www.savemybrain.net\/v2\/2010\/02\/21\/la-vierge-froide-et-autres-racontars-en-bd-08006798\/\",\"url\":\"https:\/\/www.savemybrain.net\/v2\/2010\/02\/21\/la-vierge-froide-et-autres-racontars-en-bd-08006798\/\",\"name\":\"La Vierge froide et autres racontars, en BD - Save my brain\",\"isPartOf\":{\"@id\":\"https:\/\/www.savemybrain.net\/v2\/#website\"},\"primaryImageOfPage\":{\"@id\":\"https:\/\/www.savemybrain.net\/v2\/2010\/02\/21\/la-vierge-froide-et-autres-racontars-en-bd-08006798\/#primaryimage\"},\"image\":{\"@id\":\"https:\/\/www.savemybrain.net\/v2\/2010\/02\/21\/la-vierge-froide-et-autres-racontars-en-bd-08006798\/#primaryimage\"},\"thumbnailUrl\":\"https:\/\/www.savemybrain.net\/v2\/wp-content\/uploads\/2010\/02\/la-vierge-froide.jpg\",\"datePublished\":\"2010-02-21T07:00:30+00:00\",\"dateModified\":\"2011-10-21T09:07:28+00:00\",\"author\":{\"@id\":\"https:\/\/www.savemybrain.net\/v2\/#\/schema\/person\/adca4eceb0e4cf34ed857f24f64af640\"},\"inLanguage\":\"fr-FR\",\"potentialAction\":[{\"@type\":\"ReadAction\",\"target\":[\"https:\/\/www.savemybrain.net\/v2\/2010\/02\/21\/la-vierge-froide-et-autres-racontars-en-bd-08006798\/\"]}]},{\"@type\":\"ImageObject\",\"inLanguage\":\"fr-FR\",\"@id\":\"https:\/\/www.savemybrain.net\/v2\/2010\/02\/21\/la-vierge-froide-et-autres-racontars-en-bd-08006798\/#primaryimage\",\"url\":\"https:\/\/www.savemybrain.net\/v2\/wp-content\/uploads\/2010\/02\/la-vierge-froide.jpg\",\"contentUrl\":\"https:\/\/www.savemybrain.net\/v2\/wp-content\/uploads\/2010\/02\/la-vierge-froide.jpg\",\"width\":400,\"height\":513},{\"@type\":\"WebSite\",\"@id\":\"https:\/\/www.savemybrain.net\/v2\/#website\",\"url\":\"https:\/\/www.savemybrain.net\/v2\/\",\"name\":\"Save my brain\",\"description\":\"Magazine lifestyle et culturel (depuis 2007)\",\"potentialAction\":[{\"@type\":\"SearchAction\",\"target\":{\"@type\":\"EntryPoint\",\"urlTemplate\":\"https:\/\/www.savemybrain.net\/v2\/?s={search_term_string}\"},\"query-input\":{\"@type\":\"PropertyValueSpecification\",\"valueRequired\":true,\"valueName\":\"search_term_string\"}}],\"inLanguage\":\"fr-FR\"},{\"@type\":\"Person\",\"@id\":\"https:\/\/www.savemybrain.net\/v2\/#\/schema\/person\/adca4eceb0e4cf34ed857f24f64af640\",\"name\":\"Nicolas Meunier\",\"sameAs\":[\"http:\/\/www.leblogauto.com\/author\/nicolas-meunier\/\"],\"url\":\"https:\/\/www.savemybrain.net\/v2\/author\/nicolasmeunier\/\"}]}<\/script>\n<!-- \/ Yoast SEO plugin. -->","yoast_head_json":{"title":"La Vierge froide et autres racontars, en BD - Save my brain","robots":{"index":"index","follow":"follow","max-snippet":"max-snippet:-1","max-image-preview":"max-image-preview:large","max-video-preview":"max-video-preview:-1"},"canonical":"https:\/\/www.savemybrain.net\/v2\/2010\/02\/21\/la-vierge-froide-et-autres-racontars-en-bd-08006798\/","og_locale":"fr_FR","og_type":"article","og_title":"La Vierge froide et autres racontars, en BD - Save my brain","og_description":"Nous vous avions d\u00e9j\u00e0 pr\u00e9sent\u00e9 les racontars arctiques de Jorn Riel, o\u00f9 la finesse de l\u2019\u00e9criture et le cocasse des situations vous font voyager bien loin. La nouveaut\u00e9, c\u2019est que les racontars existent maintenant en BD.","og_url":"https:\/\/www.savemybrain.net\/v2\/2010\/02\/21\/la-vierge-froide-et-autres-racontars-en-bd-08006798\/","og_site_name":"Save my brain","article_published_time":"2010-02-21T07:00:30+00:00","article_modified_time":"2011-10-21T09:07:28+00:00","og_image":[{"width":400,"height":513,"url":"https:\/\/www.savemybrain.net\/v2\/wp-content\/uploads\/2010\/02\/la-vierge-froide.jpg","type":"image\/jpeg"}],"author":"Nicolas Meunier","twitter_card":"summary_large_image","twitter_misc":{"\u00c9crit par":"Nicolas Meunier","Dur\u00e9e de lecture estim\u00e9e":"1 minute","Written by":"Nicolas Meunier"},"schema":{"@context":"https:\/\/schema.org","@graph":[{"@type":"Article","@id":"https:\/\/www.savemybrain.net\/v2\/2010\/02\/21\/la-vierge-froide-et-autres-racontars-en-bd-08006798\/#article","isPartOf":{"@id":"https:\/\/www.savemybrain.net\/v2\/2010\/02\/21\/la-vierge-froide-et-autres-racontars-en-bd-08006798\/"},"author":{"name":"Nicolas Meunier","@id":"https:\/\/www.savemybrain.net\/v2\/#\/schema\/person\/adca4eceb0e4cf34ed857f24f64af640"},"headline":"La Vierge froide et autres racontars, en BD","datePublished":"2010-02-21T07:00:30+00:00","dateModified":"2011-10-21T09:07:28+00:00","mainEntityOfPage":{"@id":"https:\/\/www.savemybrain.net\/v2\/2010\/02\/21\/la-vierge-froide-et-autres-racontars-en-bd-08006798\/"},"wordCount":228,"commentCount":0,"image":{"@id":"https:\/\/www.savemybrain.net\/v2\/2010\/02\/21\/la-vierge-froide-et-autres-racontars-en-bd-08006798\/#primaryimage"},"thumbnailUrl":"https:\/\/www.savemybrain.net\/v2\/wp-content\/uploads\/2010\/02\/la-vierge-froide.jpg","keywords":["BD","Jorn Riel","Les racontars arctiques"],"articleSection":["Livres"],"inLanguage":"fr-FR","potentialAction":[{"@type":"CommentAction","name":"Comment","target":["https:\/\/www.savemybrain.net\/v2\/2010\/02\/21\/la-vierge-froide-et-autres-racontars-en-bd-08006798\/#respond"]}]},{"@type":"WebPage","@id":"https:\/\/www.savemybrain.net\/v2\/2010\/02\/21\/la-vierge-froide-et-autres-racontars-en-bd-08006798\/","url":"https:\/\/www.savemybrain.net\/v2\/2010\/02\/21\/la-vierge-froide-et-autres-racontars-en-bd-08006798\/","name":"La Vierge froide et autres racontars, en BD - Save my brain","isPartOf":{"@id":"https:\/\/www.savemybrain.net\/v2\/#website"},"primaryImageOfPage":{"@id":"https:\/\/www.savemybrain.net\/v2\/2010\/02\/21\/la-vierge-froide-et-autres-racontars-en-bd-08006798\/#primaryimage"},"image":{"@id":"https:\/\/www.savemybrain.net\/v2\/2010\/02\/21\/la-vierge-froide-et-autres-racontars-en-bd-08006798\/#primaryimage"},"thumbnailUrl":"https:\/\/www.savemybrain.net\/v2\/wp-content\/uploads\/2010\/02\/la-vierge-froide.jpg","datePublished":"2010-02-21T07:00:30+00:00","dateModified":"2011-10-21T09:07:28+00:00","author":{"@id":"https:\/\/www.savemybrain.net\/v2\/#\/schema\/person\/adca4eceb0e4cf34ed857f24f64af640"},"inLanguage":"fr-FR","potentialAction":[{"@type":"ReadAction","target":["https:\/\/www.savemybrain.net\/v2\/2010\/02\/21\/la-vierge-froide-et-autres-racontars-en-bd-08006798\/"]}]},{"@type":"ImageObject","inLanguage":"fr-FR","@id":"https:\/\/www.savemybrain.net\/v2\/2010\/02\/21\/la-vierge-froide-et-autres-racontars-en-bd-08006798\/#primaryimage","url":"https:\/\/www.savemybrain.net\/v2\/wp-content\/uploads\/2010\/02\/la-vierge-froide.jpg","contentUrl":"https:\/\/www.savemybrain.net\/v2\/wp-content\/uploads\/2010\/02\/la-vierge-froide.jpg","width":400,"height":513},{"@type":"WebSite","@id":"https:\/\/www.savemybrain.net\/v2\/#website","url":"https:\/\/www.savemybrain.net\/v2\/","name":"Save my brain","description":"Magazine lifestyle et culturel (depuis 2007)","potentialAction":[{"@type":"SearchAction","target":{"@type":"EntryPoint","urlTemplate":"https:\/\/www.savemybrain.net\/v2\/?s={search_term_string}"},"query-input":{"@type":"PropertyValueSpecification","valueRequired":true,"valueName":"search_term_string"}}],"inLanguage":"fr-FR"},{"@type":"Person","@id":"https:\/\/www.savemybrain.net\/v2\/#\/schema\/person\/adca4eceb0e4cf34ed857f24f64af640","name":"Nicolas Meunier","sameAs":["http:\/\/www.leblogauto.com\/author\/nicolas-meunier\/"],"url":"https:\/\/www.savemybrain.net\/v2\/author\/nicolasmeunier\/"}]}},"jetpack_featured_media_url":"https:\/\/www.savemybrain.net\/v2\/wp-content\/uploads\/2010\/02\/la-vierge-froide.jpg","jetpack_sharing_enabled":true,"_links":{"self":[{"href":"https:\/\/www.savemybrain.net\/v2\/wp-json\/wp\/v2\/posts\/6798","targetHints":{"allow":["GET"]}}],"collection":[{"href":"https:\/\/www.savemybrain.net\/v2\/wp-json\/wp\/v2\/posts"}],"about":[{"href":"https:\/\/www.savemybrain.net\/v2\/wp-json\/wp\/v2\/types\/post"}],"author":[{"embeddable":true,"href":"https:\/\/www.savemybrain.net\/v2\/wp-json\/wp\/v2\/users\/6"}],"replies":[{"embeddable":true,"href":"https:\/\/www.savemybrain.net\/v2\/wp-json\/wp\/v2\/comments?post=6798"}],"version-history":[{"count":0,"href":"https:\/\/www.savemybrain.net\/v2\/wp-json\/wp\/v2\/posts\/6798\/revisions"}],"wp:featuredmedia":[{"embeddable":true,"href":"https:\/\/www.savemybrain.net\/v2\/wp-json\/wp\/v2\/media\/6799"}],"wp:attachment":[{"href":"https:\/\/www.savemybrain.net\/v2\/wp-json\/wp\/v2\/media?parent=6798"}],"wp:term":[{"taxonomy":"category","embeddable":true,"href":"https:\/\/www.savemybrain.net\/v2\/wp-json\/wp\/v2\/categories?post=6798"},{"taxonomy":"post_tag","embeddable":true,"href":"https:\/\/www.savemybrain.net\/v2\/wp-json\/wp\/v2\/tags?post=6798"},{"taxonomy":"author","embeddable":true,"href":"https:\/\/www.savemybrain.net\/v2\/wp-json\/wp\/v2\/coauthors?post=6798"}],"curies":[{"name":"wp","href":"https:\/\/api.w.org\/{rel}","templated":true}]}}