{"id":6121,"date":"2009-12-13T08:00:57","date_gmt":"2009-12-13T06:00:57","guid":{"rendered":"http:\/\/savemybrain.net\/v2\/?p=6121"},"modified":"2014-06-01T14:37:40","modified_gmt":"2014-06-01T12:37:40","slug":"olivia-ruiz-en-concert","status":"publish","type":"post","link":"https:\/\/www.savemybrain.net\/v2\/2009\/12\/13\/olivia-ruiz-en-concert-08006121\/","title":{"rendered":"Olivia Ruiz en concert"},"content":{"rendered":"<p align=\"justify\">Nous sommes bien loin de la petite sc\u00e8ne nantais d\u2019il y a trois ans. D\u00e9sormais, la c\u00e9l\u00e8bre Olivia Ruiz se produit en grande pompe dans les z\u00e9niths de France. En ce mercredi 9 d\u00e9cembre, c\u2019est aux nantais qu\u2019elle a offert un spectacle digne de ce nom !<!--more--><\/p>\n<p align=\"center\"><img loading=\"lazy\" decoding=\"async\" class=\"aligncenter size-medium wp-image-6122\" title=\"Olivia Ruiz Miss M\u00e9t\u00e9ores\" src=\"http:\/\/savemybrain.net\/v2\/wp-content\/uploads\/2009\/12\/olivia-ruiz.jpg\" alt=\"\" width=\"500\" height=\"496\" srcset=\"https:\/\/www.savemybrain.net\/v2\/wp-content\/uploads\/2009\/12\/olivia-ruiz.jpg 500w, https:\/\/www.savemybrain.net\/v2\/wp-content\/uploads\/2009\/12\/olivia-ruiz-150x150.jpg 150w, https:\/\/www.savemybrain.net\/v2\/wp-content\/uploads\/2009\/12\/olivia-ruiz-160x160.jpg 160w\" sizes=\"auto, (max-width: 500px) 100vw, 500px\" \/><\/p>\n<p align=\"justify\">D\u00e8s la premi\u00e8re partie, le genre est annonc\u00e9 ! Les Weepers Circus nous chantent leurs comptines sur des airs enjou\u00e9s. Les fans de la chanteuse savent bien ce qui la relit \u00e0 ce groupe moyennement reconnu : un go\u00fbt pour la musique, le partage et la g\u00e9n\u00e9rosit\u00e9. Apr\u00e8s une demi-heure de mini-concert, les Weepers quittent la sc\u00e8ne pour la laisser \u00e0 l\u2019ancienne Femme Chocolat devenue Miss M\u00e9t\u00e9ore.<\/p>\n<p align=\"justify\">Le show commence par la projection du clip Belle \u00e0 en crever sur fond de musique d\u2019op\u00e9ra. Juste magnifique ! Puis, dans un rock d\u00e9gant\u00e9, l\u2019\u00e9cran s\u2019\u00e9croule pour nous d\u00e9voiler une Olivia d\u00e9jant\u00e9e, v\u00eatue d\u2019une belle robe ib\u00e9rique dans les tons rouge et argent, des escarpins rouges aux pieds.<\/p>\n<p align=\"justify\">Le d\u00e9cor est \u00e0 l\u2019image du monde f\u00e9erique que v\u00e9hicule la chanteuse. Un immense miroir tr\u00f4ne dans le fond, \u00e0 droite de la sc\u00e8ne tandis que des cages d\u2019oiseaux sont suspendus aux lumi\u00e8res et des roses sont dispos\u00e9es un peu partout.<\/p>\n<p align=\"center\"><img loading=\"lazy\" decoding=\"async\" class=\"aligncenter size-medium wp-image-6131\" title=\"Cr\u00e9dit : Marine Baccon\" src=\"http:\/\/savemybrain.net\/v2\/wp-content\/uploads\/2009\/12\/p1020876-500x375.jpg\" alt=\"\" width=\"500\" height=\"375\" srcset=\"https:\/\/www.savemybrain.net\/v2\/wp-content\/uploads\/2009\/12\/p1020876-500x375.jpg 500w, https:\/\/www.savemybrain.net\/v2\/wp-content\/uploads\/2009\/12\/p1020876-768x576.jpg 768w, https:\/\/www.savemybrain.net\/v2\/wp-content\/uploads\/2009\/12\/p1020876-1024x768.jpg 1024w\" sizes=\"auto, (max-width: 500px) 100vw, 500px\" \/><\/p>\n<p align=\"justify\">C\u2019est partit pour une heure de spectacle avec une Olivia Ruiz d\u00e9cha\u00een\u00e9e et g\u00e9n\u00e9reuse. Des morceaux les plus m\u00e9connus (Quijote, Les cr\u00eapes aux champignons) aux plus c\u00e9l\u00e8bres (La Femme Chocolat, Elle panique) qui font lever la foule, la jeune interpr\u00e8te nous livre des versions rocks ou m\u00e9lancoliques de ses chansons (J\u2019aime pas l\u2019amour au ukul\u00e9l\u00e9). De m\u00eame, la chanteuse fi\u00e8re de ses origines hispaniques, a chant\u00e9 certains couplets de ses chansons en espagnol, nous faisant partager son univers et ce qui lui tient \u00e0 c\u0153ur.<\/p>\n<p align=\"justify\">Bien que le public ait \u00e9t\u00e9 grossit par plus de 5000 personnes depuis sa derni\u00e8re venue \u00e0 Nantes, Olivia Ruiz reste blagueuse et joueuse, n\u2019h\u00e9sitant pas \u00e0 faire participer le public. On ressent avec bonheur, le plaisir d\u2019\u00eatre sur sc\u00e8ne et l\u2019envie de partager.<\/p>\n<p align=\"center\"><img loading=\"lazy\" decoding=\"async\" class=\"aligncenter size-medium wp-image-6132\" title=\"Cr\u00e9dit : Marine Baccon\" src=\"http:\/\/savemybrain.net\/v2\/wp-content\/uploads\/2009\/12\/p1020862-500x375.jpg\" alt=\"\" width=\"500\" height=\"375\" srcset=\"https:\/\/www.savemybrain.net\/v2\/wp-content\/uploads\/2009\/12\/p1020862-500x375.jpg 500w, https:\/\/www.savemybrain.net\/v2\/wp-content\/uploads\/2009\/12\/p1020862-768x576.jpg 768w, https:\/\/www.savemybrain.net\/v2\/wp-content\/uploads\/2009\/12\/p1020862-1024x768.jpg 1024w\" sizes=\"auto, (max-width: 500px) 100vw, 500px\" \/><\/p>\n<p align=\"justify\">Le partage d\u2019ailleurs, elle le fait \u00e9galement au stade des artistes, s\u2019offrant un duo avec le chanteur de Weepers Circus ou invitant son petit fr\u00e8re, Toan, sur sc\u00e8ne pour rapper sur la fin du Saule Pleureur.<\/p>\n<p align=\"justify\">Il y a eu de tout dans ce concert : s\u00e9quence \u00e9motion, rire, rock affichant un sourire aux l\u00e8vres au millier de spectateurs pr\u00e9sents !<\/p>\n<p align=\"justify\">Apr\u00e8s avoir connu deux Olivia, il est temps de le dire : la petite chanteuse de la Star Acad\u00e9mie est devenue grande, sans perdre la spontan\u00e9it\u00e9 de l\u2019enfance.<\/p>\n","protected":false},"excerpt":{"rendered":"<p>Nous sommes bien loin de la petite sc\u00e8ne nantais d\u2019il y a trois ans. D\u00e9sormais, la c\u00e9l\u00e8bre Olivia Ruiz se produit en grande pompe dans les z\u00e9niths de France. En ce mercredi 9 d\u00e9cembre, c\u2019est aux nantais qu\u2019elle a offert un spectacle digne de ce nom !<\/p>\n","protected":false},"author":11,"featured_media":6122,"comment_status":"open","ping_status":"closed","sticky":false,"template":"","format":"standard","meta":{"_jetpack_memberships_contains_paid_content":false,"footnotes":""},"categories":[4906],"tags":[83,2042,2044,2041],"coauthors":[3755],"class_list":["post-6121","post","type-post","status-publish","format-standard","has-post-thumbnail","hentry","category-concerts-musique","tag-concert","tag-la-femme-chocolat","tag-miss-meteores","tag-olivia-ruiz"],"yoast_head":"<!-- This site is optimized with the Yoast SEO plugin v27.2 - https:\/\/yoast.com\/product\/yoast-seo-wordpress\/ -->\n<title>Olivia Ruiz en concert - Save my brain<\/title>\n<meta name=\"robots\" content=\"index, follow, max-snippet:-1, max-image-preview:large, max-video-preview:-1\" \/>\n<link rel=\"canonical\" href=\"https:\/\/www.savemybrain.net\/v2\/2009\/12\/13\/olivia-ruiz-en-concert-08006121\/\" \/>\n<meta property=\"og:locale\" content=\"fr_FR\" \/>\n<meta property=\"og:type\" content=\"article\" \/>\n<meta property=\"og:title\" content=\"Olivia Ruiz en concert - Save my brain\" \/>\n<meta property=\"og:description\" content=\"Nous sommes bien loin de la petite sc\u00e8ne nantais d\u2019il y a trois ans. D\u00e9sormais, la c\u00e9l\u00e8bre Olivia Ruiz se produit en grande pompe dans les z\u00e9niths de France. En ce mercredi 9 d\u00e9cembre, c\u2019est aux nantais qu\u2019elle a offert un spectacle digne de ce nom !\" \/>\n<meta property=\"og:url\" content=\"https:\/\/www.savemybrain.net\/v2\/2009\/12\/13\/olivia-ruiz-en-concert-08006121\/\" \/>\n<meta property=\"og:site_name\" content=\"Save my brain\" \/>\n<meta property=\"article:published_time\" content=\"2009-12-13T06:00:57+00:00\" \/>\n<meta property=\"article:modified_time\" content=\"2014-06-01T12:37:40+00:00\" \/>\n<meta property=\"og:image\" content=\"https:\/\/www.savemybrain.net\/v2\/wp-content\/uploads\/2009\/12\/olivia-ruiz.jpg\" \/>\n\t<meta property=\"og:image:width\" content=\"500\" \/>\n\t<meta property=\"og:image:height\" content=\"496\" \/>\n\t<meta property=\"og:image:type\" content=\"image\/jpeg\" \/>\n<meta name=\"author\" content=\"Marine Baccon\" \/>\n<meta name=\"twitter:card\" content=\"summary_large_image\" \/>\n<meta name=\"twitter:label1\" content=\"\u00c9crit par\" \/>\n\t<meta name=\"twitter:data1\" content=\"Marine Baccon\" \/>\n\t<meta name=\"twitter:label2\" content=\"Dur\u00e9e de lecture estim\u00e9e\" \/>\n\t<meta name=\"twitter:data2\" content=\"2 minutes\" \/>\n\t<meta name=\"twitter:label3\" content=\"Written by\" \/>\n\t<meta name=\"twitter:data3\" content=\"Marine Baccon\" \/>\n<script type=\"application\/ld+json\" class=\"yoast-schema-graph\">{\"@context\":\"https:\/\/schema.org\",\"@graph\":[{\"@type\":\"Article\",\"@id\":\"https:\/\/www.savemybrain.net\/v2\/2009\/12\/13\/olivia-ruiz-en-concert-08006121\/#article\",\"isPartOf\":{\"@id\":\"https:\/\/www.savemybrain.net\/v2\/2009\/12\/13\/olivia-ruiz-en-concert-08006121\/\"},\"author\":{\"name\":\"Marine Baccon\",\"@id\":\"https:\/\/www.savemybrain.net\/v2\/#\/schema\/person\/27296acf4a7fb83e3423266dffdea3ee\"},\"headline\":\"Olivia Ruiz en concert\",\"datePublished\":\"2009-12-13T06:00:57+00:00\",\"dateModified\":\"2014-06-01T12:37:40+00:00\",\"mainEntityOfPage\":{\"@id\":\"https:\/\/www.savemybrain.net\/v2\/2009\/12\/13\/olivia-ruiz-en-concert-08006121\/\"},\"wordCount\":484,\"commentCount\":1,\"image\":{\"@id\":\"https:\/\/www.savemybrain.net\/v2\/2009\/12\/13\/olivia-ruiz-en-concert-08006121\/#primaryimage\"},\"thumbnailUrl\":\"https:\/\/www.savemybrain.net\/v2\/wp-content\/uploads\/2009\/12\/olivia-ruiz.jpg\",\"keywords\":[\"concert\",\"la femme chocolat\",\"miss m\u00e9t\u00e9ores\",\"olivia ruiz\"],\"articleSection\":[\"Concerts et festivals\"],\"inLanguage\":\"fr-FR\",\"potentialAction\":[{\"@type\":\"CommentAction\",\"name\":\"Comment\",\"target\":[\"https:\/\/www.savemybrain.net\/v2\/2009\/12\/13\/olivia-ruiz-en-concert-08006121\/#respond\"]}]},{\"@type\":\"WebPage\",\"@id\":\"https:\/\/www.savemybrain.net\/v2\/2009\/12\/13\/olivia-ruiz-en-concert-08006121\/\",\"url\":\"https:\/\/www.savemybrain.net\/v2\/2009\/12\/13\/olivia-ruiz-en-concert-08006121\/\",\"name\":\"Olivia Ruiz en concert - Save my brain\",\"isPartOf\":{\"@id\":\"https:\/\/www.savemybrain.net\/v2\/#website\"},\"primaryImageOfPage\":{\"@id\":\"https:\/\/www.savemybrain.net\/v2\/2009\/12\/13\/olivia-ruiz-en-concert-08006121\/#primaryimage\"},\"image\":{\"@id\":\"https:\/\/www.savemybrain.net\/v2\/2009\/12\/13\/olivia-ruiz-en-concert-08006121\/#primaryimage\"},\"thumbnailUrl\":\"https:\/\/www.savemybrain.net\/v2\/wp-content\/uploads\/2009\/12\/olivia-ruiz.jpg\",\"datePublished\":\"2009-12-13T06:00:57+00:00\",\"dateModified\":\"2014-06-01T12:37:40+00:00\",\"author\":{\"@id\":\"https:\/\/www.savemybrain.net\/v2\/#\/schema\/person\/27296acf4a7fb83e3423266dffdea3ee\"},\"inLanguage\":\"fr-FR\",\"potentialAction\":[{\"@type\":\"ReadAction\",\"target\":[\"https:\/\/www.savemybrain.net\/v2\/2009\/12\/13\/olivia-ruiz-en-concert-08006121\/\"]}]},{\"@type\":\"ImageObject\",\"inLanguage\":\"fr-FR\",\"@id\":\"https:\/\/www.savemybrain.net\/v2\/2009\/12\/13\/olivia-ruiz-en-concert-08006121\/#primaryimage\",\"url\":\"https:\/\/www.savemybrain.net\/v2\/wp-content\/uploads\/2009\/12\/olivia-ruiz.jpg\",\"contentUrl\":\"https:\/\/www.savemybrain.net\/v2\/wp-content\/uploads\/2009\/12\/olivia-ruiz.jpg\",\"width\":500,\"height\":496},{\"@type\":\"WebSite\",\"@id\":\"https:\/\/www.savemybrain.net\/v2\/#website\",\"url\":\"https:\/\/www.savemybrain.net\/v2\/\",\"name\":\"Save my brain\",\"description\":\"Magazine lifestyle et culturel (depuis 2007)\",\"potentialAction\":[{\"@type\":\"SearchAction\",\"target\":{\"@type\":\"EntryPoint\",\"urlTemplate\":\"https:\/\/www.savemybrain.net\/v2\/?s={search_term_string}\"},\"query-input\":{\"@type\":\"PropertyValueSpecification\",\"valueRequired\":true,\"valueName\":\"search_term_string\"}}],\"inLanguage\":\"fr-FR\"},{\"@type\":\"Person\",\"@id\":\"https:\/\/www.savemybrain.net\/v2\/#\/schema\/person\/27296acf4a7fb83e3423266dffdea3ee\",\"name\":\"Marine Baccon\",\"sameAs\":[\"http:\/\/muttinemediatique.hautetfort.com\/\"],\"url\":\"https:\/\/www.savemybrain.net\/v2\/author\/marinebaccon\/\"}]}<\/script>\n<!-- \/ Yoast SEO plugin. -->","yoast_head_json":{"title":"Olivia Ruiz en concert - Save my brain","robots":{"index":"index","follow":"follow","max-snippet":"max-snippet:-1","max-image-preview":"max-image-preview:large","max-video-preview":"max-video-preview:-1"},"canonical":"https:\/\/www.savemybrain.net\/v2\/2009\/12\/13\/olivia-ruiz-en-concert-08006121\/","og_locale":"fr_FR","og_type":"article","og_title":"Olivia Ruiz en concert - Save my brain","og_description":"Nous sommes bien loin de la petite sc\u00e8ne nantais d\u2019il y a trois ans. D\u00e9sormais, la c\u00e9l\u00e8bre Olivia Ruiz se produit en grande pompe dans les z\u00e9niths de France. En ce mercredi 9 d\u00e9cembre, c\u2019est aux nantais qu\u2019elle a offert un spectacle digne de ce nom !","og_url":"https:\/\/www.savemybrain.net\/v2\/2009\/12\/13\/olivia-ruiz-en-concert-08006121\/","og_site_name":"Save my brain","article_published_time":"2009-12-13T06:00:57+00:00","article_modified_time":"2014-06-01T12:37:40+00:00","og_image":[{"width":500,"height":496,"url":"https:\/\/www.savemybrain.net\/v2\/wp-content\/uploads\/2009\/12\/olivia-ruiz.jpg","type":"image\/jpeg"}],"author":"Marine Baccon","twitter_card":"summary_large_image","twitter_misc":{"\u00c9crit par":"Marine Baccon","Dur\u00e9e de lecture estim\u00e9e":"2 minutes","Written by":"Marine Baccon"},"schema":{"@context":"https:\/\/schema.org","@graph":[{"@type":"Article","@id":"https:\/\/www.savemybrain.net\/v2\/2009\/12\/13\/olivia-ruiz-en-concert-08006121\/#article","isPartOf":{"@id":"https:\/\/www.savemybrain.net\/v2\/2009\/12\/13\/olivia-ruiz-en-concert-08006121\/"},"author":{"name":"Marine Baccon","@id":"https:\/\/www.savemybrain.net\/v2\/#\/schema\/person\/27296acf4a7fb83e3423266dffdea3ee"},"headline":"Olivia Ruiz en concert","datePublished":"2009-12-13T06:00:57+00:00","dateModified":"2014-06-01T12:37:40+00:00","mainEntityOfPage":{"@id":"https:\/\/www.savemybrain.net\/v2\/2009\/12\/13\/olivia-ruiz-en-concert-08006121\/"},"wordCount":484,"commentCount":1,"image":{"@id":"https:\/\/www.savemybrain.net\/v2\/2009\/12\/13\/olivia-ruiz-en-concert-08006121\/#primaryimage"},"thumbnailUrl":"https:\/\/www.savemybrain.net\/v2\/wp-content\/uploads\/2009\/12\/olivia-ruiz.jpg","keywords":["concert","la femme chocolat","miss m\u00e9t\u00e9ores","olivia ruiz"],"articleSection":["Concerts et festivals"],"inLanguage":"fr-FR","potentialAction":[{"@type":"CommentAction","name":"Comment","target":["https:\/\/www.savemybrain.net\/v2\/2009\/12\/13\/olivia-ruiz-en-concert-08006121\/#respond"]}]},{"@type":"WebPage","@id":"https:\/\/www.savemybrain.net\/v2\/2009\/12\/13\/olivia-ruiz-en-concert-08006121\/","url":"https:\/\/www.savemybrain.net\/v2\/2009\/12\/13\/olivia-ruiz-en-concert-08006121\/","name":"Olivia Ruiz en concert - Save my brain","isPartOf":{"@id":"https:\/\/www.savemybrain.net\/v2\/#website"},"primaryImageOfPage":{"@id":"https:\/\/www.savemybrain.net\/v2\/2009\/12\/13\/olivia-ruiz-en-concert-08006121\/#primaryimage"},"image":{"@id":"https:\/\/www.savemybrain.net\/v2\/2009\/12\/13\/olivia-ruiz-en-concert-08006121\/#primaryimage"},"thumbnailUrl":"https:\/\/www.savemybrain.net\/v2\/wp-content\/uploads\/2009\/12\/olivia-ruiz.jpg","datePublished":"2009-12-13T06:00:57+00:00","dateModified":"2014-06-01T12:37:40+00:00","author":{"@id":"https:\/\/www.savemybrain.net\/v2\/#\/schema\/person\/27296acf4a7fb83e3423266dffdea3ee"},"inLanguage":"fr-FR","potentialAction":[{"@type":"ReadAction","target":["https:\/\/www.savemybrain.net\/v2\/2009\/12\/13\/olivia-ruiz-en-concert-08006121\/"]}]},{"@type":"ImageObject","inLanguage":"fr-FR","@id":"https:\/\/www.savemybrain.net\/v2\/2009\/12\/13\/olivia-ruiz-en-concert-08006121\/#primaryimage","url":"https:\/\/www.savemybrain.net\/v2\/wp-content\/uploads\/2009\/12\/olivia-ruiz.jpg","contentUrl":"https:\/\/www.savemybrain.net\/v2\/wp-content\/uploads\/2009\/12\/olivia-ruiz.jpg","width":500,"height":496},{"@type":"WebSite","@id":"https:\/\/www.savemybrain.net\/v2\/#website","url":"https:\/\/www.savemybrain.net\/v2\/","name":"Save my brain","description":"Magazine lifestyle et culturel (depuis 2007)","potentialAction":[{"@type":"SearchAction","target":{"@type":"EntryPoint","urlTemplate":"https:\/\/www.savemybrain.net\/v2\/?s={search_term_string}"},"query-input":{"@type":"PropertyValueSpecification","valueRequired":true,"valueName":"search_term_string"}}],"inLanguage":"fr-FR"},{"@type":"Person","@id":"https:\/\/www.savemybrain.net\/v2\/#\/schema\/person\/27296acf4a7fb83e3423266dffdea3ee","name":"Marine Baccon","sameAs":["http:\/\/muttinemediatique.hautetfort.com\/"],"url":"https:\/\/www.savemybrain.net\/v2\/author\/marinebaccon\/"}]}},"jetpack_featured_media_url":"https:\/\/www.savemybrain.net\/v2\/wp-content\/uploads\/2009\/12\/olivia-ruiz.jpg","jetpack_sharing_enabled":true,"_links":{"self":[{"href":"https:\/\/www.savemybrain.net\/v2\/wp-json\/wp\/v2\/posts\/6121","targetHints":{"allow":["GET"]}}],"collection":[{"href":"https:\/\/www.savemybrain.net\/v2\/wp-json\/wp\/v2\/posts"}],"about":[{"href":"https:\/\/www.savemybrain.net\/v2\/wp-json\/wp\/v2\/types\/post"}],"author":[{"embeddable":true,"href":"https:\/\/www.savemybrain.net\/v2\/wp-json\/wp\/v2\/users\/11"}],"replies":[{"embeddable":true,"href":"https:\/\/www.savemybrain.net\/v2\/wp-json\/wp\/v2\/comments?post=6121"}],"version-history":[{"count":0,"href":"https:\/\/www.savemybrain.net\/v2\/wp-json\/wp\/v2\/posts\/6121\/revisions"}],"wp:featuredmedia":[{"embeddable":true,"href":"https:\/\/www.savemybrain.net\/v2\/wp-json\/wp\/v2\/media\/6122"}],"wp:attachment":[{"href":"https:\/\/www.savemybrain.net\/v2\/wp-json\/wp\/v2\/media?parent=6121"}],"wp:term":[{"taxonomy":"category","embeddable":true,"href":"https:\/\/www.savemybrain.net\/v2\/wp-json\/wp\/v2\/categories?post=6121"},{"taxonomy":"post_tag","embeddable":true,"href":"https:\/\/www.savemybrain.net\/v2\/wp-json\/wp\/v2\/tags?post=6121"},{"taxonomy":"author","embeddable":true,"href":"https:\/\/www.savemybrain.net\/v2\/wp-json\/wp\/v2\/coauthors?post=6121"}],"curies":[{"name":"wp","href":"https:\/\/api.w.org\/{rel}","templated":true}]}}