{"id":5570,"date":"2009-11-02T08:00:52","date_gmt":"2009-11-02T07:00:52","guid":{"rendered":"http:\/\/savemybrain.net\/v2\/?p=5570"},"modified":"2011-10-17T00:24:15","modified_gmt":"2011-10-16T22:24:15","slug":"aldebert","status":"publish","type":"post","link":"https:\/\/www.savemybrain.net\/v2\/2009\/11\/02\/aldebert-08005570\/","title":{"rendered":"Aldebert"},"content":{"rendered":"<p align=\"justify\">Une philosophie semble pouvoir d\u00e9crire Guillaume Aldebert, auteur\/compositeur\/interpr\u00e8te originaire de Besan\u00e7on, celle du Carpe Diem ! Retour sur la vie de ce joyeux trentenaire, \u00e0 la discographie d\u00e9j\u00e0 bien remplie !<br \/>\n<!--more--><\/p>\n<p align=\"justify\">La fibre artistique semble habiter ce bisontin d\u2019adoption depuis l\u2019enfance. Berc\u00e9 par les classiques de la chanson fran\u00e7aise (de Brel \u00e0 Gainsbourg en passant par l\u2019incontournable Brassens), Aldebert d\u00e9couvre un univers fait de po\u00e9sie, de beaux mots et de musique.<\/p>\n<p align=\"justify\"><img loading=\"lazy\" decoding=\"async\" class=\"aligncenter\" style=\"border-style: initial; border-color: initial;\" src=\"http:\/\/savemybrain.net\/v2\/wp-content\/uploads\/2009\/11\/aldebert.jpg\" alt=\"\" width=\"450\" height=\"367\" \/><\/p>\n<p align=\"justify\">S\u2019il poss\u00e8de la fibre musicale, on ne peut pas en dire autant de l\u2019\u00e9cole. Adolescent rebelle et probablement trop r\u00eaveur, il se fait claquer la porte du lyc\u00e9e en seconde. Probablement \u00e0 la recherche de lui-m\u00eame, le jeune Guillaume Aldebert enchaine les petits boulots avant de s\u2019orienter dans un BEP Photographie, dans lequel il s\u2019\u00e9panouira.<\/p>\n<p align=\"justify\">Mais son premier amour artistique le tiraille, et c\u2019est \u00e0 l\u2019\u00e2ge de 17 ans que notre futur musicien d\u00e9cide d\u2019apprendre \u00e0 jouer de la guitare. Celui qui ne se fait pas encore appeler Aldebert &#8211; tout court &#8211; monte un groupe de m\u00e9tal, Les White, \u00e0 l\u2019heure o\u00f9 les revendications anticonformistes de la jeunesse se font ressentir. Le nouveau groupe \u00e9cume les petites sc\u00e8nes et les bars de la r\u00e9gion, \u00e9cole tr\u00e8s formatrice pour le chanteur. Et c\u2019est en 1999 qu\u2019ils gagnent un concours r\u00e9gional leur permettant de jouer lors de la premi\u00e8re partie des Blankass. Etre sur sc\u00e8ne se trouve \u00eatre une r\u00e9elle r\u00e9v\u00e9lation pour notre chanteur de l\u2019est de la France.<\/p>\n<p align=\"justify\">Il saisit alors sa plume pour nous offrir le talent et l\u2019univers que nous lui connaissons aujourd\u2019hui. Rencontre.<\/p>\n<p><strong>I) Pr\u00e9sentation<\/strong><\/p>\n<p align=\"justify\"><em>1 \u2013 Pourrais-tu te pr\u00e9senter un peu pour les lecteurs de Save My Brain ?<\/em><br \/>\nSalut tout l\u2019monde !<\/p>\n<p align=\"justify\">Je m\u2019appelle Guillaume Aldebert, je suis auteur-compositeur-interpr\u00eate.<br \/>\nJe chante et joue de la guitare.<br \/>\nNous sommes, avec mon \u00e9quipe,\u00a0 actuellement en Tourn\u00e9e sur le spectacle \u00ab Enfantillages \u00bb un peu partout en France, Suisse et Belgique. Je fais ce m\u00e9tier depuis 9 ans. Souvent sur les routes, j\u2019ai 5 albums \u00e0 mon actif et pas loin de 8OO concerts maintenant\u2026<\/p>\n<p align=\"justify\"><em>2 \u2013 Pourquoi es-tu pass\u00e9 \u00e0 la musique apr\u00e8s des \u00e9tudes de photographie ? <\/em><\/p>\n<p align=\"justify\">Je ne suis pas \u00ab pass\u00e9 \u00e0 la musique apr\u00e8s la photo \u00bb : J\u2019ai toujours fait de la musique, et ce depuis le coll\u00e8ge mais je n\u2019esp\u00e9rais pas en faire un jour un m\u00e9tier (et mes parents encore moins ;-)<br \/>\nQuand je me suis fait virer du Lyc\u00e9e en seconde, et apr\u00e8s un an de \u00ab petits boulots \u00bb, je suis repass\u00e9 par \u00ab la petite porte \u00bb, c\u2019est \u00e0 dire CAP, BEP et Bac Pro Photo.<br \/>\nLa seule ouverture \u00ab artistique \u00bb dont l\u2019\u00e9ducation nationale disposait, c\u2019\u00e9tait la photo. Et \u00e0 l\u2019instar de la chanson, c\u2019est un moyen de raconter des histoires, aussi je me suis compl\u00e8tement \u00e9panoui dans cette voie, et ces \u00e9tudes me sont tr\u00e8s utiles aujourd\u2019hui encore dans l\u2019\u00e9criture. La photo apprend \u00e0 voir.<\/p>\n<p align=\"justify\"><em>3 \u2013 Tu as longtemps fait partit du groupe les White qui jouait du Rock M\u00e9tal puis tu as sorti Plateau T\u00e9l\u00e9, class\u00e9 dans la cat\u00e9gorie chansons \u00e0 textes. Grand revirement, non ?<\/em><\/p>\n<p align=\"justify\">A l\u2019\u00e2ge de 17 ans, j\u2019ai appris la guitare. J\u2019ai commenc\u00e9 par ce qui m\u2019avait \u00ab berc\u00e9 \u00bb : Brassens, Renaud\u2026mais l\u2019adolescence est une p\u00e9riode \u00ab anti-conformiste \u00bb o\u00f9 l\u2019on a besoin d\u2019extr\u00eame et j\u2019ai trouv\u00e9 comme \u00ab exutoire aux frustrations adolescentes \u00bb le m\u00e9tal !<br \/>\nJ\u2019assume aujourd\u2019hui tr\u00e8s ben cette \u00e9tape de mon parcours musical (toujours tr\u00e8s fan de ce type de musique, je ne manque pas de faire quelques clins d\u2019oeil sur sc\u00e8ne aujourd\u2019hui). Avec ce groupe de potes, nous jouions dans les bars et nous avions (en 99) gagn\u00e9 \u00e0 un concours r\u00e9gional : la premi\u00e8re partie du groupe \u00ab Blankass \u00bb. Ce fut la r\u00e9v\u00e9lation et c\u2019est \u00e0 partir de l\u00e0 que je me suis mis \u00e0 \u00e9crire des textes et des chansons dans un style qui me ressemblait un peu plus\u2026<\/p>\n<p align=\"justify\"><em>4 \u2013 On devine les influences de classiques de la chanson fran\u00e7aise comme Brassens, Souchon ou Renaud. Y\u2019a-t-il d\u2019autres chanteurs qui t\u2019ont inspir\u00e9 ? <\/em><\/p>\n<p align=\"justify\">On dit que \u00ab cr\u00e9er, c\u2019est dissimuler ses influences \u00bb, j\u2019ai pour ma part beaucoup d\u2019auteurs qui comptent, ceux que vous avez cit\u00e9 en particulier et d\u2019autres moins \u00ab classiques \u00bb comme Gotainer, Nino Ferrer, Trenet, Bourvil, Lapointe\u2026<\/p>\n<p align=\"center\"><img loading=\"lazy\" decoding=\"async\" src=\"http:\/\/savemybrain.net\/v2\/wp-content\/uploads\/2009\/11\/les_paradis_disponibles_up_above.jpg\" alt=\"\" width=\"400\" height=\"400\" \/><\/p>\n<p align=\"justify\"><strong>II) Discographie<\/strong><\/p>\n<p align=\"justify\"><em>5 \u2013 Tes chansons refl\u00e8tent une joie de vivre, un optimisme \u00e0 la \u00ab carpe diem \u00bb presque permanent : est-ce ta philosophie de vie ? <\/em><\/p>\n<p align=\"justify\">Je m\u2019efforce de d\u00e9clencher des enthousiasmes dans la vie comme dans mon m\u00e9tier. Je ne fais pas tous les jours \u00ab des saltos arri\u00e8re \u00bb mais j\u2019essaie autant que possible de profiter des bons moments. Comme j\u2019ai une peur bleue de l\u2019ennui et du vide, je m\u2019accomplis dans le fait de faire un maximum de choses, et de les vivre \u00e0 fond.<\/p>\n<p align=\"justify\"><em>6 \u2013 Le dernier opus \u00ab Les Paradis disponibles \u00bb semble plus grave, plus mature que les pr\u00e9c\u00e9dents. Pourquoi ?<\/em><\/p>\n<p align=\"justify\">Chaque album correspond \u00e0 une p\u00e9riode. C\u2019est sans doute ce que j\u2019ai ressenti au moment d\u2019\u00e9crire cet album. J\u2019avais envie de m\u2019exprimer sur les sujets de cet album avec un ton un peu diff\u00e9rent.<\/p>\n<p align=\"justify\"><em>7 &#8211;\u00a0 Apr\u00e8s l\u2019album \u00ab L\u2019ann\u00e9e du singe \u00bb, tu poses pour \u00ab Les paradis disponibles \u00bb avec un ours : une passion animale ? <\/em><\/p>\n<p align=\"justify\">C\u2019est une id\u00e9e de la photographe, je trouvais \u00e7a marrant de poser avec cette grosse bestiole, et \u00e7a apportait un d\u00e9calage avec l\u2019attitude tr\u00e8s s\u00e9rieuse de ma posture sur la photo \uf04a. Un peu comme dans les chansons finalement : parler d\u2019un sujet s\u00e9rieux mais avec l\u00e9g\u00e8ret\u00e9, humour et recul.<\/p>\n<p align=\"justify\"><em>8 \u2013 Le tout dernier album \u00ab Enfantillages \u00bb est autant pour les petits que pour les grands. A qui penses-tu lorsque tu l\u2019as \u00e9crit ? <\/em><\/p>\n<p align=\"justify\">Le Forestier m\u2019a confi\u00e9 que j\u2019avais \u00e9crit \u00ab non pas un album pour enfants mais SUR l\u2019enfance \u00bb. Cette formule r\u00e9sume bien le projet.<br \/>\nJ\u2019ai pens\u00e9 \u00e0 l\u2019enfant que j\u2019\u00e9tais, \u00e0 celui que je suis toujours mais j\u2019ai surtout beaucoup observ\u00e9 et \u00e9cout\u00e9 les enfants de mon entourage.<\/p>\n<p align=\"justify\"><em>9 \u2013 Tu collabores \u00e9norm\u00e9ment en duo (Am\u00e9lie-les-crayons, Jeanne Ch\u00e9ral\u2026) mais encore plus pour \u00ab Enfantillages \u00bb. Le duo a-t-il davantage de charme ? <\/em><\/p>\n<p align=\"justify\">Il permet d\u2019enrichir la chanson, en terme de partage \u00e9galement, le duo propose une autre lecture et favorise les rencontres.<br \/>\nCe qui est assez rare finalement dans ce m\u00e9tier.<\/p>\n<p align=\"center\"><img loading=\"lazy\" decoding=\"async\" src=\"http:\/\/savemybrain.net\/v2\/wp-content\/uploads\/2009\/11\/aldebert1-500x333.jpg\" alt=\"\" width=\"500\" height=\"333\" \/><\/p>\n<p align=\"justify\"><strong>III) Sc\u00e8ne<\/strong><\/p>\n<p align=\"justify\"><em>10 \u2013 Peux-tu nous raconter tes premiers pas sur sc\u00e8ne (les conditions, les \u00e9motions\u2026) en tant qu\u2019Aldebert ?<\/em><\/p>\n<p align=\"justify\">J\u2019ai commenc\u00e9 \u00e0 jouer dans les bars, dans n\u2019importe quelle condition avec n\u2019importe quel matos.<br \/>\nC\u2019est un choix de parcours, je n\u2019avais pas envie d\u2019attendre qu\u2019une maison de disques r\u00e9ponde \u00e0 mes courriers et me propose un contrat ; mais surtout,\u00a0 je ne pouvais pas rester \u00e0 rien faire \uf04a.<br \/>\nCette \u00ab \u00e9cole du caf\u00e9-concert \u00bb j\u2019en suis fier, et c\u2019est comme \u00e7a qu\u2019on apprend le m\u00e9tier, je pense.<br \/>\nJouer devant \u00ab des vrais gens \u00bb, sans artifice. Ma d\u00e9marche reste,\u00a0 depuis le d\u00e9but, tr\u00e8s \u00ab artisanale \u00bb finalement : \u00e9crire des chansons et partir les jouer avec les potes.<\/p>\n<p align=\"justify\"><em>11 \u2013 Quel est ton meilleur souvenir de sc\u00e8ne ? <\/em><\/p>\n<p align=\"justify\">Un concert en Cor\u00e9e, \u00e0 S\u00e9oul, o\u00f9 le public a repris un refrain en Cor\u00e9en.<br \/>\nC\u2019\u00e9tait \u00e9norme !<\/p>\n<p align=\"center\"><img loading=\"lazy\" decoding=\"async\" src=\"http:\/\/savemybrain.net\/v2\/wp-content\/uploads\/2009\/11\/2008-12-17_15-31-53_aldebert-500x331.jpg\" alt=\"\" width=\"500\" height=\"331\" \/><\/p>\n<p align=\"justify\"><strong>IV) Save My Brain<\/strong><\/p>\n<p align=\"justify\"><em>12 &#8211;\u00a0 Notre magazine s\u2019appelle Save My Brain, peux-tu nous donner ta s\u00e9lection culturelle (disques, films, livres et autres coups de c\u0153ur) pour sauver nos cerveaux ?<\/em><\/p>\n<p align=\"justify\">Alors en ce moment\u2026 j\u2019\u00e9coute en boucle le dernier Eiffel, Muse et Bir\u00e9li Lagr\u00e8ne.<br \/>\nComme roman, j\u2019ai attaqu\u00e9 le dernier Werber et suis sur deux BDs : Le dernier Tanigushi \u00ab Un zoo en hiver \u00bb et dernier Riad Sattouf : \u00ab Pascal Brutal \u00bb.<br \/>\nQuand aux derniers bons DVDs vus dans le Tour-bus derni\u00e8rement, je s\u00e9lectionnerais : \u00ab Wecome \u00bb de Lioret, \u00ab Gran Torino \u00bb et \u00ab This is England \u00bb.<\/p>\n<p align=\"justify\"><em><br \/>\n13 \u2013 Enfin, quels sont les projets \u00e0 venir ? <\/em><\/p>\n<p align=\"justify\">Un prochain album \u00ab plut\u00f4t adulte \u00bb, et un deuxi\u00e8me \u00ab Enfantillages \u00bb avec un nouveau collectif.<br \/>\nEn d\u00e9but d\u2019ann\u00e9e prochaine, j\u2019entre en r\u00e9sidence pour la cr\u00e9ation d\u2019un spectacle anniversaire intitul\u00e9 \u00ab J\u2019ai dix ans \u00bb avec des artistes du cirque Plume. Ce concert sp\u00e9cial fera l\u2019objet d\u2019une tourn\u00e9e de mai \u00e0 Novembre 2010 puis nous repartirons avec Enfantillages.<br \/>\nJe bosse en parall\u00e8le sur un documentaire sur la tourn\u00e9e actuelle Enfantillages qui figurera sur un prochain DVD, d\u2019ici Enfantillages 2 (mais pas pour tout de suite).<br \/>\nJe co-r\u00e9alise (avec mon pianiste) \u00e9galement le prochain album de Marcel Amont.<\/p>\n<p align=\"justify\">Pour saisir l\u2019univers d\u2019Aldebert, il faut prendre un shaker (color\u00e9) et y mettre une grande dose d\u2019humour, un soup\u00e7on d\u2019ironie, verser une bouteille de g\u00e9n\u00e9rosit\u00e9 et garnir d\u2019optimisme.<\/p>\n<p align=\"justify\">D\u2019une plume aiguis\u00e9e \u00e0 souhait, Aldebert \u00e9voque, m\u00e9lancolique, une jeunesse \u00e9conduite par une soci\u00e9t\u00e9 en perdition (Adulescent), d\u00e9nonce avec humour le fanatisme des nouveaux parents pour leur rejeton ((Le B\u00e9b\u00e9), ou nous parle, avec gaiet\u00e9, d\u2019une enfance r\u00eaveuse et insouciante (T\u00eate en l\u2019air). Aldebert manie avec brio les \u00e9motions d\u2019une vie quotidienne, alternant entre dr\u00f4lerie, nostalgie et parfois gravit\u00e9 comme dans son dernier album (Les Paradis Disponibles &#8211; 2006). N\u00e9anmoins, le doux fantaisiste ne semble jamais loin. En 2008, Aldebert sort un opus surprenant et sans \u00e9gal ! Enfantillages raconte le monde de la candeur et de l\u2019imaginaire vu par les enfants et r\u00e9dig\u00e9 par Aldebert. Truff\u00e9s d\u2019histoires abracadabrantesques et de nombreux duos, d\u00e9montrant une fois encore, une envie g\u00e9n\u00e9reuse de partager, le chanteur nous livre un album savoureux \u2013 sans \u00e9dulcorant \u2013 \u00e0 consommer sans mod\u00e9ration, pour les petits comme pour les grands !<\/p>\n<p align=\"justify\">C\u2019est finalement toujours avec cette bonne humeur ambiante qui transcende chacun de ses albums, que le chanteur nous enchante !<\/p>\n<p align=\"justify\">Aldebert est le chanteur \u00e0 \u00e9couter tout le temps. Celui qui vous colle le sourire jusqu\u2019aux oreilles pour la journ\u00e9e enti\u00e8re, communiquant sa bonne humeur \u00e0 chaque corde pinc\u00e9e. Celui qui vous donne l\u2019envie de vous replonger, nostalgique dans l\u2019enfance ensoleill\u00e9e et de serrer fort dans vos bras ceux que vous aimez. C\u2019est un talent assez rare que poss\u00e8de finalement Guillaume Aldebert : celui de rendre les gens heureux ! Carpe Diem !<\/p>\n<p align=\"center\"><img loading=\"lazy\" decoding=\"async\" src=\"http:\/\/savemybrain.net\/v2\/wp-content\/uploads\/2009\/11\/aldebert2.jpg\" alt=\"\" width=\"288\" height=\"288\" \/><\/p>\n<p align=\"center\">Myspace : <a href=\"http:\/\/www.myspace.com\/aldebertmusique\" target=\"_blank\">http:\/\/www.myspace.com\/aldebertmusique<\/a><\/p>\n","protected":false},"excerpt":{"rendered":"<p>Une philosophie semble pouvoir d\u00e9crire Guillaume Aldebert, auteur\/compositeur\/interpr\u00e8te originaire de Besan\u00e7on, celle du Carpe Diem ! Retour sur la vie de ce joyeux trentenaire, \u00e0 la discographie d\u00e9j\u00e0 bien remplie !<\/p>\n","protected":false},"author":11,"featured_media":5571,"comment_status":"open","ping_status":"closed","sticky":false,"template":"","format":"standard","meta":{"_jetpack_memberships_contains_paid_content":false,"footnotes":""},"categories":[3,24],"tags":[1946,1947,1948],"coauthors":[],"class_list":["post-5570","post","type-post","status-publish","format-standard","has-post-thumbnail","hentry","category-a-la-une","category-artiste-du-mois","tag-aldebert","tag-enfantillages","tag-paradis-disponibles"],"yoast_head":"<!-- This site is optimized with the Yoast SEO plugin v27.2 - https:\/\/yoast.com\/product\/yoast-seo-wordpress\/ -->\n<title>Aldebert - Save my brain<\/title>\n<meta name=\"robots\" content=\"index, follow, max-snippet:-1, max-image-preview:large, max-video-preview:-1\" \/>\n<link rel=\"canonical\" href=\"https:\/\/www.savemybrain.net\/v2\/2009\/11\/02\/aldebert-08005570\/\" \/>\n<meta property=\"og:locale\" content=\"fr_FR\" \/>\n<meta property=\"og:type\" content=\"article\" \/>\n<meta property=\"og:title\" content=\"Aldebert - Save my brain\" \/>\n<meta property=\"og:description\" content=\"Une philosophie semble pouvoir d\u00e9crire Guillaume Aldebert, auteur\/compositeur\/interpr\u00e8te originaire de Besan\u00e7on, celle du Carpe Diem ! Retour sur la vie de ce joyeux trentenaire, \u00e0 la discographie d\u00e9j\u00e0 bien remplie !\" \/>\n<meta property=\"og:url\" content=\"https:\/\/www.savemybrain.net\/v2\/2009\/11\/02\/aldebert-08005570\/\" \/>\n<meta property=\"og:site_name\" content=\"Save my brain\" \/>\n<meta property=\"article:published_time\" content=\"2009-11-02T07:00:52+00:00\" \/>\n<meta property=\"article:modified_time\" content=\"2011-10-16T22:24:15+00:00\" \/>\n<meta property=\"og:image\" content=\"https:\/\/www.savemybrain.net\/v2\/wp-content\/uploads\/2009\/11\/aldebert.jpg\" \/>\n\t<meta property=\"og:image:width\" content=\"450\" \/>\n\t<meta property=\"og:image:height\" content=\"367\" \/>\n\t<meta property=\"og:image:type\" content=\"image\/jpeg\" \/>\n<meta name=\"author\" content=\"Marine Baccon\" \/>\n<meta name=\"twitter:card\" content=\"summary_large_image\" \/>\n<meta name=\"twitter:label1\" content=\"\u00c9crit par\" \/>\n\t<meta name=\"twitter:data1\" content=\"Marine Baccon\" \/>\n\t<meta name=\"twitter:label2\" content=\"Dur\u00e9e de lecture estim\u00e9e\" \/>\n\t<meta name=\"twitter:data2\" content=\"9 minutes\" \/>\n\t<meta name=\"twitter:label3\" content=\"Written by\" \/>\n\t<meta name=\"twitter:data3\" content=\"Marine Baccon\" \/>\n<script type=\"application\/ld+json\" class=\"yoast-schema-graph\">{\"@context\":\"https:\/\/schema.org\",\"@graph\":[{\"@type\":\"Article\",\"@id\":\"https:\/\/www.savemybrain.net\/v2\/2009\/11\/02\/aldebert-08005570\/#article\",\"isPartOf\":{\"@id\":\"https:\/\/www.savemybrain.net\/v2\/2009\/11\/02\/aldebert-08005570\/\"},\"author\":{\"name\":\"Marine Baccon\",\"@id\":\"https:\/\/www.savemybrain.net\/v2\/#\/schema\/person\/27296acf4a7fb83e3423266dffdea3ee\"},\"headline\":\"Aldebert\",\"datePublished\":\"2009-11-02T07:00:52+00:00\",\"dateModified\":\"2011-10-16T22:24:15+00:00\",\"mainEntityOfPage\":{\"@id\":\"https:\/\/www.savemybrain.net\/v2\/2009\/11\/02\/aldebert-08005570\/\"},\"wordCount\":1765,\"commentCount\":1,\"image\":{\"@id\":\"https:\/\/www.savemybrain.net\/v2\/2009\/11\/02\/aldebert-08005570\/#primaryimage\"},\"thumbnailUrl\":\"https:\/\/www.savemybrain.net\/v2\/wp-content\/uploads\/2009\/11\/aldebert.jpg\",\"keywords\":[\"aldebert\",\"enfantillages\",\"paradis disponibles\"],\"articleSection\":[\"A la Une\",\"Artiste du mois\"],\"inLanguage\":\"fr-FR\",\"potentialAction\":[{\"@type\":\"CommentAction\",\"name\":\"Comment\",\"target\":[\"https:\/\/www.savemybrain.net\/v2\/2009\/11\/02\/aldebert-08005570\/#respond\"]}]},{\"@type\":\"WebPage\",\"@id\":\"https:\/\/www.savemybrain.net\/v2\/2009\/11\/02\/aldebert-08005570\/\",\"url\":\"https:\/\/www.savemybrain.net\/v2\/2009\/11\/02\/aldebert-08005570\/\",\"name\":\"Aldebert - Save my brain\",\"isPartOf\":{\"@id\":\"https:\/\/www.savemybrain.net\/v2\/#website\"},\"primaryImageOfPage\":{\"@id\":\"https:\/\/www.savemybrain.net\/v2\/2009\/11\/02\/aldebert-08005570\/#primaryimage\"},\"image\":{\"@id\":\"https:\/\/www.savemybrain.net\/v2\/2009\/11\/02\/aldebert-08005570\/#primaryimage\"},\"thumbnailUrl\":\"https:\/\/www.savemybrain.net\/v2\/wp-content\/uploads\/2009\/11\/aldebert.jpg\",\"datePublished\":\"2009-11-02T07:00:52+00:00\",\"dateModified\":\"2011-10-16T22:24:15+00:00\",\"author\":{\"@id\":\"https:\/\/www.savemybrain.net\/v2\/#\/schema\/person\/27296acf4a7fb83e3423266dffdea3ee\"},\"inLanguage\":\"fr-FR\",\"potentialAction\":[{\"@type\":\"ReadAction\",\"target\":[\"https:\/\/www.savemybrain.net\/v2\/2009\/11\/02\/aldebert-08005570\/\"]}]},{\"@type\":\"ImageObject\",\"inLanguage\":\"fr-FR\",\"@id\":\"https:\/\/www.savemybrain.net\/v2\/2009\/11\/02\/aldebert-08005570\/#primaryimage\",\"url\":\"https:\/\/www.savemybrain.net\/v2\/wp-content\/uploads\/2009\/11\/aldebert.jpg\",\"contentUrl\":\"https:\/\/www.savemybrain.net\/v2\/wp-content\/uploads\/2009\/11\/aldebert.jpg\",\"width\":450,\"height\":367},{\"@type\":\"WebSite\",\"@id\":\"https:\/\/www.savemybrain.net\/v2\/#website\",\"url\":\"https:\/\/www.savemybrain.net\/v2\/\",\"name\":\"Save my brain\",\"description\":\"Magazine lifestyle et culturel (depuis 2007)\",\"potentialAction\":[{\"@type\":\"SearchAction\",\"target\":{\"@type\":\"EntryPoint\",\"urlTemplate\":\"https:\/\/www.savemybrain.net\/v2\/?s={search_term_string}\"},\"query-input\":{\"@type\":\"PropertyValueSpecification\",\"valueRequired\":true,\"valueName\":\"search_term_string\"}}],\"inLanguage\":\"fr-FR\"},{\"@type\":\"Person\",\"@id\":\"https:\/\/www.savemybrain.net\/v2\/#\/schema\/person\/27296acf4a7fb83e3423266dffdea3ee\",\"name\":\"Marine Baccon\",\"sameAs\":[\"http:\/\/muttinemediatique.hautetfort.com\/\"],\"url\":\"https:\/\/www.savemybrain.net\/v2\/author\/marinebaccon\/\"}]}<\/script>\n<!-- \/ Yoast SEO plugin. -->","yoast_head_json":{"title":"Aldebert - Save my brain","robots":{"index":"index","follow":"follow","max-snippet":"max-snippet:-1","max-image-preview":"max-image-preview:large","max-video-preview":"max-video-preview:-1"},"canonical":"https:\/\/www.savemybrain.net\/v2\/2009\/11\/02\/aldebert-08005570\/","og_locale":"fr_FR","og_type":"article","og_title":"Aldebert - Save my brain","og_description":"Une philosophie semble pouvoir d\u00e9crire Guillaume Aldebert, auteur\/compositeur\/interpr\u00e8te originaire de Besan\u00e7on, celle du Carpe Diem ! Retour sur la vie de ce joyeux trentenaire, \u00e0 la discographie d\u00e9j\u00e0 bien remplie !","og_url":"https:\/\/www.savemybrain.net\/v2\/2009\/11\/02\/aldebert-08005570\/","og_site_name":"Save my brain","article_published_time":"2009-11-02T07:00:52+00:00","article_modified_time":"2011-10-16T22:24:15+00:00","og_image":[{"width":450,"height":367,"url":"https:\/\/www.savemybrain.net\/v2\/wp-content\/uploads\/2009\/11\/aldebert.jpg","type":"image\/jpeg"}],"author":"Marine Baccon","twitter_card":"summary_large_image","twitter_misc":{"\u00c9crit par":"Marine Baccon","Dur\u00e9e de lecture estim\u00e9e":"9 minutes","Written by":"Marine Baccon"},"schema":{"@context":"https:\/\/schema.org","@graph":[{"@type":"Article","@id":"https:\/\/www.savemybrain.net\/v2\/2009\/11\/02\/aldebert-08005570\/#article","isPartOf":{"@id":"https:\/\/www.savemybrain.net\/v2\/2009\/11\/02\/aldebert-08005570\/"},"author":{"name":"Marine Baccon","@id":"https:\/\/www.savemybrain.net\/v2\/#\/schema\/person\/27296acf4a7fb83e3423266dffdea3ee"},"headline":"Aldebert","datePublished":"2009-11-02T07:00:52+00:00","dateModified":"2011-10-16T22:24:15+00:00","mainEntityOfPage":{"@id":"https:\/\/www.savemybrain.net\/v2\/2009\/11\/02\/aldebert-08005570\/"},"wordCount":1765,"commentCount":1,"image":{"@id":"https:\/\/www.savemybrain.net\/v2\/2009\/11\/02\/aldebert-08005570\/#primaryimage"},"thumbnailUrl":"https:\/\/www.savemybrain.net\/v2\/wp-content\/uploads\/2009\/11\/aldebert.jpg","keywords":["aldebert","enfantillages","paradis disponibles"],"articleSection":["A la Une","Artiste du mois"],"inLanguage":"fr-FR","potentialAction":[{"@type":"CommentAction","name":"Comment","target":["https:\/\/www.savemybrain.net\/v2\/2009\/11\/02\/aldebert-08005570\/#respond"]}]},{"@type":"WebPage","@id":"https:\/\/www.savemybrain.net\/v2\/2009\/11\/02\/aldebert-08005570\/","url":"https:\/\/www.savemybrain.net\/v2\/2009\/11\/02\/aldebert-08005570\/","name":"Aldebert - Save my brain","isPartOf":{"@id":"https:\/\/www.savemybrain.net\/v2\/#website"},"primaryImageOfPage":{"@id":"https:\/\/www.savemybrain.net\/v2\/2009\/11\/02\/aldebert-08005570\/#primaryimage"},"image":{"@id":"https:\/\/www.savemybrain.net\/v2\/2009\/11\/02\/aldebert-08005570\/#primaryimage"},"thumbnailUrl":"https:\/\/www.savemybrain.net\/v2\/wp-content\/uploads\/2009\/11\/aldebert.jpg","datePublished":"2009-11-02T07:00:52+00:00","dateModified":"2011-10-16T22:24:15+00:00","author":{"@id":"https:\/\/www.savemybrain.net\/v2\/#\/schema\/person\/27296acf4a7fb83e3423266dffdea3ee"},"inLanguage":"fr-FR","potentialAction":[{"@type":"ReadAction","target":["https:\/\/www.savemybrain.net\/v2\/2009\/11\/02\/aldebert-08005570\/"]}]},{"@type":"ImageObject","inLanguage":"fr-FR","@id":"https:\/\/www.savemybrain.net\/v2\/2009\/11\/02\/aldebert-08005570\/#primaryimage","url":"https:\/\/www.savemybrain.net\/v2\/wp-content\/uploads\/2009\/11\/aldebert.jpg","contentUrl":"https:\/\/www.savemybrain.net\/v2\/wp-content\/uploads\/2009\/11\/aldebert.jpg","width":450,"height":367},{"@type":"WebSite","@id":"https:\/\/www.savemybrain.net\/v2\/#website","url":"https:\/\/www.savemybrain.net\/v2\/","name":"Save my brain","description":"Magazine lifestyle et culturel (depuis 2007)","potentialAction":[{"@type":"SearchAction","target":{"@type":"EntryPoint","urlTemplate":"https:\/\/www.savemybrain.net\/v2\/?s={search_term_string}"},"query-input":{"@type":"PropertyValueSpecification","valueRequired":true,"valueName":"search_term_string"}}],"inLanguage":"fr-FR"},{"@type":"Person","@id":"https:\/\/www.savemybrain.net\/v2\/#\/schema\/person\/27296acf4a7fb83e3423266dffdea3ee","name":"Marine Baccon","sameAs":["http:\/\/muttinemediatique.hautetfort.com\/"],"url":"https:\/\/www.savemybrain.net\/v2\/author\/marinebaccon\/"}]}},"jetpack_featured_media_url":"https:\/\/www.savemybrain.net\/v2\/wp-content\/uploads\/2009\/11\/aldebert.jpg","jetpack_sharing_enabled":true,"_links":{"self":[{"href":"https:\/\/www.savemybrain.net\/v2\/wp-json\/wp\/v2\/posts\/5570","targetHints":{"allow":["GET"]}}],"collection":[{"href":"https:\/\/www.savemybrain.net\/v2\/wp-json\/wp\/v2\/posts"}],"about":[{"href":"https:\/\/www.savemybrain.net\/v2\/wp-json\/wp\/v2\/types\/post"}],"author":[{"embeddable":true,"href":"https:\/\/www.savemybrain.net\/v2\/wp-json\/wp\/v2\/users\/11"}],"replies":[{"embeddable":true,"href":"https:\/\/www.savemybrain.net\/v2\/wp-json\/wp\/v2\/comments?post=5570"}],"version-history":[{"count":0,"href":"https:\/\/www.savemybrain.net\/v2\/wp-json\/wp\/v2\/posts\/5570\/revisions"}],"wp:featuredmedia":[{"embeddable":true,"href":"https:\/\/www.savemybrain.net\/v2\/wp-json\/wp\/v2\/media\/5571"}],"wp:attachment":[{"href":"https:\/\/www.savemybrain.net\/v2\/wp-json\/wp\/v2\/media?parent=5570"}],"wp:term":[{"taxonomy":"category","embeddable":true,"href":"https:\/\/www.savemybrain.net\/v2\/wp-json\/wp\/v2\/categories?post=5570"},{"taxonomy":"post_tag","embeddable":true,"href":"https:\/\/www.savemybrain.net\/v2\/wp-json\/wp\/v2\/tags?post=5570"},{"taxonomy":"author","embeddable":true,"href":"https:\/\/www.savemybrain.net\/v2\/wp-json\/wp\/v2\/coauthors?post=5570"}],"curies":[{"name":"wp","href":"https:\/\/api.w.org\/{rel}","templated":true}]}}