{"id":5090,"date":"2009-09-21T09:43:30","date_gmt":"2009-09-21T08:43:30","guid":{"rendered":"http:\/\/savemybrain.net\/v2\/?p=5090"},"modified":"2011-10-16T21:14:50","modified_gmt":"2011-10-16T19:14:50","slug":"les-epidemies-saisonnieres","status":"publish","type":"post","link":"https:\/\/www.savemybrain.net\/v2\/2009\/09\/21\/les-epidemies-saisonnieres-09435090\/","title":{"rendered":"Les \u00e9pid\u00e9mies saisonni\u00e8res"},"content":{"rendered":"<p align=\"justify\">La semaine derni\u00e8re, j\u2019ai mis \u00e0 jour mon statut facebook en annon\u00e7ant que j\u2019\u00e9tais fatigu\u00e9e. Pas de quoi fouetter un chat, les gens sont toujours fatigu\u00e9s si ce n\u2019est pour r\u00e2ler sans prendre de risque ou susciter un peu de compassion \u00e0 leur encontre. Mais que n\u2019ai-je point fait l\u00e0 ! En moins de 3 heures j\u2019h\u00e9ritais de 4 diagnostics amicaux (mais non professionnels) arguant d\u2019une grippe en incubation, voir carr\u00e9ment d\u2019un statut de gripp\u00e9e au H5N1 : la grippe A avait pris possession de moi !<!--more--><\/p>\n<p align=\"center\"><img loading=\"lazy\" decoding=\"async\" class=\"aligncenter size-full wp-image-5093\" title=\"pandemie grippale\" src=\"http:\/\/savemybrain.net\/v2\/wp-content\/uploads\/2009\/09\/pandemie_grippale_lq.jpg\" alt=\"\" width=\"450\" height=\"506\" srcset=\"https:\/\/www.savemybrain.net\/v2\/wp-content\/uploads\/2009\/09\/pandemie_grippale_lq.jpg 450w, https:\/\/www.savemybrain.net\/v2\/wp-content\/uploads\/2009\/09\/pandemie_grippale_lq-445x500.jpg 445w\" sizes=\"auto, (max-width: 450px) 100vw, 450px\" \/><\/p>\n<p align=\"justify\">Une prise de temp\u00e9rature plus tard j\u2019annon\u00e7ais fi\u00e8rement que \u00ab NON j\u2019ai pas la grippe \u00bb et je calmais d\u2019un m\u00eame coup mes angoisses et les corbeaux de mauvais augures. A la suite de quoi je partais m\u2019engouffrer dans le m\u00e9tro avec la moiti\u00e9 de la population parisienne rentrant chez elle apr\u00e8s le travail.<\/p>\n<p align=\"justify\">Et c\u2019est l\u00e0, assise sur un strapontin grin\u00e7ant, que j\u2019ai commenc\u00e9 \u00e0 voir les choses sous un autre angle. Tandis que les \u00e9couteurs de mon voisin couinaient une musique inconnue, j\u2019observais la faune humaine \u00e0 mes cot\u00e9s\u2026<\/p>\n<p align=\"justify\">Par ici c\u2019est une main qui l\u00e2che la barre de soutien et laisse une trace luisante de transpiration \u00e0 laquelle vient se coller la main d\u2019un autre voyageur. L\u00e0 bas c\u2019est une vielle dame qui se mouche dans un mouchoir en tissu avant de se frotter le nez du dos de la main. Derri\u00e8re moi j\u2019entends quelques \u00e9ternuements et je m\u2019aper\u00e7ois soudain que le voisin de strapontin, en plus d\u2019avoir un go\u00fbt musical d\u00e9plorable, semble exalter une chaleur anormale (peut \u00eatre annonciatrice d\u2019une fi\u00e8vre ?).<\/p>\n<p align=\"justify\">J\u2019ai l\u2019impression que le temps ralenti, ma d\u00e9glutition semble faire autant de bruit qu\u2019un signale sonore et je me mets \u00e0 voir des petits num\u00e9ros de germes voler \u00e0 travers tout le wagon. Une d\u00e9sinfection des mains s\u2018impose ! Et tandis que je fouille mon sac en essayant de limiter le contact avec mon voisin suspect, je b\u00e9nie l\u2019inventeur de la solution hydro-alcoolique.<\/p>\n<p align=\"justify\">Que n\u2019a-t-il pas invent\u00e9 aussi la solution d\u00e9sinfectante pour le nez, la gorge et assurer ainsi un soin anti-bact\u00e9rien total ?<\/p>\n<p align=\"justify\">D\u2019ailleurs pourquoi la RATP ne penserait-elle pas \u00e0 installer des douches de d\u00e9contamination \u00e0 l\u2019entr\u00e9e du m\u00e9tro. Au moment o\u00f9 l\u2019on passe son ticket une petite pomme de douche se chargerait de nous d\u00e9sinfecter et le m\u00e9tro deviendrait un havre de s\u00fbret\u00e9 sanitaire.<\/p>\n<p align=\"justify\">\u00c9videmment le bain st\u00e9rilisant mettrait un sacr\u00e9 coup \u00e0 mes chaussures en daim et il faudrait peut-\u00eatre choisir de distribuer des chaussons en plastique \u00e0 mettre par-dessus ses souliers. D\u2019ailleurs, le port obligatoire de la charlotte \u00e9viterait d\u2019avoir \u00e0 regarder les cheveux gras et pellicul\u00e9s de la dame assise en face de moi.<\/p>\n<p align=\"justify\">Ajouter \u00e0 cela une paire de gants pour ne pas salir ses doigts et on pourrait organiser des flashmobs hygi\u00e9nistes dans chaque station de m\u00e9tro. Finie la crainte de la gastro et des grippes exotiques, on pourrait m\u00eame installer des cr\u00e8che temporaires pendant les pics de bronchiolite pour pr\u00e9server la sant\u00e9 des marmots !<\/p>\n<p align=\"justify\">Il ne resterait plus qu\u2019\u00e0 interdire les poign\u00e9es de mains \u00e0 l\u2019ext\u00e9rieur et \u00e0 d\u00e9clarer ill\u00e9gale la bise ou autre contact tactile pour limiter les principaux risques de contamination et ainsi faire taire la parano \u00e9pid\u00e9mique qui a envahi m\u00e9dias et conversations de comptoirs.<\/p>\n<p align=\"justify\">Car avouez-le, vous trouvez que j\u2019exag\u00e8re, n\u2019est ce pas ? Pourtant regardez autour de vous : les gens se surveillent d\u00e8s que quelqu\u2019un tousse dans le wagon et le gel hydro-alcoolique est d\u00e9sormais partout. Il n\u2019y a pas un journal t\u00e9l\u00e9visuel sans son petit sujet sur les \u00e9pid\u00e9mies actuelles (et \u00e0 venir).<\/p>\n<p align=\"justify\">Alors avant d\u2019acheter masques, gants et tamiflu ne devrait-on pas commencer par se prot\u00e9ger de l\u2019intoxication informative ? Prenez soin de vous en vous limitant aux gestes de protection adapt\u00e9s et en vous tenant \u00e9loignez des alarmistes : c\u2019est bon pour votre compte en banque, vos nerfs et votre moral ;-)<\/p>\n","protected":false},"excerpt":{"rendered":"<p>La semaine derni\u00e8re, j\u2019ai mis \u00e0 jour mon statut facebook en annon\u00e7ant que j\u2019\u00e9tais fatigu\u00e9e. Pas de quoi fouetter un chat, les gens sont toujours fatigu\u00e9s si ce n\u2019est pour r\u00e2ler sans prendre de risque ou susciter un peu de compassion \u00e0 leur encontre. Mais que n\u2019ai-je point fait l\u00e0 ! En moins de 3 heures j\u2019h\u00e9ritais de 4 diagnostics amicaux (mais non professionnels) arguant d\u2019une grippe en incubation, voir carr\u00e9ment d\u2019un statut de gripp\u00e9e au H5N1 : la grippe A avait pris possession de moi !<\/p>\n","protected":false},"author":34,"featured_media":5093,"comment_status":"open","ping_status":"closed","sticky":false,"template":"","format":"standard","meta":{"_jetpack_memberships_contains_paid_content":false,"footnotes":""},"categories":[26,25],"tags":[1840,576,705],"coauthors":[],"class_list":["post-5090","post","type-post","status-publish","format-standard","has-post-thumbnail","hentry","category-chroniques-ordinaires","category-chroniques-feminines-humeurs","tag-grippe-h1n1","tag-maladie","tag-sante"],"yoast_head":"<!-- This site is optimized with the Yoast SEO plugin v27.2 - https:\/\/yoast.com\/product\/yoast-seo-wordpress\/ -->\n<title>Les \u00e9pid\u00e9mies saisonni\u00e8res - Save my brain<\/title>\n<meta name=\"robots\" content=\"index, follow, max-snippet:-1, max-image-preview:large, max-video-preview:-1\" \/>\n<link rel=\"canonical\" href=\"https:\/\/www.savemybrain.net\/v2\/2009\/09\/21\/les-epidemies-saisonnieres-09435090\/\" \/>\n<meta property=\"og:locale\" content=\"fr_FR\" \/>\n<meta property=\"og:type\" content=\"article\" \/>\n<meta property=\"og:title\" content=\"Les \u00e9pid\u00e9mies saisonni\u00e8res - Save my brain\" \/>\n<meta property=\"og:description\" content=\"La semaine derni\u00e8re, j\u2019ai mis \u00e0 jour mon statut facebook en annon\u00e7ant que j\u2019\u00e9tais fatigu\u00e9e. Pas de quoi fouetter un chat, les gens sont toujours fatigu\u00e9s si ce n\u2019est pour r\u00e2ler sans prendre de risque ou susciter un peu de compassion \u00e0 leur encontre. Mais que n\u2019ai-je point fait l\u00e0 ! En moins de 3 heures j\u2019h\u00e9ritais de 4 diagnostics amicaux (mais non professionnels) arguant d\u2019une grippe en incubation, voir carr\u00e9ment d\u2019un statut de gripp\u00e9e au H5N1 : la grippe A avait pris possession de moi !\" \/>\n<meta property=\"og:url\" content=\"https:\/\/www.savemybrain.net\/v2\/2009\/09\/21\/les-epidemies-saisonnieres-09435090\/\" \/>\n<meta property=\"og:site_name\" content=\"Save my brain\" \/>\n<meta property=\"article:published_time\" content=\"2009-09-21T08:43:30+00:00\" \/>\n<meta property=\"article:modified_time\" content=\"2011-10-16T19:14:50+00:00\" \/>\n<meta property=\"og:image\" content=\"https:\/\/www.savemybrain.net\/v2\/wp-content\/uploads\/2009\/09\/pandemie_grippale_lq.jpg\" \/>\n\t<meta property=\"og:image:width\" content=\"450\" \/>\n\t<meta property=\"og:image:height\" content=\"506\" \/>\n\t<meta property=\"og:image:type\" content=\"image\/jpeg\" \/>\n<meta name=\"author\" content=\"Mlle Gima\" \/>\n<meta name=\"twitter:card\" content=\"summary_large_image\" \/>\n<meta name=\"twitter:label1\" content=\"\u00c9crit par\" \/>\n\t<meta name=\"twitter:data1\" content=\"Mlle Gima\" \/>\n\t<meta name=\"twitter:label2\" content=\"Dur\u00e9e de lecture estim\u00e9e\" \/>\n\t<meta name=\"twitter:data2\" content=\"4 minutes\" \/>\n\t<meta name=\"twitter:label3\" content=\"Written by\" \/>\n\t<meta name=\"twitter:data3\" content=\"Mlle Gima\" \/>\n<script type=\"application\/ld+json\" class=\"yoast-schema-graph\">{\"@context\":\"https:\/\/schema.org\",\"@graph\":[{\"@type\":\"Article\",\"@id\":\"https:\/\/www.savemybrain.net\/v2\/2009\/09\/21\/les-epidemies-saisonnieres-09435090\/#article\",\"isPartOf\":{\"@id\":\"https:\/\/www.savemybrain.net\/v2\/2009\/09\/21\/les-epidemies-saisonnieres-09435090\/\"},\"author\":{\"name\":\"Mlle Gima\",\"@id\":\"https:\/\/www.savemybrain.net\/v2\/#\/schema\/person\/f4d6545bbc80bcc68547b6c649cbf18a\"},\"headline\":\"Les \u00e9pid\u00e9mies saisonni\u00e8res\",\"datePublished\":\"2009-09-21T08:43:30+00:00\",\"dateModified\":\"2011-10-16T19:14:50+00:00\",\"mainEntityOfPage\":{\"@id\":\"https:\/\/www.savemybrain.net\/v2\/2009\/09\/21\/les-epidemies-saisonnieres-09435090\/\"},\"wordCount\":715,\"commentCount\":9,\"image\":{\"@id\":\"https:\/\/www.savemybrain.net\/v2\/2009\/09\/21\/les-epidemies-saisonnieres-09435090\/#primaryimage\"},\"thumbnailUrl\":\"https:\/\/www.savemybrain.net\/v2\/wp-content\/uploads\/2009\/09\/pandemie_grippale_lq.jpg\",\"keywords\":[\"grippe H1N1\",\"maladie\",\"sant\u00e9\"],\"articleSection\":[\"Chroniques ordinaires\",\"Humeurs\"],\"inLanguage\":\"fr-FR\",\"potentialAction\":[{\"@type\":\"CommentAction\",\"name\":\"Comment\",\"target\":[\"https:\/\/www.savemybrain.net\/v2\/2009\/09\/21\/les-epidemies-saisonnieres-09435090\/#respond\"]}]},{\"@type\":\"WebPage\",\"@id\":\"https:\/\/www.savemybrain.net\/v2\/2009\/09\/21\/les-epidemies-saisonnieres-09435090\/\",\"url\":\"https:\/\/www.savemybrain.net\/v2\/2009\/09\/21\/les-epidemies-saisonnieres-09435090\/\",\"name\":\"Les \u00e9pid\u00e9mies saisonni\u00e8res - Save my brain\",\"isPartOf\":{\"@id\":\"https:\/\/www.savemybrain.net\/v2\/#website\"},\"primaryImageOfPage\":{\"@id\":\"https:\/\/www.savemybrain.net\/v2\/2009\/09\/21\/les-epidemies-saisonnieres-09435090\/#primaryimage\"},\"image\":{\"@id\":\"https:\/\/www.savemybrain.net\/v2\/2009\/09\/21\/les-epidemies-saisonnieres-09435090\/#primaryimage\"},\"thumbnailUrl\":\"https:\/\/www.savemybrain.net\/v2\/wp-content\/uploads\/2009\/09\/pandemie_grippale_lq.jpg\",\"datePublished\":\"2009-09-21T08:43:30+00:00\",\"dateModified\":\"2011-10-16T19:14:50+00:00\",\"author\":{\"@id\":\"https:\/\/www.savemybrain.net\/v2\/#\/schema\/person\/f4d6545bbc80bcc68547b6c649cbf18a\"},\"inLanguage\":\"fr-FR\",\"potentialAction\":[{\"@type\":\"ReadAction\",\"target\":[\"https:\/\/www.savemybrain.net\/v2\/2009\/09\/21\/les-epidemies-saisonnieres-09435090\/\"]}]},{\"@type\":\"ImageObject\",\"inLanguage\":\"fr-FR\",\"@id\":\"https:\/\/www.savemybrain.net\/v2\/2009\/09\/21\/les-epidemies-saisonnieres-09435090\/#primaryimage\",\"url\":\"https:\/\/www.savemybrain.net\/v2\/wp-content\/uploads\/2009\/09\/pandemie_grippale_lq.jpg\",\"contentUrl\":\"https:\/\/www.savemybrain.net\/v2\/wp-content\/uploads\/2009\/09\/pandemie_grippale_lq.jpg\",\"width\":450,\"height\":506},{\"@type\":\"WebSite\",\"@id\":\"https:\/\/www.savemybrain.net\/v2\/#website\",\"url\":\"https:\/\/www.savemybrain.net\/v2\/\",\"name\":\"Save my brain\",\"description\":\"Magazine lifestyle et culturel (depuis 2007)\",\"potentialAction\":[{\"@type\":\"SearchAction\",\"target\":{\"@type\":\"EntryPoint\",\"urlTemplate\":\"https:\/\/www.savemybrain.net\/v2\/?s={search_term_string}\"},\"query-input\":{\"@type\":\"PropertyValueSpecification\",\"valueRequired\":true,\"valueName\":\"search_term_string\"}}],\"inLanguage\":\"fr-FR\"},{\"@type\":\"Person\",\"@id\":\"https:\/\/www.savemybrain.net\/v2\/#\/schema\/person\/f4d6545bbc80bcc68547b6c649cbf18a\",\"name\":\"Mlle Gima\",\"sameAs\":[\"http:\/\/www.mllegima.net\/blog\"],\"url\":\"https:\/\/www.savemybrain.net\/v2\/author\/mllegima\/\"}]}<\/script>\n<!-- \/ Yoast SEO plugin. -->","yoast_head_json":{"title":"Les \u00e9pid\u00e9mies saisonni\u00e8res - Save my brain","robots":{"index":"index","follow":"follow","max-snippet":"max-snippet:-1","max-image-preview":"max-image-preview:large","max-video-preview":"max-video-preview:-1"},"canonical":"https:\/\/www.savemybrain.net\/v2\/2009\/09\/21\/les-epidemies-saisonnieres-09435090\/","og_locale":"fr_FR","og_type":"article","og_title":"Les \u00e9pid\u00e9mies saisonni\u00e8res - Save my brain","og_description":"La semaine derni\u00e8re, j\u2019ai mis \u00e0 jour mon statut facebook en annon\u00e7ant que j\u2019\u00e9tais fatigu\u00e9e. Pas de quoi fouetter un chat, les gens sont toujours fatigu\u00e9s si ce n\u2019est pour r\u00e2ler sans prendre de risque ou susciter un peu de compassion \u00e0 leur encontre. Mais que n\u2019ai-je point fait l\u00e0 ! En moins de 3 heures j\u2019h\u00e9ritais de 4 diagnostics amicaux (mais non professionnels) arguant d\u2019une grippe en incubation, voir carr\u00e9ment d\u2019un statut de gripp\u00e9e au H5N1 : la grippe A avait pris possession de moi !","og_url":"https:\/\/www.savemybrain.net\/v2\/2009\/09\/21\/les-epidemies-saisonnieres-09435090\/","og_site_name":"Save my brain","article_published_time":"2009-09-21T08:43:30+00:00","article_modified_time":"2011-10-16T19:14:50+00:00","og_image":[{"width":450,"height":506,"url":"https:\/\/www.savemybrain.net\/v2\/wp-content\/uploads\/2009\/09\/pandemie_grippale_lq.jpg","type":"image\/jpeg"}],"author":"Mlle Gima","twitter_card":"summary_large_image","twitter_misc":{"\u00c9crit par":"Mlle Gima","Dur\u00e9e de lecture estim\u00e9e":"4 minutes","Written by":"Mlle Gima"},"schema":{"@context":"https:\/\/schema.org","@graph":[{"@type":"Article","@id":"https:\/\/www.savemybrain.net\/v2\/2009\/09\/21\/les-epidemies-saisonnieres-09435090\/#article","isPartOf":{"@id":"https:\/\/www.savemybrain.net\/v2\/2009\/09\/21\/les-epidemies-saisonnieres-09435090\/"},"author":{"name":"Mlle Gima","@id":"https:\/\/www.savemybrain.net\/v2\/#\/schema\/person\/f4d6545bbc80bcc68547b6c649cbf18a"},"headline":"Les \u00e9pid\u00e9mies saisonni\u00e8res","datePublished":"2009-09-21T08:43:30+00:00","dateModified":"2011-10-16T19:14:50+00:00","mainEntityOfPage":{"@id":"https:\/\/www.savemybrain.net\/v2\/2009\/09\/21\/les-epidemies-saisonnieres-09435090\/"},"wordCount":715,"commentCount":9,"image":{"@id":"https:\/\/www.savemybrain.net\/v2\/2009\/09\/21\/les-epidemies-saisonnieres-09435090\/#primaryimage"},"thumbnailUrl":"https:\/\/www.savemybrain.net\/v2\/wp-content\/uploads\/2009\/09\/pandemie_grippale_lq.jpg","keywords":["grippe H1N1","maladie","sant\u00e9"],"articleSection":["Chroniques ordinaires","Humeurs"],"inLanguage":"fr-FR","potentialAction":[{"@type":"CommentAction","name":"Comment","target":["https:\/\/www.savemybrain.net\/v2\/2009\/09\/21\/les-epidemies-saisonnieres-09435090\/#respond"]}]},{"@type":"WebPage","@id":"https:\/\/www.savemybrain.net\/v2\/2009\/09\/21\/les-epidemies-saisonnieres-09435090\/","url":"https:\/\/www.savemybrain.net\/v2\/2009\/09\/21\/les-epidemies-saisonnieres-09435090\/","name":"Les \u00e9pid\u00e9mies saisonni\u00e8res - Save my brain","isPartOf":{"@id":"https:\/\/www.savemybrain.net\/v2\/#website"},"primaryImageOfPage":{"@id":"https:\/\/www.savemybrain.net\/v2\/2009\/09\/21\/les-epidemies-saisonnieres-09435090\/#primaryimage"},"image":{"@id":"https:\/\/www.savemybrain.net\/v2\/2009\/09\/21\/les-epidemies-saisonnieres-09435090\/#primaryimage"},"thumbnailUrl":"https:\/\/www.savemybrain.net\/v2\/wp-content\/uploads\/2009\/09\/pandemie_grippale_lq.jpg","datePublished":"2009-09-21T08:43:30+00:00","dateModified":"2011-10-16T19:14:50+00:00","author":{"@id":"https:\/\/www.savemybrain.net\/v2\/#\/schema\/person\/f4d6545bbc80bcc68547b6c649cbf18a"},"inLanguage":"fr-FR","potentialAction":[{"@type":"ReadAction","target":["https:\/\/www.savemybrain.net\/v2\/2009\/09\/21\/les-epidemies-saisonnieres-09435090\/"]}]},{"@type":"ImageObject","inLanguage":"fr-FR","@id":"https:\/\/www.savemybrain.net\/v2\/2009\/09\/21\/les-epidemies-saisonnieres-09435090\/#primaryimage","url":"https:\/\/www.savemybrain.net\/v2\/wp-content\/uploads\/2009\/09\/pandemie_grippale_lq.jpg","contentUrl":"https:\/\/www.savemybrain.net\/v2\/wp-content\/uploads\/2009\/09\/pandemie_grippale_lq.jpg","width":450,"height":506},{"@type":"WebSite","@id":"https:\/\/www.savemybrain.net\/v2\/#website","url":"https:\/\/www.savemybrain.net\/v2\/","name":"Save my brain","description":"Magazine lifestyle et culturel (depuis 2007)","potentialAction":[{"@type":"SearchAction","target":{"@type":"EntryPoint","urlTemplate":"https:\/\/www.savemybrain.net\/v2\/?s={search_term_string}"},"query-input":{"@type":"PropertyValueSpecification","valueRequired":true,"valueName":"search_term_string"}}],"inLanguage":"fr-FR"},{"@type":"Person","@id":"https:\/\/www.savemybrain.net\/v2\/#\/schema\/person\/f4d6545bbc80bcc68547b6c649cbf18a","name":"Mlle Gima","sameAs":["http:\/\/www.mllegima.net\/blog"],"url":"https:\/\/www.savemybrain.net\/v2\/author\/mllegima\/"}]}},"jetpack_featured_media_url":"https:\/\/www.savemybrain.net\/v2\/wp-content\/uploads\/2009\/09\/pandemie_grippale_lq.jpg","jetpack_sharing_enabled":true,"_links":{"self":[{"href":"https:\/\/www.savemybrain.net\/v2\/wp-json\/wp\/v2\/posts\/5090","targetHints":{"allow":["GET"]}}],"collection":[{"href":"https:\/\/www.savemybrain.net\/v2\/wp-json\/wp\/v2\/posts"}],"about":[{"href":"https:\/\/www.savemybrain.net\/v2\/wp-json\/wp\/v2\/types\/post"}],"author":[{"embeddable":true,"href":"https:\/\/www.savemybrain.net\/v2\/wp-json\/wp\/v2\/users\/34"}],"replies":[{"embeddable":true,"href":"https:\/\/www.savemybrain.net\/v2\/wp-json\/wp\/v2\/comments?post=5090"}],"version-history":[{"count":0,"href":"https:\/\/www.savemybrain.net\/v2\/wp-json\/wp\/v2\/posts\/5090\/revisions"}],"wp:featuredmedia":[{"embeddable":true,"href":"https:\/\/www.savemybrain.net\/v2\/wp-json\/wp\/v2\/media\/5093"}],"wp:attachment":[{"href":"https:\/\/www.savemybrain.net\/v2\/wp-json\/wp\/v2\/media?parent=5090"}],"wp:term":[{"taxonomy":"category","embeddable":true,"href":"https:\/\/www.savemybrain.net\/v2\/wp-json\/wp\/v2\/categories?post=5090"},{"taxonomy":"post_tag","embeddable":true,"href":"https:\/\/www.savemybrain.net\/v2\/wp-json\/wp\/v2\/tags?post=5090"},{"taxonomy":"author","embeddable":true,"href":"https:\/\/www.savemybrain.net\/v2\/wp-json\/wp\/v2\/coauthors?post=5090"}],"curies":[{"name":"wp","href":"https:\/\/api.w.org\/{rel}","templated":true}]}}