{"id":4195,"date":"2008-03-31T08:00:08","date_gmt":"2008-03-31T07:00:08","guid":{"rendered":"http:\/\/savemybrain.net\/v2\/?p=4195"},"modified":"2009-08-07T13:28:51","modified_gmt":"2009-08-07T12:28:51","slug":"elisa-tovati-je-ne-mache-pas-les-mots","status":"publish","type":"post","link":"https:\/\/www.savemybrain.net\/v2\/2008\/03\/31\/elisa-tovati-je-ne-mache-pas-les-mots-08004195\/","title":{"rendered":"Elisa Tovati &#8211; Je Ne M\u00e2che Pas Les Mots"},"content":{"rendered":"<p><a href=\"http:\/\/savemybrain.net\/medias\/tovati.jpg\"><br \/>\n<\/a><\/p>\n<p align=\"center\"><a href=\"http:\/\/savemybrain.net\/medias\/tovati.jpg\"><img loading=\"lazy\" decoding=\"async\" class=\"aligncenter\" title=\"Elisa Tovati\" src=\"http:\/\/savemybrain.net\/medias\/tovati.jpg\" alt=\"\" width=\"150\" height=\"136\" \/><\/a><\/p>\n<p align=\"justify\">On connait surtout Elisa Tovati en tant qu&rsquo;actrice, suite \u00e0 son r\u00f4le dans \u00ab\u00a0La V\u00e9rit\u00e9 si je mens 2\u00a0\u00bb. En parall\u00e8le, elle m\u00e8ne une carri\u00e8re de chanteuse, relativement discr\u00e8te pour le moment. \u00ab\u00a0Je ne m\u00e2che pas les mots\u00a0\u00bb est son deuxi\u00e8me album. Elle a su s&rsquo;entourer de beau monde pour les compositions : Raphael, Vincent Baguian, Marc Lavoine&#8230; Le tout pour treize chansons vivantes (\u00ab\u00a0Enorm\u00e9ment\u00a0\u00bb), dr\u00f4les (\u00ab\u00a0Un Gar\u00e7on Facile\u00a0\u00bb), f\u00e9ministes (\u00ab\u00a0La Fin De Partie\u00a0\u00bb) ou \u00e9mouvantes (\u00ab\u00a0Ca Ne Sert A Rien D&rsquo;aimer\u00a0\u00bb). Des m\u00e9lodies qu&rsquo;on ne se lasse pas d&rsquo;\u00e9couter, en accord avec des textes de qualit\u00e9.<\/p>\n<p>A \u00e9couter : \u00ab\u00a0D\u00e9bile Menthol\u00a0\u00bb &#8211; \u00ab\u00a0L&rsquo;ennui Me Portera Conseil\u00a0\u00bb &#8211; \u00ab\u00a0Dormir Avec Toi\u00a0\u00bb &#8211; \u00ab\u00a0La Gr\u00e8ve\u00a0\u00bb<\/p>\n","protected":false},"excerpt":{"rendered":"<p>On connait surtout Elisa Tovati en tant qu&rsquo;actrice, suite \u00e0 son r\u00f4le dans \u00ab\u00a0La V\u00e9rit\u00e9 si je mens 2\u00a0\u00bb. En parall\u00e8le, elle m\u00e8ne une carri\u00e8re de chanteuse, relativement discr\u00e8te pour le moment. \u00ab\u00a0Je ne m\u00e2che pas les mots\u00a0\u00bb est son deuxi\u00e8me album. Elle a su s&rsquo;entourer de beau monde pour les compositions : Raphael, Vincent Baguian, Marc Lavoine&#8230; Le tout pour treize chansons vivantes (\u00ab\u00a0Enorm\u00e9ment\u00a0\u00bb), dr\u00f4les (\u00ab\u00a0Un Gar\u00e7on Facile\u00a0\u00bb), f\u00e9ministes (\u00ab\u00a0La Fin De Partie\u00a0\u00bb) ou \u00e9mouvantes (\u00ab\u00a0Ca Ne Sert A Rien D&rsquo;aimer\u00a0\u00bb). Des m\u00e9lodies qu&rsquo;on ne se lasse pas d&rsquo;\u00e9couter, en accord avec des textes de qualit\u00e9. A \u00e9couter : \u00ab\u00a0D\u00e9bile Menthol\u00a0\u00bb &#8211; \u00ab\u00a0L&rsquo;ennui Me Portera Conseil\u00a0\u00bb &#8211; \u00ab\u00a0Dormir Avec Toi\u00a0\u00bb &#8211; \u00ab\u00a0La Gr\u00e8ve\u00a0\u00bb<\/p>\n","protected":false},"author":6,"featured_media":0,"comment_status":"open","ping_status":"closed","sticky":false,"template":"","format":"standard","meta":{"_jetpack_memberships_contains_paid_content":false,"footnotes":""},"categories":[47],"tags":[1464,1465],"coauthors":[],"class_list":["post-4195","post","type-post","status-publish","format-standard","hentry","category-chroniques-cd","tag-elisa-tovati","tag-je-ne-mache-pas-les-mots"],"yoast_head":"<!-- This site is optimized with the Yoast SEO plugin v27.2 - https:\/\/yoast.com\/product\/yoast-seo-wordpress\/ -->\n<title>Elisa Tovati - Je Ne M\u00e2che Pas Les Mots - Save my brain<\/title>\n<meta name=\"robots\" content=\"index, follow, max-snippet:-1, max-image-preview:large, max-video-preview:-1\" \/>\n<link rel=\"canonical\" href=\"https:\/\/www.savemybrain.net\/v2\/2008\/03\/31\/elisa-tovati-je-ne-mache-pas-les-mots-08004195\/\" \/>\n<meta property=\"og:locale\" content=\"fr_FR\" \/>\n<meta property=\"og:type\" content=\"article\" \/>\n<meta property=\"og:title\" content=\"Elisa Tovati - Je Ne M\u00e2che Pas Les Mots - Save my brain\" \/>\n<meta property=\"og:description\" content=\"On connait surtout Elisa Tovati en tant qu&rsquo;actrice, suite \u00e0 son r\u00f4le dans \u00ab\u00a0La V\u00e9rit\u00e9 si je mens 2\u00a0\u00bb. En parall\u00e8le, elle m\u00e8ne une carri\u00e8re de chanteuse, relativement discr\u00e8te pour le moment. \u00ab\u00a0Je ne m\u00e2che pas les mots\u00a0\u00bb est son deuxi\u00e8me album. Elle a su s&rsquo;entourer de beau monde pour les compositions : Raphael, Vincent Baguian, Marc Lavoine&#8230; Le tout pour treize chansons vivantes (\u00ab\u00a0Enorm\u00e9ment\u00a0\u00bb), dr\u00f4les (\u00ab\u00a0Un Gar\u00e7on Facile\u00a0\u00bb), f\u00e9ministes (\u00ab\u00a0La Fin De Partie\u00a0\u00bb) ou \u00e9mouvantes (\u00ab\u00a0Ca Ne Sert A Rien D&rsquo;aimer\u00a0\u00bb). Des m\u00e9lodies qu&rsquo;on ne se lasse pas d&rsquo;\u00e9couter, en accord avec des textes de qualit\u00e9. A \u00e9couter : \u00ab\u00a0D\u00e9bile Menthol\u00a0\u00bb &#8211; \u00ab\u00a0L&rsquo;ennui Me Portera Conseil\u00a0\u00bb &#8211; \u00ab\u00a0Dormir Avec Toi\u00a0\u00bb &#8211; \u00ab\u00a0La Gr\u00e8ve\u00a0\u00bb\" \/>\n<meta property=\"og:url\" content=\"https:\/\/www.savemybrain.net\/v2\/2008\/03\/31\/elisa-tovati-je-ne-mache-pas-les-mots-08004195\/\" \/>\n<meta property=\"og:site_name\" content=\"Save my brain\" \/>\n<meta property=\"article:published_time\" content=\"2008-03-31T07:00:08+00:00\" \/>\n<meta property=\"article:modified_time\" content=\"2009-08-07T12:28:51+00:00\" \/>\n<meta property=\"og:image\" content=\"http:\/\/savemybrain.net\/medias\/tovati.jpg\" \/>\n<meta name=\"author\" content=\"Nicolas Meunier\" \/>\n<meta name=\"twitter:card\" content=\"summary_large_image\" \/>\n<meta name=\"twitter:label1\" content=\"\u00c9crit par\" \/>\n\t<meta name=\"twitter:data1\" content=\"Nicolas Meunier\" \/>\n\t<meta name=\"twitter:label2\" content=\"Dur\u00e9e de lecture estim\u00e9e\" \/>\n\t<meta name=\"twitter:data2\" content=\"1 minute\" \/>\n\t<meta name=\"twitter:label3\" content=\"Written by\" \/>\n\t<meta name=\"twitter:data3\" content=\"Nicolas Meunier\" \/>\n<script type=\"application\/ld+json\" class=\"yoast-schema-graph\">{\"@context\":\"https:\/\/schema.org\",\"@graph\":[{\"@type\":\"Article\",\"@id\":\"https:\/\/www.savemybrain.net\/v2\/2008\/03\/31\/elisa-tovati-je-ne-mache-pas-les-mots-08004195\/#article\",\"isPartOf\":{\"@id\":\"https:\/\/www.savemybrain.net\/v2\/2008\/03\/31\/elisa-tovati-je-ne-mache-pas-les-mots-08004195\/\"},\"author\":{\"name\":\"Nicolas Meunier\",\"@id\":\"https:\/\/www.savemybrain.net\/v2\/#\/schema\/person\/adca4eceb0e4cf34ed857f24f64af640\"},\"headline\":\"Elisa Tovati &#8211; Je Ne M\u00e2che Pas Les Mots\",\"datePublished\":\"2008-03-31T07:00:08+00:00\",\"dateModified\":\"2009-08-07T12:28:51+00:00\",\"mainEntityOfPage\":{\"@id\":\"https:\/\/www.savemybrain.net\/v2\/2008\/03\/31\/elisa-tovati-je-ne-mache-pas-les-mots-08004195\/\"},\"wordCount\":136,\"commentCount\":0,\"image\":{\"@id\":\"https:\/\/www.savemybrain.net\/v2\/2008\/03\/31\/elisa-tovati-je-ne-mache-pas-les-mots-08004195\/#primaryimage\"},\"thumbnailUrl\":\"http:\/\/savemybrain.net\/medias\/tovati.jpg\",\"keywords\":[\"Elisa Tovati\",\"Je Ne M\u00e2che Pas Les Mots\"],\"articleSection\":[\"CD\"],\"inLanguage\":\"fr-FR\",\"potentialAction\":[{\"@type\":\"CommentAction\",\"name\":\"Comment\",\"target\":[\"https:\/\/www.savemybrain.net\/v2\/2008\/03\/31\/elisa-tovati-je-ne-mache-pas-les-mots-08004195\/#respond\"]}]},{\"@type\":\"WebPage\",\"@id\":\"https:\/\/www.savemybrain.net\/v2\/2008\/03\/31\/elisa-tovati-je-ne-mache-pas-les-mots-08004195\/\",\"url\":\"https:\/\/www.savemybrain.net\/v2\/2008\/03\/31\/elisa-tovati-je-ne-mache-pas-les-mots-08004195\/\",\"name\":\"Elisa Tovati - Je Ne M\u00e2che Pas Les Mots - Save my brain\",\"isPartOf\":{\"@id\":\"https:\/\/www.savemybrain.net\/v2\/#website\"},\"primaryImageOfPage\":{\"@id\":\"https:\/\/www.savemybrain.net\/v2\/2008\/03\/31\/elisa-tovati-je-ne-mache-pas-les-mots-08004195\/#primaryimage\"},\"image\":{\"@id\":\"https:\/\/www.savemybrain.net\/v2\/2008\/03\/31\/elisa-tovati-je-ne-mache-pas-les-mots-08004195\/#primaryimage\"},\"thumbnailUrl\":\"http:\/\/savemybrain.net\/medias\/tovati.jpg\",\"datePublished\":\"2008-03-31T07:00:08+00:00\",\"dateModified\":\"2009-08-07T12:28:51+00:00\",\"author\":{\"@id\":\"https:\/\/www.savemybrain.net\/v2\/#\/schema\/person\/adca4eceb0e4cf34ed857f24f64af640\"},\"inLanguage\":\"fr-FR\",\"potentialAction\":[{\"@type\":\"ReadAction\",\"target\":[\"https:\/\/www.savemybrain.net\/v2\/2008\/03\/31\/elisa-tovati-je-ne-mache-pas-les-mots-08004195\/\"]}]},{\"@type\":\"ImageObject\",\"inLanguage\":\"fr-FR\",\"@id\":\"https:\/\/www.savemybrain.net\/v2\/2008\/03\/31\/elisa-tovati-je-ne-mache-pas-les-mots-08004195\/#primaryimage\",\"url\":\"http:\/\/savemybrain.net\/medias\/tovati.jpg\",\"contentUrl\":\"http:\/\/savemybrain.net\/medias\/tovati.jpg\"},{\"@type\":\"WebSite\",\"@id\":\"https:\/\/www.savemybrain.net\/v2\/#website\",\"url\":\"https:\/\/www.savemybrain.net\/v2\/\",\"name\":\"Save my brain\",\"description\":\"Magazine lifestyle et culturel (depuis 2007)\",\"potentialAction\":[{\"@type\":\"SearchAction\",\"target\":{\"@type\":\"EntryPoint\",\"urlTemplate\":\"https:\/\/www.savemybrain.net\/v2\/?s={search_term_string}\"},\"query-input\":{\"@type\":\"PropertyValueSpecification\",\"valueRequired\":true,\"valueName\":\"search_term_string\"}}],\"inLanguage\":\"fr-FR\"},{\"@type\":\"Person\",\"@id\":\"https:\/\/www.savemybrain.net\/v2\/#\/schema\/person\/adca4eceb0e4cf34ed857f24f64af640\",\"name\":\"Nicolas Meunier\",\"sameAs\":[\"http:\/\/www.leblogauto.com\/author\/nicolas-meunier\/\"],\"url\":\"https:\/\/www.savemybrain.net\/v2\/author\/nicolasmeunier\/\"}]}<\/script>\n<!-- \/ Yoast SEO plugin. -->","yoast_head_json":{"title":"Elisa Tovati - Je Ne M\u00e2che Pas Les Mots - Save my brain","robots":{"index":"index","follow":"follow","max-snippet":"max-snippet:-1","max-image-preview":"max-image-preview:large","max-video-preview":"max-video-preview:-1"},"canonical":"https:\/\/www.savemybrain.net\/v2\/2008\/03\/31\/elisa-tovati-je-ne-mache-pas-les-mots-08004195\/","og_locale":"fr_FR","og_type":"article","og_title":"Elisa Tovati - Je Ne M\u00e2che Pas Les Mots - Save my brain","og_description":"On connait surtout Elisa Tovati en tant qu&rsquo;actrice, suite \u00e0 son r\u00f4le dans \u00ab\u00a0La V\u00e9rit\u00e9 si je mens 2\u00a0\u00bb. En parall\u00e8le, elle m\u00e8ne une carri\u00e8re de chanteuse, relativement discr\u00e8te pour le moment. \u00ab\u00a0Je ne m\u00e2che pas les mots\u00a0\u00bb est son deuxi\u00e8me album. Elle a su s&rsquo;entourer de beau monde pour les compositions : Raphael, Vincent Baguian, Marc Lavoine&#8230; Le tout pour treize chansons vivantes (\u00ab\u00a0Enorm\u00e9ment\u00a0\u00bb), dr\u00f4les (\u00ab\u00a0Un Gar\u00e7on Facile\u00a0\u00bb), f\u00e9ministes (\u00ab\u00a0La Fin De Partie\u00a0\u00bb) ou \u00e9mouvantes (\u00ab\u00a0Ca Ne Sert A Rien D&rsquo;aimer\u00a0\u00bb). Des m\u00e9lodies qu&rsquo;on ne se lasse pas d&rsquo;\u00e9couter, en accord avec des textes de qualit\u00e9. A \u00e9couter : \u00ab\u00a0D\u00e9bile Menthol\u00a0\u00bb &#8211; \u00ab\u00a0L&rsquo;ennui Me Portera Conseil\u00a0\u00bb &#8211; \u00ab\u00a0Dormir Avec Toi\u00a0\u00bb &#8211; \u00ab\u00a0La Gr\u00e8ve\u00a0\u00bb","og_url":"https:\/\/www.savemybrain.net\/v2\/2008\/03\/31\/elisa-tovati-je-ne-mache-pas-les-mots-08004195\/","og_site_name":"Save my brain","article_published_time":"2008-03-31T07:00:08+00:00","article_modified_time":"2009-08-07T12:28:51+00:00","og_image":[{"url":"http:\/\/savemybrain.net\/medias\/tovati.jpg","type":"","width":"","height":""}],"author":"Nicolas Meunier","twitter_card":"summary_large_image","twitter_misc":{"\u00c9crit par":"Nicolas Meunier","Dur\u00e9e de lecture estim\u00e9e":"1 minute","Written by":"Nicolas Meunier"},"schema":{"@context":"https:\/\/schema.org","@graph":[{"@type":"Article","@id":"https:\/\/www.savemybrain.net\/v2\/2008\/03\/31\/elisa-tovati-je-ne-mache-pas-les-mots-08004195\/#article","isPartOf":{"@id":"https:\/\/www.savemybrain.net\/v2\/2008\/03\/31\/elisa-tovati-je-ne-mache-pas-les-mots-08004195\/"},"author":{"name":"Nicolas Meunier","@id":"https:\/\/www.savemybrain.net\/v2\/#\/schema\/person\/adca4eceb0e4cf34ed857f24f64af640"},"headline":"Elisa Tovati &#8211; Je Ne M\u00e2che Pas Les Mots","datePublished":"2008-03-31T07:00:08+00:00","dateModified":"2009-08-07T12:28:51+00:00","mainEntityOfPage":{"@id":"https:\/\/www.savemybrain.net\/v2\/2008\/03\/31\/elisa-tovati-je-ne-mache-pas-les-mots-08004195\/"},"wordCount":136,"commentCount":0,"image":{"@id":"https:\/\/www.savemybrain.net\/v2\/2008\/03\/31\/elisa-tovati-je-ne-mache-pas-les-mots-08004195\/#primaryimage"},"thumbnailUrl":"http:\/\/savemybrain.net\/medias\/tovati.jpg","keywords":["Elisa Tovati","Je Ne M\u00e2che Pas Les Mots"],"articleSection":["CD"],"inLanguage":"fr-FR","potentialAction":[{"@type":"CommentAction","name":"Comment","target":["https:\/\/www.savemybrain.net\/v2\/2008\/03\/31\/elisa-tovati-je-ne-mache-pas-les-mots-08004195\/#respond"]}]},{"@type":"WebPage","@id":"https:\/\/www.savemybrain.net\/v2\/2008\/03\/31\/elisa-tovati-je-ne-mache-pas-les-mots-08004195\/","url":"https:\/\/www.savemybrain.net\/v2\/2008\/03\/31\/elisa-tovati-je-ne-mache-pas-les-mots-08004195\/","name":"Elisa Tovati - Je Ne M\u00e2che Pas Les Mots - Save my brain","isPartOf":{"@id":"https:\/\/www.savemybrain.net\/v2\/#website"},"primaryImageOfPage":{"@id":"https:\/\/www.savemybrain.net\/v2\/2008\/03\/31\/elisa-tovati-je-ne-mache-pas-les-mots-08004195\/#primaryimage"},"image":{"@id":"https:\/\/www.savemybrain.net\/v2\/2008\/03\/31\/elisa-tovati-je-ne-mache-pas-les-mots-08004195\/#primaryimage"},"thumbnailUrl":"http:\/\/savemybrain.net\/medias\/tovati.jpg","datePublished":"2008-03-31T07:00:08+00:00","dateModified":"2009-08-07T12:28:51+00:00","author":{"@id":"https:\/\/www.savemybrain.net\/v2\/#\/schema\/person\/adca4eceb0e4cf34ed857f24f64af640"},"inLanguage":"fr-FR","potentialAction":[{"@type":"ReadAction","target":["https:\/\/www.savemybrain.net\/v2\/2008\/03\/31\/elisa-tovati-je-ne-mache-pas-les-mots-08004195\/"]}]},{"@type":"ImageObject","inLanguage":"fr-FR","@id":"https:\/\/www.savemybrain.net\/v2\/2008\/03\/31\/elisa-tovati-je-ne-mache-pas-les-mots-08004195\/#primaryimage","url":"http:\/\/savemybrain.net\/medias\/tovati.jpg","contentUrl":"http:\/\/savemybrain.net\/medias\/tovati.jpg"},{"@type":"WebSite","@id":"https:\/\/www.savemybrain.net\/v2\/#website","url":"https:\/\/www.savemybrain.net\/v2\/","name":"Save my brain","description":"Magazine lifestyle et culturel (depuis 2007)","potentialAction":[{"@type":"SearchAction","target":{"@type":"EntryPoint","urlTemplate":"https:\/\/www.savemybrain.net\/v2\/?s={search_term_string}"},"query-input":{"@type":"PropertyValueSpecification","valueRequired":true,"valueName":"search_term_string"}}],"inLanguage":"fr-FR"},{"@type":"Person","@id":"https:\/\/www.savemybrain.net\/v2\/#\/schema\/person\/adca4eceb0e4cf34ed857f24f64af640","name":"Nicolas Meunier","sameAs":["http:\/\/www.leblogauto.com\/author\/nicolas-meunier\/"],"url":"https:\/\/www.savemybrain.net\/v2\/author\/nicolasmeunier\/"}]}},"jetpack_featured_media_url":"","jetpack_sharing_enabled":true,"_links":{"self":[{"href":"https:\/\/www.savemybrain.net\/v2\/wp-json\/wp\/v2\/posts\/4195","targetHints":{"allow":["GET"]}}],"collection":[{"href":"https:\/\/www.savemybrain.net\/v2\/wp-json\/wp\/v2\/posts"}],"about":[{"href":"https:\/\/www.savemybrain.net\/v2\/wp-json\/wp\/v2\/types\/post"}],"author":[{"embeddable":true,"href":"https:\/\/www.savemybrain.net\/v2\/wp-json\/wp\/v2\/users\/6"}],"replies":[{"embeddable":true,"href":"https:\/\/www.savemybrain.net\/v2\/wp-json\/wp\/v2\/comments?post=4195"}],"version-history":[{"count":0,"href":"https:\/\/www.savemybrain.net\/v2\/wp-json\/wp\/v2\/posts\/4195\/revisions"}],"wp:attachment":[{"href":"https:\/\/www.savemybrain.net\/v2\/wp-json\/wp\/v2\/media?parent=4195"}],"wp:term":[{"taxonomy":"category","embeddable":true,"href":"https:\/\/www.savemybrain.net\/v2\/wp-json\/wp\/v2\/categories?post=4195"},{"taxonomy":"post_tag","embeddable":true,"href":"https:\/\/www.savemybrain.net\/v2\/wp-json\/wp\/v2\/tags?post=4195"},{"taxonomy":"author","embeddable":true,"href":"https:\/\/www.savemybrain.net\/v2\/wp-json\/wp\/v2\/coauthors?post=4195"}],"curies":[{"name":"wp","href":"https:\/\/api.w.org\/{rel}","templated":true}]}}