{"id":30089,"date":"2020-08-21T23:07:32","date_gmt":"2020-08-21T21:07:32","guid":{"rendered":"https:\/\/www.savemybrain.net\/v2\/?p=30089"},"modified":"2020-10-23T17:13:31","modified_gmt":"2020-10-23T15:13:31","slug":"madre-de-rodrigo-sorogoyen-un-drame-percutant-sur-le-remords","status":"publish","type":"post","link":"https:\/\/www.savemybrain.net\/v2\/2020\/08\/21\/madre-de-rodrigo-sorogoyen-un-drame-percutant-sur-le-remords-230730089\/","title":{"rendered":"Madre de Rodrigo Sorogoyen : un drame percutant sur le remords"},"content":{"rendered":"<p><img loading=\"lazy\" decoding=\"async\" class=\"wp-image-30092 aligncenter\" src=\"https:\/\/www.savemybrain.net\/v2\/wp-content\/uploads\/2020\/08\/Madre01-368x500.jpg\" alt=\"\" width=\"209\" height=\"284\" srcset=\"https:\/\/www.savemybrain.net\/v2\/wp-content\/uploads\/2020\/08\/Madre01-368x500.jpg 368w, https:\/\/www.savemybrain.net\/v2\/wp-content\/uploads\/2020\/08\/Madre01-754x1024.jpg 754w, https:\/\/www.savemybrain.net\/v2\/wp-content\/uploads\/2020\/08\/Madre01-768x1043.jpg 768w, https:\/\/www.savemybrain.net\/v2\/wp-content\/uploads\/2020\/08\/Madre01-1131x1536.jpg 1131w, https:\/\/www.savemybrain.net\/v2\/wp-content\/uploads\/2020\/08\/Madre01-1080x1467.jpg 1080w, https:\/\/www.savemybrain.net\/v2\/wp-content\/uploads\/2020\/08\/Madre01.jpg 1178w\" sizes=\"auto, (max-width: 209px) 100vw, 209px\" \/><\/p>\n<p>La plage des Landes, une m\u00e8re espagnole endeuill\u00e9e et un jeune homme ressemblant \u00e0 son fils disparu dans le m\u00eame lieu il y a dix ans \u2013 voici les trois \u00e9l\u00e9ments fondamentaux qui caract\u00e9risent le postulat de <em>Madre<\/em>, nouveau long-m\u00e9trage de <strong>Rodrigo Sorogoyen<\/strong>. D\u00e8s la s\u00e9quence d\u2019ouverture, qui a fait l\u2019objet d\u2019un court-m\u00e9trage, le spectateur est agripp\u00e9 \u00e0 son si\u00e8ge en assistant \u00e0 une conversation par t\u00e9l\u00e9phone durant laquelle la m\u00e8re Elena constate l\u2019enl\u00e8vement de son enfant sans pouvoir rien n\u2019y changer. \u00a0A partir de cette s\u00e9quence qui joue sur l\u2019action hors-champ, la tension est men\u00e9e tambour battant durant tout le long-m\u00e9trage sans faiblir un seul instant. <strong>Sorogoyen<\/strong> privil\u00e9gie le grand angle pour capturer \u00e0 l\u2019\u00e9cran le sentiment d\u2019oppression ressentie par le personnage principal. De cette mani\u00e8re, Elena se retrouve comme \u00e9cras\u00e9e par la plage, errant tel un fant\u00f4me dans ce d\u00e9cor lui rappelant la disparition de son enfant. C\u2019est justement gr\u00e2ce \u00e0 ce point de focalisation que la mise en sc\u00e8ne arrive \u00e0 transmettre au spectateur les angoisses de ce personnage troubl\u00e9. Prise en \u00e9tau entre une relation ambigu\u00eb avec un adolescent et une solitude pesante, Elena est interpr\u00e9t\u00e9e par <strong>Marta Nieto<\/strong>, une actrice qui domine l\u2019\u00e9cran par sa justesse au niveau des \u00e9motions transmises.<\/p>\n<p><img loading=\"lazy\" decoding=\"async\" class=\"wp-image-30094 aligncenter\" src=\"https:\/\/www.savemybrain.net\/v2\/wp-content\/uploads\/2020\/08\/madre555-500x375.jpg\" alt=\"\" width=\"261\" height=\"196\" srcset=\"https:\/\/www.savemybrain.net\/v2\/wp-content\/uploads\/2020\/08\/madre555-500x375.jpg 500w, https:\/\/www.savemybrain.net\/v2\/wp-content\/uploads\/2020\/08\/madre555-768x576.jpg 768w, https:\/\/www.savemybrain.net\/v2\/wp-content\/uploads\/2020\/08\/madre555.jpg 1000w\" sizes=\"auto, (max-width: 261px) 100vw, 261px\" \/><\/p>\n<p>A la fois d\u00e9rangeant et fascinant, <em>Madre<\/em> repr\u00e9sente l\u2019errance d\u2019un personnage ayant fait en son \u00e2me et conscience un transfert affectif. Apr\u00e8s l\u2019effet-choc suscit\u00e9 par son thriller politique <em>El Reino<\/em>, sorti l\u2019ann\u00e9e derni\u00e8re, <strong>Rodrigo Sorogoyen<\/strong> se tourne vers le drame intimiste. R\u00e9utilisant le <em>plan-sequence<\/em> dans un cadre plus contemplatif, le cin\u00e9aste argentin traite du sentiment de remords en mettant en sc\u00e8ne de mani\u00e8re implacable la r\u00e9silience d\u2019un individu. Confirmant le talent de ce r\u00e9alisateur qui s\u2019est illustr\u00e9 avec le thriller policier, notamment avec <em>Que Dios Nos Perdone<\/em> (2016), <em>Madre <\/em>est l\u2019un des films sortis dans les salles \u00e0 retenir par sa facult\u00e9 \u00e0 nous bouleverser, nous interroger sur un plan humain.<\/p>\n","protected":false},"excerpt":{"rendered":"<p>La plage des Landes, une m\u00e8re espagnole endeuill\u00e9e et un jeune homme ressemblant \u00e0 son fils disparu dans le m\u00eame lieu il y a dix ans \u2013 voici les trois \u00e9l\u00e9ments fondamentaux qui caract\u00e9risent le postulat de Madre, nouveau long-m\u00e9trage de Rodrigo Sorogoyen. D\u00e8s la s\u00e9quence d\u2019ouverture, qui a fait l\u2019objet d\u2019un court-m\u00e9trage, le spectateur est agripp\u00e9 \u00e0 son si\u00e8ge en assistant \u00e0 une conversation par t\u00e9l\u00e9phone durant laquelle la m\u00e8re Elena constate l\u2019enl\u00e8vement de son enfant sans pouvoir rien n\u2019y changer. \u00a0A partir de cette s\u00e9quence qui joue sur l\u2019action hors-champ, la tension est men\u00e9e tambour battant durant tout le long-m\u00e9trage sans faiblir un seul instant. Sorogoyen privil\u00e9gie le grand angle pour capturer \u00e0 l\u2019\u00e9cran le sentiment d\u2019oppression ressentie par le personnage principal. De cette mani\u00e8re, Elena se retrouve comme \u00e9cras\u00e9e par la plage, errant tel un fant\u00f4me dans ce d\u00e9cor lui rappelant la disparition de son enfant. C\u2019est justement gr\u00e2ce \u00e0 ce point de focalisation que la mise en sc\u00e8ne arrive \u00e0 transmettre au spectateur les angoisses de ce personnage troubl\u00e9. Prise en \u00e9tau entre une relation ambigu\u00eb avec un adolescent et une solitude pesante, Elena est interpr\u00e9t\u00e9e par Marta Nieto, une actrice qui domine l\u2019\u00e9cran par sa [&hellip;]<\/p>\n","protected":false},"author":17,"featured_media":30094,"comment_status":"open","ping_status":"closed","sticky":false,"template":"","format":"standard","meta":{"_jetpack_memberships_contains_paid_content":false,"footnotes":""},"categories":[41,4105],"tags":[],"coauthors":[4143],"class_list":["post-30089","post","type-post","status-publish","format-standard","has-post-thumbnail","hentry","category-cinema","category-culture-musique-cinema-litterature"],"yoast_head":"<!-- This site is optimized with the Yoast SEO plugin v27.2 - https:\/\/yoast.com\/product\/yoast-seo-wordpress\/ -->\n<title>Madre de Rodrigo Sorogoyen : un drame percutant sur le remords - Save my brain<\/title>\n<meta name=\"robots\" content=\"index, follow, max-snippet:-1, max-image-preview:large, max-video-preview:-1\" \/>\n<link rel=\"canonical\" href=\"https:\/\/www.savemybrain.net\/v2\/2020\/08\/21\/madre-de-rodrigo-sorogoyen-un-drame-percutant-sur-le-remords-230730089\/\" \/>\n<meta property=\"og:locale\" content=\"fr_FR\" \/>\n<meta property=\"og:type\" content=\"article\" \/>\n<meta property=\"og:title\" content=\"Madre de Rodrigo Sorogoyen : un drame percutant sur le remords - Save my brain\" \/>\n<meta property=\"og:description\" content=\"La plage des Landes, une m\u00e8re espagnole endeuill\u00e9e et un jeune homme ressemblant \u00e0 son fils disparu dans le m\u00eame lieu il y a dix ans \u2013 voici les trois \u00e9l\u00e9ments fondamentaux qui caract\u00e9risent le postulat de Madre, nouveau long-m\u00e9trage de Rodrigo Sorogoyen. D\u00e8s la s\u00e9quence d\u2019ouverture, qui a fait l\u2019objet d\u2019un court-m\u00e9trage, le spectateur est agripp\u00e9 \u00e0 son si\u00e8ge en assistant \u00e0 une conversation par t\u00e9l\u00e9phone durant laquelle la m\u00e8re Elena constate l\u2019enl\u00e8vement de son enfant sans pouvoir rien n\u2019y changer. \u00a0A partir de cette s\u00e9quence qui joue sur l\u2019action hors-champ, la tension est men\u00e9e tambour battant durant tout le long-m\u00e9trage sans faiblir un seul instant. Sorogoyen privil\u00e9gie le grand angle pour capturer \u00e0 l\u2019\u00e9cran le sentiment d\u2019oppression ressentie par le personnage principal. De cette mani\u00e8re, Elena se retrouve comme \u00e9cras\u00e9e par la plage, errant tel un fant\u00f4me dans ce d\u00e9cor lui rappelant la disparition de son enfant. C\u2019est justement gr\u00e2ce \u00e0 ce point de focalisation que la mise en sc\u00e8ne arrive \u00e0 transmettre au spectateur les angoisses de ce personnage troubl\u00e9. Prise en \u00e9tau entre une relation ambigu\u00eb avec un adolescent et une solitude pesante, Elena est interpr\u00e9t\u00e9e par Marta Nieto, une actrice qui domine l\u2019\u00e9cran par sa [&hellip;]\" \/>\n<meta property=\"og:url\" content=\"https:\/\/www.savemybrain.net\/v2\/2020\/08\/21\/madre-de-rodrigo-sorogoyen-un-drame-percutant-sur-le-remords-230730089\/\" \/>\n<meta property=\"og:site_name\" content=\"Save my brain\" \/>\n<meta property=\"article:published_time\" content=\"2020-08-21T21:07:32+00:00\" \/>\n<meta property=\"article:modified_time\" content=\"2020-10-23T15:13:31+00:00\" \/>\n<meta property=\"og:image\" content=\"https:\/\/www.savemybrain.net\/v2\/wp-content\/uploads\/2020\/08\/madre555.jpg\" \/>\n\t<meta property=\"og:image:width\" content=\"1000\" \/>\n\t<meta property=\"og:image:height\" content=\"750\" \/>\n\t<meta property=\"og:image:type\" content=\"image\/jpeg\" \/>\n<meta name=\"author\" content=\"Maxime Sandeau\" \/>\n<meta name=\"twitter:card\" content=\"summary_large_image\" \/>\n<meta name=\"twitter:label1\" content=\"\u00c9crit par\" \/>\n\t<meta name=\"twitter:data1\" content=\"Maxime Sandeau\" \/>\n\t<meta name=\"twitter:label2\" content=\"Dur\u00e9e de lecture estim\u00e9e\" \/>\n\t<meta name=\"twitter:data2\" content=\"2 minutes\" \/>\n\t<meta name=\"twitter:label3\" content=\"Written by\" \/>\n\t<meta name=\"twitter:data3\" content=\"Maxime Sandeau\" \/>\n<script type=\"application\/ld+json\" class=\"yoast-schema-graph\">{\"@context\":\"https:\/\/schema.org\",\"@graph\":[{\"@type\":\"Article\",\"@id\":\"https:\/\/www.savemybrain.net\/v2\/2020\/08\/21\/madre-de-rodrigo-sorogoyen-un-drame-percutant-sur-le-remords-230730089\/#article\",\"isPartOf\":{\"@id\":\"https:\/\/www.savemybrain.net\/v2\/2020\/08\/21\/madre-de-rodrigo-sorogoyen-un-drame-percutant-sur-le-remords-230730089\/\"},\"author\":{\"name\":\"Maxime Sandeau\",\"@id\":\"https:\/\/www.savemybrain.net\/v2\/#\/schema\/person\/8b6db835228efbd015b428a219e9c31c\"},\"headline\":\"Madre de Rodrigo Sorogoyen : un drame percutant sur le remords\",\"datePublished\":\"2020-08-21T21:07:32+00:00\",\"dateModified\":\"2020-10-23T15:13:31+00:00\",\"mainEntityOfPage\":{\"@id\":\"https:\/\/www.savemybrain.net\/v2\/2020\/08\/21\/madre-de-rodrigo-sorogoyen-un-drame-percutant-sur-le-remords-230730089\/\"},\"wordCount\":371,\"commentCount\":0,\"image\":{\"@id\":\"https:\/\/www.savemybrain.net\/v2\/2020\/08\/21\/madre-de-rodrigo-sorogoyen-un-drame-percutant-sur-le-remords-230730089\/#primaryimage\"},\"thumbnailUrl\":\"https:\/\/www.savemybrain.net\/v2\/wp-content\/uploads\/2020\/08\/madre555.jpg\",\"articleSection\":[\"Cin\u00e9ma\",\"Culture\"],\"inLanguage\":\"fr-FR\",\"potentialAction\":[{\"@type\":\"CommentAction\",\"name\":\"Comment\",\"target\":[\"https:\/\/www.savemybrain.net\/v2\/2020\/08\/21\/madre-de-rodrigo-sorogoyen-un-drame-percutant-sur-le-remords-230730089\/#respond\"]}]},{\"@type\":\"WebPage\",\"@id\":\"https:\/\/www.savemybrain.net\/v2\/2020\/08\/21\/madre-de-rodrigo-sorogoyen-un-drame-percutant-sur-le-remords-230730089\/\",\"url\":\"https:\/\/www.savemybrain.net\/v2\/2020\/08\/21\/madre-de-rodrigo-sorogoyen-un-drame-percutant-sur-le-remords-230730089\/\",\"name\":\"Madre de Rodrigo Sorogoyen : un drame percutant sur le remords - Save my brain\",\"isPartOf\":{\"@id\":\"https:\/\/www.savemybrain.net\/v2\/#website\"},\"primaryImageOfPage\":{\"@id\":\"https:\/\/www.savemybrain.net\/v2\/2020\/08\/21\/madre-de-rodrigo-sorogoyen-un-drame-percutant-sur-le-remords-230730089\/#primaryimage\"},\"image\":{\"@id\":\"https:\/\/www.savemybrain.net\/v2\/2020\/08\/21\/madre-de-rodrigo-sorogoyen-un-drame-percutant-sur-le-remords-230730089\/#primaryimage\"},\"thumbnailUrl\":\"https:\/\/www.savemybrain.net\/v2\/wp-content\/uploads\/2020\/08\/madre555.jpg\",\"datePublished\":\"2020-08-21T21:07:32+00:00\",\"dateModified\":\"2020-10-23T15:13:31+00:00\",\"author\":{\"@id\":\"https:\/\/www.savemybrain.net\/v2\/#\/schema\/person\/8b6db835228efbd015b428a219e9c31c\"},\"inLanguage\":\"fr-FR\",\"potentialAction\":[{\"@type\":\"ReadAction\",\"target\":[\"https:\/\/www.savemybrain.net\/v2\/2020\/08\/21\/madre-de-rodrigo-sorogoyen-un-drame-percutant-sur-le-remords-230730089\/\"]}]},{\"@type\":\"ImageObject\",\"inLanguage\":\"fr-FR\",\"@id\":\"https:\/\/www.savemybrain.net\/v2\/2020\/08\/21\/madre-de-rodrigo-sorogoyen-un-drame-percutant-sur-le-remords-230730089\/#primaryimage\",\"url\":\"https:\/\/www.savemybrain.net\/v2\/wp-content\/uploads\/2020\/08\/madre555.jpg\",\"contentUrl\":\"https:\/\/www.savemybrain.net\/v2\/wp-content\/uploads\/2020\/08\/madre555.jpg\",\"width\":1000,\"height\":750},{\"@type\":\"WebSite\",\"@id\":\"https:\/\/www.savemybrain.net\/v2\/#website\",\"url\":\"https:\/\/www.savemybrain.net\/v2\/\",\"name\":\"Save my brain\",\"description\":\"Magazine lifestyle et culturel (depuis 2007)\",\"potentialAction\":[{\"@type\":\"SearchAction\",\"target\":{\"@type\":\"EntryPoint\",\"urlTemplate\":\"https:\/\/www.savemybrain.net\/v2\/?s={search_term_string}\"},\"query-input\":{\"@type\":\"PropertyValueSpecification\",\"valueRequired\":true,\"valueName\":\"search_term_string\"}}],\"inLanguage\":\"fr-FR\"},{\"@type\":\"Person\",\"@id\":\"https:\/\/www.savemybrain.net\/v2\/#\/schema\/person\/8b6db835228efbd015b428a219e9c31c\",\"name\":\"Maxime Sandeau\",\"url\":\"https:\/\/www.savemybrain.net\/v2\/author\/maximesandeau\/\"}]}<\/script>\n<!-- \/ Yoast SEO plugin. -->","yoast_head_json":{"title":"Madre de Rodrigo Sorogoyen : un drame percutant sur le remords - Save my brain","robots":{"index":"index","follow":"follow","max-snippet":"max-snippet:-1","max-image-preview":"max-image-preview:large","max-video-preview":"max-video-preview:-1"},"canonical":"https:\/\/www.savemybrain.net\/v2\/2020\/08\/21\/madre-de-rodrigo-sorogoyen-un-drame-percutant-sur-le-remords-230730089\/","og_locale":"fr_FR","og_type":"article","og_title":"Madre de Rodrigo Sorogoyen : un drame percutant sur le remords - Save my brain","og_description":"La plage des Landes, une m\u00e8re espagnole endeuill\u00e9e et un jeune homme ressemblant \u00e0 son fils disparu dans le m\u00eame lieu il y a dix ans \u2013 voici les trois \u00e9l\u00e9ments fondamentaux qui caract\u00e9risent le postulat de Madre, nouveau long-m\u00e9trage de Rodrigo Sorogoyen. D\u00e8s la s\u00e9quence d\u2019ouverture, qui a fait l\u2019objet d\u2019un court-m\u00e9trage, le spectateur est agripp\u00e9 \u00e0 son si\u00e8ge en assistant \u00e0 une conversation par t\u00e9l\u00e9phone durant laquelle la m\u00e8re Elena constate l\u2019enl\u00e8vement de son enfant sans pouvoir rien n\u2019y changer. \u00a0A partir de cette s\u00e9quence qui joue sur l\u2019action hors-champ, la tension est men\u00e9e tambour battant durant tout le long-m\u00e9trage sans faiblir un seul instant. Sorogoyen privil\u00e9gie le grand angle pour capturer \u00e0 l\u2019\u00e9cran le sentiment d\u2019oppression ressentie par le personnage principal. De cette mani\u00e8re, Elena se retrouve comme \u00e9cras\u00e9e par la plage, errant tel un fant\u00f4me dans ce d\u00e9cor lui rappelant la disparition de son enfant. C\u2019est justement gr\u00e2ce \u00e0 ce point de focalisation que la mise en sc\u00e8ne arrive \u00e0 transmettre au spectateur les angoisses de ce personnage troubl\u00e9. Prise en \u00e9tau entre une relation ambigu\u00eb avec un adolescent et une solitude pesante, Elena est interpr\u00e9t\u00e9e par Marta Nieto, une actrice qui domine l\u2019\u00e9cran par sa [&hellip;]","og_url":"https:\/\/www.savemybrain.net\/v2\/2020\/08\/21\/madre-de-rodrigo-sorogoyen-un-drame-percutant-sur-le-remords-230730089\/","og_site_name":"Save my brain","article_published_time":"2020-08-21T21:07:32+00:00","article_modified_time":"2020-10-23T15:13:31+00:00","og_image":[{"width":1000,"height":750,"url":"https:\/\/www.savemybrain.net\/v2\/wp-content\/uploads\/2020\/08\/madre555.jpg","type":"image\/jpeg"}],"author":"Maxime Sandeau","twitter_card":"summary_large_image","twitter_misc":{"\u00c9crit par":"Maxime Sandeau","Dur\u00e9e de lecture estim\u00e9e":"2 minutes","Written by":"Maxime Sandeau"},"schema":{"@context":"https:\/\/schema.org","@graph":[{"@type":"Article","@id":"https:\/\/www.savemybrain.net\/v2\/2020\/08\/21\/madre-de-rodrigo-sorogoyen-un-drame-percutant-sur-le-remords-230730089\/#article","isPartOf":{"@id":"https:\/\/www.savemybrain.net\/v2\/2020\/08\/21\/madre-de-rodrigo-sorogoyen-un-drame-percutant-sur-le-remords-230730089\/"},"author":{"name":"Maxime Sandeau","@id":"https:\/\/www.savemybrain.net\/v2\/#\/schema\/person\/8b6db835228efbd015b428a219e9c31c"},"headline":"Madre de Rodrigo Sorogoyen : un drame percutant sur le remords","datePublished":"2020-08-21T21:07:32+00:00","dateModified":"2020-10-23T15:13:31+00:00","mainEntityOfPage":{"@id":"https:\/\/www.savemybrain.net\/v2\/2020\/08\/21\/madre-de-rodrigo-sorogoyen-un-drame-percutant-sur-le-remords-230730089\/"},"wordCount":371,"commentCount":0,"image":{"@id":"https:\/\/www.savemybrain.net\/v2\/2020\/08\/21\/madre-de-rodrigo-sorogoyen-un-drame-percutant-sur-le-remords-230730089\/#primaryimage"},"thumbnailUrl":"https:\/\/www.savemybrain.net\/v2\/wp-content\/uploads\/2020\/08\/madre555.jpg","articleSection":["Cin\u00e9ma","Culture"],"inLanguage":"fr-FR","potentialAction":[{"@type":"CommentAction","name":"Comment","target":["https:\/\/www.savemybrain.net\/v2\/2020\/08\/21\/madre-de-rodrigo-sorogoyen-un-drame-percutant-sur-le-remords-230730089\/#respond"]}]},{"@type":"WebPage","@id":"https:\/\/www.savemybrain.net\/v2\/2020\/08\/21\/madre-de-rodrigo-sorogoyen-un-drame-percutant-sur-le-remords-230730089\/","url":"https:\/\/www.savemybrain.net\/v2\/2020\/08\/21\/madre-de-rodrigo-sorogoyen-un-drame-percutant-sur-le-remords-230730089\/","name":"Madre de Rodrigo Sorogoyen : un drame percutant sur le remords - Save my brain","isPartOf":{"@id":"https:\/\/www.savemybrain.net\/v2\/#website"},"primaryImageOfPage":{"@id":"https:\/\/www.savemybrain.net\/v2\/2020\/08\/21\/madre-de-rodrigo-sorogoyen-un-drame-percutant-sur-le-remords-230730089\/#primaryimage"},"image":{"@id":"https:\/\/www.savemybrain.net\/v2\/2020\/08\/21\/madre-de-rodrigo-sorogoyen-un-drame-percutant-sur-le-remords-230730089\/#primaryimage"},"thumbnailUrl":"https:\/\/www.savemybrain.net\/v2\/wp-content\/uploads\/2020\/08\/madre555.jpg","datePublished":"2020-08-21T21:07:32+00:00","dateModified":"2020-10-23T15:13:31+00:00","author":{"@id":"https:\/\/www.savemybrain.net\/v2\/#\/schema\/person\/8b6db835228efbd015b428a219e9c31c"},"inLanguage":"fr-FR","potentialAction":[{"@type":"ReadAction","target":["https:\/\/www.savemybrain.net\/v2\/2020\/08\/21\/madre-de-rodrigo-sorogoyen-un-drame-percutant-sur-le-remords-230730089\/"]}]},{"@type":"ImageObject","inLanguage":"fr-FR","@id":"https:\/\/www.savemybrain.net\/v2\/2020\/08\/21\/madre-de-rodrigo-sorogoyen-un-drame-percutant-sur-le-remords-230730089\/#primaryimage","url":"https:\/\/www.savemybrain.net\/v2\/wp-content\/uploads\/2020\/08\/madre555.jpg","contentUrl":"https:\/\/www.savemybrain.net\/v2\/wp-content\/uploads\/2020\/08\/madre555.jpg","width":1000,"height":750},{"@type":"WebSite","@id":"https:\/\/www.savemybrain.net\/v2\/#website","url":"https:\/\/www.savemybrain.net\/v2\/","name":"Save my brain","description":"Magazine lifestyle et culturel (depuis 2007)","potentialAction":[{"@type":"SearchAction","target":{"@type":"EntryPoint","urlTemplate":"https:\/\/www.savemybrain.net\/v2\/?s={search_term_string}"},"query-input":{"@type":"PropertyValueSpecification","valueRequired":true,"valueName":"search_term_string"}}],"inLanguage":"fr-FR"},{"@type":"Person","@id":"https:\/\/www.savemybrain.net\/v2\/#\/schema\/person\/8b6db835228efbd015b428a219e9c31c","name":"Maxime Sandeau","url":"https:\/\/www.savemybrain.net\/v2\/author\/maximesandeau\/"}]}},"jetpack_featured_media_url":"https:\/\/www.savemybrain.net\/v2\/wp-content\/uploads\/2020\/08\/madre555.jpg","jetpack_sharing_enabled":true,"_links":{"self":[{"href":"https:\/\/www.savemybrain.net\/v2\/wp-json\/wp\/v2\/posts\/30089","targetHints":{"allow":["GET"]}}],"collection":[{"href":"https:\/\/www.savemybrain.net\/v2\/wp-json\/wp\/v2\/posts"}],"about":[{"href":"https:\/\/www.savemybrain.net\/v2\/wp-json\/wp\/v2\/types\/post"}],"author":[{"embeddable":true,"href":"https:\/\/www.savemybrain.net\/v2\/wp-json\/wp\/v2\/users\/17"}],"replies":[{"embeddable":true,"href":"https:\/\/www.savemybrain.net\/v2\/wp-json\/wp\/v2\/comments?post=30089"}],"version-history":[{"count":3,"href":"https:\/\/www.savemybrain.net\/v2\/wp-json\/wp\/v2\/posts\/30089\/revisions"}],"predecessor-version":[{"id":30150,"href":"https:\/\/www.savemybrain.net\/v2\/wp-json\/wp\/v2\/posts\/30089\/revisions\/30150"}],"wp:featuredmedia":[{"embeddable":true,"href":"https:\/\/www.savemybrain.net\/v2\/wp-json\/wp\/v2\/media\/30094"}],"wp:attachment":[{"href":"https:\/\/www.savemybrain.net\/v2\/wp-json\/wp\/v2\/media?parent=30089"}],"wp:term":[{"taxonomy":"category","embeddable":true,"href":"https:\/\/www.savemybrain.net\/v2\/wp-json\/wp\/v2\/categories?post=30089"},{"taxonomy":"post_tag","embeddable":true,"href":"https:\/\/www.savemybrain.net\/v2\/wp-json\/wp\/v2\/tags?post=30089"},{"taxonomy":"author","embeddable":true,"href":"https:\/\/www.savemybrain.net\/v2\/wp-json\/wp\/v2\/coauthors?post=30089"}],"curies":[{"name":"wp","href":"https:\/\/api.w.org\/{rel}","templated":true}]}}