{"id":2754,"date":"2009-05-29T08:00:32","date_gmt":"2009-05-29T07:00:32","guid":{"rendered":"http:\/\/savemybrain.net\/v2\/?p=2754"},"modified":"2009-05-29T07:57:30","modified_gmt":"2009-05-29T06:57:30","slug":"1618-sustainable-luxury-fair","status":"publish","type":"post","link":"https:\/\/www.savemybrain.net\/v2\/2009\/05\/29\/1618-sustainable-luxury-fair-08002754\/","title":{"rendered":"1,618 Sustainable Luxury Fair"},"content":{"rendered":"<p align=\"justify\">D\u2019habitude, l\u2019expo du mois consacre une r\u00e9trospective d\u2019art contemporain ou de mode (m\u00eame d\u2019architecture, je crois que c\u2019est arriv\u00e9, non ?). Changeons d\u2019horizon cette fois-ci avec un salon. Un salon un peu particulier puisqu\u2019il se d\u00e9roule en un lieu inattendu : le Palais de Tokyo, centre d\u2019art contemporain lieu r\u00e9gulier d\u2019installations et expos d\u2019art contemporain des plus d\u00e9jant\u00e9es. Bien \u00e9videmment, ce n\u2019est pas un salon comme les autres. Il s\u2019agit du premier salon du luxe \u00e9colo.<\/p>\n<p><!--more--><\/p>\n<p align=\"center\"><img loading=\"lazy\" decoding=\"async\" class=\"aligncenter size-full wp-image-2755\" title=\"1618-sustainable-luxury-fair-5\" src=\"http:\/\/savemybrain.net\/v2\/wp-content\/uploads\/2009\/05\/1618-sustainable-luxury-fair-5.jpg\" alt=\"\" width=\"400\" height=\"533\" srcset=\"https:\/\/www.savemybrain.net\/v2\/wp-content\/uploads\/2009\/05\/1618-sustainable-luxury-fair-5.jpg 400w, https:\/\/www.savemybrain.net\/v2\/wp-content\/uploads\/2009\/05\/1618-sustainable-luxury-fair-5-375x500.jpg 375w\" sizes=\"auto, (max-width: 400px) 100vw, 400px\" \/><\/p>\n<p align=\"justify\">Je vais \u00eatre franc avec vous, ce salon, je ne l\u2019ai pas d\u00e9couvert tout seul. Ecrivant \u00e9galement pour un site sur l\u2019automobile, il m\u2019arrive de voir d\u2019autres horizons que les expos que je visite pour Save My Brain (et pour mon plaisir, accessoirement). Aussi, lorsque mon ami de chez Tesla (constructeur de la seule voiture de sport \u00e9lectrique actuellement en vente, NDLA) m\u2019a dit \u00ab je suis \u00e0 Paris ce week-end \u00bb, je me demandais o\u00f9 il pouvait bien exposer\u2026 Quelques clics plus tard, je d\u00e9couvrais un \u00e9v\u00e9nement totalement inconnu (et pour cause, c\u2019est la premi\u00e8re \u00e9dition) sur le th\u00e8me du d\u00e9veloppement durable et du luxe. Son nom ? 1,618 Sustainable Luxury Fair. Pourquoi 1,618 ? Parce que c\u2019est le nombre d\u2019or, pardi ! Suffisait d\u2019y penser\u2026 Et \u00e0 propos d\u2019or, il semblerait que ce soit un des centres de la manifestation. A 25\u20ac l\u2019entr\u00e9e, il faut vraiment \u00eatre motiv\u00e9 (bon, OK, une partie est revers\u00e9e au WWF).<\/p>\n<p align=\"justify\">Mais le luxe \u00e9colo, c\u2019est vague\u2026 Qu\u2019y a-t-il donc \u00e0 admirer dans ce salon ? Les th\u00e8mes se veulent plut\u00f4t vari\u00e9s : mode, mobilit\u00e9, tourisme, design\u2026 Et on trouve du bon et du moins bon dans chacun des domaines.<\/p>\n<p align=\"center\"><a href=\"http:\/\/savemybrain.net\/v2\/wp-content\/uploads\/2009\/05\/1618-sustainable-luxury-fair-2.jpg\"><img loading=\"lazy\" decoding=\"async\" class=\"aligncenter size-full wp-image-2756\" title=\"1618-sustainable-luxury-fair-2\" src=\"http:\/\/savemybrain.net\/v2\/wp-content\/uploads\/2009\/05\/1618-sustainable-luxury-fair-2.jpg\" alt=\"\" width=\"400\" height=\"533\" srcset=\"https:\/\/www.savemybrain.net\/v2\/wp-content\/uploads\/2009\/05\/1618-sustainable-luxury-fair-2.jpg 400w, https:\/\/www.savemybrain.net\/v2\/wp-content\/uploads\/2009\/05\/1618-sustainable-luxury-fair-2-375x500.jpg 375w\" sizes=\"auto, (max-width: 400px) 100vw, 400px\" \/><\/a><\/p>\n<p align=\"justify\">Prenons la mode par exemple. Les cr\u00e9ations de Valentine Gauthier, faites \u00e0 partir d\u2019\u00e9toffes recycl\u00e9es (rappelant un peu dans le principe les derni\u00e8res collections de Vivienne Westwood) sont int\u00e9ressantes, l\u2019or \u00ab \u00e9colo \u00bb de Jel soul\u00e8ve un peu plus d\u2019interrogations. Qu\u2019est-ce que cette extraction selon la charte Oro Verde ? N\u2019y a-t-il pas confusion entre \u00e9cologie et commerce \u00e9quitable ?<\/p>\n<p align=\"center\"><img loading=\"lazy\" decoding=\"async\" class=\"aligncenter size-full wp-image-2757\" title=\"1618-sustainable-luxury-fair\" src=\"http:\/\/savemybrain.net\/v2\/wp-content\/uploads\/2009\/05\/1618-sustainable-luxury-fair.jpg\" alt=\"\" width=\"400\" height=\"300\" \/><\/p>\n<p align=\"justify\">Question mobilit\u00e9, le Roadster Tesla \u00e9lectrique pr\u00e9sente une alternative bien \u00e9videmment plus respectueuse de l\u2019environnement (sauf si l\u2019\u00e9lectricit\u00e9 est faite dans une centrale \u00e0 charbon\u2026) qu\u2019une Corvette \u00e9quivalente et gloutonne en essence (mais quel bruit !). Mais qu\u2019apportent les suppositoires \u00e0 p\u00e9dales d\u2019Ultra Light, chers, mal finis et sans marche arri\u00e8re par rapport \u00e0 un b\u00eate v\u00e9lo ?<\/p>\n<p align=\"center\"><img loading=\"lazy\" decoding=\"async\" class=\"aligncenter size-full wp-image-2758\" title=\"1618-sustainable-luxury-fair-3\" src=\"http:\/\/savemybrain.net\/v2\/wp-content\/uploads\/2009\/05\/1618-sustainable-luxury-fair-3.jpg\" alt=\"\" width=\"400\" height=\"300\" \/><\/p>\n<p align=\"justify\">Puisqu\u2019on en est au v\u00e9lo\u2026 En voici un magnifique, tout en bois, aux lignes innovantes\u2026 Est-il confortable ? Je ne sais pas. Efficace ? Je n\u2019ai pas test\u00e9 non plus. Mais ses mat\u00e9riaux ont l\u2019air naturels\u2026 Et il a vraiment un look d\u2019enfer. Et si c\u2019\u00e9tait \u00e7a le luxe \u00e9colo ? Simplement de la poudre aux yeux. En effet, on voit beaucoup de gadgets dans ce salon. Certains d\u2019entre eux sont totalement inutiles mais tous ont une certaine d\u00e9marche de conception, qui vise \u00e0 tout au moins les faire para\u00eetre proches de la nature. Le green washing comme une nouvelle forme de bling-bling ? On remplace le chrome, l\u2019or et l\u2019argent, par le bois naturel et la fibre de raphia ? Ce pourrait \u00eatre un point de vue, \u00e9tant donn\u00e9 que bien peu des objets pr\u00e9sent\u00e9s dans ce salon conduisent \u00e0 r\u00e9ellement mieux prot\u00e9ger la plan\u00e8te.<\/p>\n<p align=\"justify\">Mais tout de m\u00eame, rappelons que ce n\u2019est que la premi\u00e8re \u00e9dition de ce salon et que Rome ne s\u2019est pas faite en un jour. L\u2019important, c\u2019est l\u2019id\u00e9e. Ce salon montre que dans tous les domaines, une nouvelle forme de luxe appara\u00eet, o\u00f9 l\u2019homme n\u2019est plus l\u2019unique centre de l\u2019univers. L\u2019h\u00e9donisme est toujours pr\u00e9sent (corollaire de la notion de luxe), mais on essaie de se faire plaisir en respectant son entourage. Alors, si ce n\u2019est qu\u2019un d\u00e9but, c\u2019est au moins le signe qu\u2019il y a une prise de conscience. Et comme les riches ont bon go\u00fbt (c\u2019est bien connu, les riches ne peuvent avoir mauvais go\u00fbt, ce sont eux qui ach\u00e8tent le luxe et font les tendances), il semble logique de penser que cette tendance va se r\u00e9pandre largement, dans tous les domaines et \u00e0 tous les niveaux. Mais dans combien de temps ? Telle est la question. Y aura-t-il encore des ours polaires ? Et surtout, comment d\u00e9finir si quelque chose est vraiment respectueux de l\u2019environnement ?<\/p>\n<p align=\"justify\">Un \u00e9l\u00e9ment de r\u00e9ponse est peut-\u00eatre ecoluxury. Un nom qui se pose comme un label et qui a pour ambition, \u00e0 terme, de prendre en compte tous les domaines de l\u2019industrie et du commerce. Reste \u00e0 trouver les bons crit\u00e8res et une cr\u00e9dibilit\u00e9 internationale. C\u2019est pas gagn\u00e9, si on consid\u00e8re le magnifique catalogue de tourisme g\u00e9n\u00e9reusement donn\u00e9 aux visiteurs de leurs stands : 240 pages couverture cartonn\u00e9e et le papier n\u2019a pas l\u2019air d\u2019\u00eatre recycl\u00e9. Quant aux destinations d\u00e9crites, nombreuses sont celles \u00e9loign\u00e9es n\u00e9cessitant un trajet pr\u00e9alable en avion. Un label \u00e0 l\u2019image du salon et, plus g\u00e9n\u00e9ralement, de tout ce secteur \u00e9conomique : balbutiant mais fourmillant d\u2019id\u00e9es. L\u2019avenir fera le tri\u2026<\/p>\n<p align=\"center\"><img loading=\"lazy\" decoding=\"async\" class=\"aligncenter size-full wp-image-2759\" title=\"1618-sustainable-luxury-fair-4\" src=\"http:\/\/savemybrain.net\/v2\/wp-content\/uploads\/2009\/05\/1618-sustainable-luxury-fair-4.jpg\" alt=\"\" width=\"400\" height=\"148\" \/><\/p>\n<p align=\"justify\">Finissons par une petite expo sympa au sein du salon, de Nabaz red\u00e9cor\u00e9s par des cr\u00e9ateurs. J\u2019ai bien \u00e9videmment \u00e9t\u00e9 attir\u00e9 par ceux de <a href=\"http:\/\/savemybrain.net\/numero10\/42270createur_de_mode.html\" target=\"_blank\">Eymeric Fran\u00e7ois et Marith\u00e9 &amp; Fran\u00e7ois Girbaud<\/a>. D\u00e9sol\u00e9, Swanny, il n\u2019y avait ni Cheika ni Ken Okada !<\/p>\n","protected":false},"excerpt":{"rendered":"<p>D\u2019habitude, l\u2019expo du mois consacre une r\u00e9trospective d\u2019art contemporain ou de mode (m\u00eame d\u2019architecture, je crois que c\u2019est arriv\u00e9, non ?). Changeons d\u2019horizon cette fois-ci avec un salon. Un salon un peu particulier puisqu\u2019il se d\u00e9roule en un lieu inattendu : le Palais de Tokyo, centre d\u2019art contemporain lieu r\u00e9gulier d\u2019installations et expos d\u2019art contemporain des plus d\u00e9jant\u00e9es. Bien \u00e9videmment, ce n\u2019est pas un salon comme les autres. Il s\u2019agit du premier salon du luxe \u00e9colo.<\/p>\n","protected":false},"author":6,"featured_media":0,"comment_status":"open","ping_status":"closed","sticky":false,"template":"","format":"standard","meta":{"_jetpack_memberships_contains_paid_content":false,"footnotes":""},"categories":[32],"tags":[794,795],"coauthors":[],"class_list":["post-2754","post","type-post","status-publish","format-standard","hentry","category-expositions-musees","tag-1618-sustainable-luxury-fair","tag-palais-de-tokyo"],"yoast_head":"<!-- This site is optimized with the Yoast SEO plugin v27.2 - https:\/\/yoast.com\/product\/yoast-seo-wordpress\/ -->\n<title>1,618 Sustainable Luxury Fair - Save my brain<\/title>\n<meta name=\"robots\" content=\"index, follow, max-snippet:-1, max-image-preview:large, max-video-preview:-1\" \/>\n<link rel=\"canonical\" href=\"https:\/\/www.savemybrain.net\/v2\/2009\/05\/29\/1618-sustainable-luxury-fair-08002754\/\" \/>\n<meta property=\"og:locale\" content=\"fr_FR\" \/>\n<meta property=\"og:type\" content=\"article\" \/>\n<meta property=\"og:title\" content=\"1,618 Sustainable Luxury Fair - Save my brain\" \/>\n<meta property=\"og:description\" content=\"D\u2019habitude, l\u2019expo du mois consacre une r\u00e9trospective d\u2019art contemporain ou de mode (m\u00eame d\u2019architecture, je crois que c\u2019est arriv\u00e9, non ?). Changeons d\u2019horizon cette fois-ci avec un salon. Un salon un peu particulier puisqu\u2019il se d\u00e9roule en un lieu inattendu : le Palais de Tokyo, centre d\u2019art contemporain lieu r\u00e9gulier d\u2019installations et expos d\u2019art contemporain des plus d\u00e9jant\u00e9es. Bien \u00e9videmment, ce n\u2019est pas un salon comme les autres. Il s\u2019agit du premier salon du luxe \u00e9colo.\" \/>\n<meta property=\"og:url\" content=\"https:\/\/www.savemybrain.net\/v2\/2009\/05\/29\/1618-sustainable-luxury-fair-08002754\/\" \/>\n<meta property=\"og:site_name\" content=\"Save my brain\" \/>\n<meta property=\"article:published_time\" content=\"2009-05-29T07:00:32+00:00\" \/>\n<meta property=\"og:image\" content=\"http:\/\/savemybrain.net\/v2\/wp-content\/uploads\/2009\/05\/1618-sustainable-luxury-fair-5.jpg\" \/>\n<meta name=\"author\" content=\"Nicolas Meunier\" \/>\n<meta name=\"twitter:card\" content=\"summary_large_image\" \/>\n<meta name=\"twitter:label1\" content=\"\u00c9crit par\" \/>\n\t<meta name=\"twitter:data1\" content=\"Nicolas Meunier\" \/>\n\t<meta name=\"twitter:label2\" content=\"Dur\u00e9e de lecture estim\u00e9e\" \/>\n\t<meta name=\"twitter:data2\" content=\"5 minutes\" \/>\n\t<meta name=\"twitter:label3\" content=\"Written by\" \/>\n\t<meta name=\"twitter:data3\" content=\"Nicolas Meunier\" \/>\n<script type=\"application\/ld+json\" class=\"yoast-schema-graph\">{\"@context\":\"https:\/\/schema.org\",\"@graph\":[{\"@type\":\"Article\",\"@id\":\"https:\/\/www.savemybrain.net\/v2\/2009\/05\/29\/1618-sustainable-luxury-fair-08002754\/#article\",\"isPartOf\":{\"@id\":\"https:\/\/www.savemybrain.net\/v2\/2009\/05\/29\/1618-sustainable-luxury-fair-08002754\/\"},\"author\":{\"name\":\"Nicolas Meunier\",\"@id\":\"https:\/\/www.savemybrain.net\/v2\/#\/schema\/person\/adca4eceb0e4cf34ed857f24f64af640\"},\"headline\":\"1,618 Sustainable Luxury Fair\",\"datePublished\":\"2009-05-29T07:00:32+00:00\",\"mainEntityOfPage\":{\"@id\":\"https:\/\/www.savemybrain.net\/v2\/2009\/05\/29\/1618-sustainable-luxury-fair-08002754\/\"},\"wordCount\":958,\"commentCount\":0,\"image\":{\"@id\":\"https:\/\/www.savemybrain.net\/v2\/2009\/05\/29\/1618-sustainable-luxury-fair-08002754\/#primaryimage\"},\"thumbnailUrl\":\"http:\/\/savemybrain.net\/v2\/wp-content\/uploads\/2009\/05\/1618-sustainable-luxury-fair-5.jpg\",\"keywords\":[\"1.618 Sustainable Luxury Fair\",\"palais de tokyo\"],\"articleSection\":[\"Expositions\"],\"inLanguage\":\"fr-FR\",\"potentialAction\":[{\"@type\":\"CommentAction\",\"name\":\"Comment\",\"target\":[\"https:\/\/www.savemybrain.net\/v2\/2009\/05\/29\/1618-sustainable-luxury-fair-08002754\/#respond\"]}]},{\"@type\":\"WebPage\",\"@id\":\"https:\/\/www.savemybrain.net\/v2\/2009\/05\/29\/1618-sustainable-luxury-fair-08002754\/\",\"url\":\"https:\/\/www.savemybrain.net\/v2\/2009\/05\/29\/1618-sustainable-luxury-fair-08002754\/\",\"name\":\"1,618 Sustainable Luxury Fair - Save my brain\",\"isPartOf\":{\"@id\":\"https:\/\/www.savemybrain.net\/v2\/#website\"},\"primaryImageOfPage\":{\"@id\":\"https:\/\/www.savemybrain.net\/v2\/2009\/05\/29\/1618-sustainable-luxury-fair-08002754\/#primaryimage\"},\"image\":{\"@id\":\"https:\/\/www.savemybrain.net\/v2\/2009\/05\/29\/1618-sustainable-luxury-fair-08002754\/#primaryimage\"},\"thumbnailUrl\":\"http:\/\/savemybrain.net\/v2\/wp-content\/uploads\/2009\/05\/1618-sustainable-luxury-fair-5.jpg\",\"datePublished\":\"2009-05-29T07:00:32+00:00\",\"author\":{\"@id\":\"https:\/\/www.savemybrain.net\/v2\/#\/schema\/person\/adca4eceb0e4cf34ed857f24f64af640\"},\"inLanguage\":\"fr-FR\",\"potentialAction\":[{\"@type\":\"ReadAction\",\"target\":[\"https:\/\/www.savemybrain.net\/v2\/2009\/05\/29\/1618-sustainable-luxury-fair-08002754\/\"]}]},{\"@type\":\"ImageObject\",\"inLanguage\":\"fr-FR\",\"@id\":\"https:\/\/www.savemybrain.net\/v2\/2009\/05\/29\/1618-sustainable-luxury-fair-08002754\/#primaryimage\",\"url\":\"http:\/\/savemybrain.net\/v2\/wp-content\/uploads\/2009\/05\/1618-sustainable-luxury-fair-5.jpg\",\"contentUrl\":\"http:\/\/savemybrain.net\/v2\/wp-content\/uploads\/2009\/05\/1618-sustainable-luxury-fair-5.jpg\"},{\"@type\":\"WebSite\",\"@id\":\"https:\/\/www.savemybrain.net\/v2\/#website\",\"url\":\"https:\/\/www.savemybrain.net\/v2\/\",\"name\":\"Save my brain\",\"description\":\"Magazine lifestyle et culturel (depuis 2007)\",\"potentialAction\":[{\"@type\":\"SearchAction\",\"target\":{\"@type\":\"EntryPoint\",\"urlTemplate\":\"https:\/\/www.savemybrain.net\/v2\/?s={search_term_string}\"},\"query-input\":{\"@type\":\"PropertyValueSpecification\",\"valueRequired\":true,\"valueName\":\"search_term_string\"}}],\"inLanguage\":\"fr-FR\"},{\"@type\":\"Person\",\"@id\":\"https:\/\/www.savemybrain.net\/v2\/#\/schema\/person\/adca4eceb0e4cf34ed857f24f64af640\",\"name\":\"Nicolas Meunier\",\"sameAs\":[\"http:\/\/www.leblogauto.com\/author\/nicolas-meunier\/\"],\"url\":\"https:\/\/www.savemybrain.net\/v2\/author\/nicolasmeunier\/\"}]}<\/script>\n<!-- \/ Yoast SEO plugin. -->","yoast_head_json":{"title":"1,618 Sustainable Luxury Fair - Save my brain","robots":{"index":"index","follow":"follow","max-snippet":"max-snippet:-1","max-image-preview":"max-image-preview:large","max-video-preview":"max-video-preview:-1"},"canonical":"https:\/\/www.savemybrain.net\/v2\/2009\/05\/29\/1618-sustainable-luxury-fair-08002754\/","og_locale":"fr_FR","og_type":"article","og_title":"1,618 Sustainable Luxury Fair - Save my brain","og_description":"D\u2019habitude, l\u2019expo du mois consacre une r\u00e9trospective d\u2019art contemporain ou de mode (m\u00eame d\u2019architecture, je crois que c\u2019est arriv\u00e9, non ?). Changeons d\u2019horizon cette fois-ci avec un salon. Un salon un peu particulier puisqu\u2019il se d\u00e9roule en un lieu inattendu : le Palais de Tokyo, centre d\u2019art contemporain lieu r\u00e9gulier d\u2019installations et expos d\u2019art contemporain des plus d\u00e9jant\u00e9es. Bien \u00e9videmment, ce n\u2019est pas un salon comme les autres. Il s\u2019agit du premier salon du luxe \u00e9colo.","og_url":"https:\/\/www.savemybrain.net\/v2\/2009\/05\/29\/1618-sustainable-luxury-fair-08002754\/","og_site_name":"Save my brain","article_published_time":"2009-05-29T07:00:32+00:00","og_image":[{"url":"http:\/\/savemybrain.net\/v2\/wp-content\/uploads\/2009\/05\/1618-sustainable-luxury-fair-5.jpg","type":"","width":"","height":""}],"author":"Nicolas Meunier","twitter_card":"summary_large_image","twitter_misc":{"\u00c9crit par":"Nicolas Meunier","Dur\u00e9e de lecture estim\u00e9e":"5 minutes","Written by":"Nicolas Meunier"},"schema":{"@context":"https:\/\/schema.org","@graph":[{"@type":"Article","@id":"https:\/\/www.savemybrain.net\/v2\/2009\/05\/29\/1618-sustainable-luxury-fair-08002754\/#article","isPartOf":{"@id":"https:\/\/www.savemybrain.net\/v2\/2009\/05\/29\/1618-sustainable-luxury-fair-08002754\/"},"author":{"name":"Nicolas Meunier","@id":"https:\/\/www.savemybrain.net\/v2\/#\/schema\/person\/adca4eceb0e4cf34ed857f24f64af640"},"headline":"1,618 Sustainable Luxury Fair","datePublished":"2009-05-29T07:00:32+00:00","mainEntityOfPage":{"@id":"https:\/\/www.savemybrain.net\/v2\/2009\/05\/29\/1618-sustainable-luxury-fair-08002754\/"},"wordCount":958,"commentCount":0,"image":{"@id":"https:\/\/www.savemybrain.net\/v2\/2009\/05\/29\/1618-sustainable-luxury-fair-08002754\/#primaryimage"},"thumbnailUrl":"http:\/\/savemybrain.net\/v2\/wp-content\/uploads\/2009\/05\/1618-sustainable-luxury-fair-5.jpg","keywords":["1.618 Sustainable Luxury Fair","palais de tokyo"],"articleSection":["Expositions"],"inLanguage":"fr-FR","potentialAction":[{"@type":"CommentAction","name":"Comment","target":["https:\/\/www.savemybrain.net\/v2\/2009\/05\/29\/1618-sustainable-luxury-fair-08002754\/#respond"]}]},{"@type":"WebPage","@id":"https:\/\/www.savemybrain.net\/v2\/2009\/05\/29\/1618-sustainable-luxury-fair-08002754\/","url":"https:\/\/www.savemybrain.net\/v2\/2009\/05\/29\/1618-sustainable-luxury-fair-08002754\/","name":"1,618 Sustainable Luxury Fair - Save my brain","isPartOf":{"@id":"https:\/\/www.savemybrain.net\/v2\/#website"},"primaryImageOfPage":{"@id":"https:\/\/www.savemybrain.net\/v2\/2009\/05\/29\/1618-sustainable-luxury-fair-08002754\/#primaryimage"},"image":{"@id":"https:\/\/www.savemybrain.net\/v2\/2009\/05\/29\/1618-sustainable-luxury-fair-08002754\/#primaryimage"},"thumbnailUrl":"http:\/\/savemybrain.net\/v2\/wp-content\/uploads\/2009\/05\/1618-sustainable-luxury-fair-5.jpg","datePublished":"2009-05-29T07:00:32+00:00","author":{"@id":"https:\/\/www.savemybrain.net\/v2\/#\/schema\/person\/adca4eceb0e4cf34ed857f24f64af640"},"inLanguage":"fr-FR","potentialAction":[{"@type":"ReadAction","target":["https:\/\/www.savemybrain.net\/v2\/2009\/05\/29\/1618-sustainable-luxury-fair-08002754\/"]}]},{"@type":"ImageObject","inLanguage":"fr-FR","@id":"https:\/\/www.savemybrain.net\/v2\/2009\/05\/29\/1618-sustainable-luxury-fair-08002754\/#primaryimage","url":"http:\/\/savemybrain.net\/v2\/wp-content\/uploads\/2009\/05\/1618-sustainable-luxury-fair-5.jpg","contentUrl":"http:\/\/savemybrain.net\/v2\/wp-content\/uploads\/2009\/05\/1618-sustainable-luxury-fair-5.jpg"},{"@type":"WebSite","@id":"https:\/\/www.savemybrain.net\/v2\/#website","url":"https:\/\/www.savemybrain.net\/v2\/","name":"Save my brain","description":"Magazine lifestyle et culturel (depuis 2007)","potentialAction":[{"@type":"SearchAction","target":{"@type":"EntryPoint","urlTemplate":"https:\/\/www.savemybrain.net\/v2\/?s={search_term_string}"},"query-input":{"@type":"PropertyValueSpecification","valueRequired":true,"valueName":"search_term_string"}}],"inLanguage":"fr-FR"},{"@type":"Person","@id":"https:\/\/www.savemybrain.net\/v2\/#\/schema\/person\/adca4eceb0e4cf34ed857f24f64af640","name":"Nicolas Meunier","sameAs":["http:\/\/www.leblogauto.com\/author\/nicolas-meunier\/"],"url":"https:\/\/www.savemybrain.net\/v2\/author\/nicolasmeunier\/"}]}},"jetpack_featured_media_url":"","jetpack_sharing_enabled":true,"_links":{"self":[{"href":"https:\/\/www.savemybrain.net\/v2\/wp-json\/wp\/v2\/posts\/2754","targetHints":{"allow":["GET"]}}],"collection":[{"href":"https:\/\/www.savemybrain.net\/v2\/wp-json\/wp\/v2\/posts"}],"about":[{"href":"https:\/\/www.savemybrain.net\/v2\/wp-json\/wp\/v2\/types\/post"}],"author":[{"embeddable":true,"href":"https:\/\/www.savemybrain.net\/v2\/wp-json\/wp\/v2\/users\/6"}],"replies":[{"embeddable":true,"href":"https:\/\/www.savemybrain.net\/v2\/wp-json\/wp\/v2\/comments?post=2754"}],"version-history":[{"count":0,"href":"https:\/\/www.savemybrain.net\/v2\/wp-json\/wp\/v2\/posts\/2754\/revisions"}],"wp:attachment":[{"href":"https:\/\/www.savemybrain.net\/v2\/wp-json\/wp\/v2\/media?parent=2754"}],"wp:term":[{"taxonomy":"category","embeddable":true,"href":"https:\/\/www.savemybrain.net\/v2\/wp-json\/wp\/v2\/categories?post=2754"},{"taxonomy":"post_tag","embeddable":true,"href":"https:\/\/www.savemybrain.net\/v2\/wp-json\/wp\/v2\/tags?post=2754"},{"taxonomy":"author","embeddable":true,"href":"https:\/\/www.savemybrain.net\/v2\/wp-json\/wp\/v2\/coauthors?post=2754"}],"curies":[{"name":"wp","href":"https:\/\/api.w.org\/{rel}","templated":true}]}}