{"id":21511,"date":"2013-05-26T18:53:23","date_gmt":"2013-05-26T16:53:23","guid":{"rendered":"http:\/\/www.savemybrain.net\/v2\/?p=21511"},"modified":"2013-05-26T21:30:15","modified_gmt":"2013-05-26T19:30:15","slug":"etudier-en-belgique-est-ce-que-cest-plus-facile","status":"publish","type":"post","link":"https:\/\/www.savemybrain.net\/v2\/2013\/05\/26\/etudier-en-belgique-est-ce-que-cest-plus-facile-185321511\/","title":{"rendered":"Etudier en Belgique : est-ce que c&rsquo;est plus facile ?"},"content":{"rendered":"<p style=\"text-align: justify;\"><span style=\"color: #000000;\">\u00a0\u00a0 Beaucoup d&rsquo;\u00e9tudiants fran\u00e7ais trouvent que l&rsquo;herbe est plus verte ailleurs, ou au moins aussi belle ! Ailleurs, mais pas trop loin quand m\u00eame, puisque d&rsquo;apr\u00e8s deux enqu\u00eates men\u00e9es par l&rsquo;Unesco, l&rsquo;OCDE et Eurostat, les \u00e9tudiants fran\u00e7ais optent surtout pour les pays limitrophes. En un sens c&rsquo;est logique, puisque c&rsquo;est la porte \u00e0 c\u00f4t\u00e9. Pour se donner un ordre d&rsquo;id\u00e9e on compte environ 200 000 fran\u00e7ais install\u00e9s en Suisse, et surtout en Belgique, avec par exemple 225 \u00e0 250 nouveaux \u00e9tudiants de la fili\u00e8re logop\u00e9die-orthophonie, \u00e0 l&rsquo;Institut Marie Haps de Bruxelles pour l&rsquo;ann\u00e9e pass\u00e9e. Et pour les actifs, la tendance s&rsquo;\u00e9tend jusqu&rsquo;en Suisse puisque son secteur public s&rsquo;appr\u00eate \u00e0 ouvrir ses portes. D\u00e8s le mois d&rsquo;ao\u00fbt prochain, il sera plus accessible pour un enseignant fran\u00e7ais d&rsquo;exercer la m\u00eame profession de l&rsquo;autre c\u00f4t\u00e9 du Jura. En effet, 330 postes ont \u00e9t\u00e9 pr\u00e9vus rien qu&rsquo; \u00e0 Gen\u00e8ve. Est-ce que c&rsquo;est si facile d&rsquo;\u00e9tudier dans les pays frontaliers et surtout est-ce que la french cote va durer ?<\/span><\/p>\n<p style=\"text-align: justify;\"><!--more--><\/p>\n<p style=\"text-align: justify;\"><a href=\"http:\/\/www.savemybrain.net\/v2\/wp-content\/uploads\/2013\/05\/p8amphi_16032009.jpg\"><img loading=\"lazy\" decoding=\"async\" class=\"aligncenter size-medium wp-image-21513\" alt=\"etudierbelgique_01\" src=\"http:\/\/www.savemybrain.net\/v2\/wp-content\/uploads\/2013\/05\/p8amphi_16032009-500x375.jpg\" width=\"500\" height=\"375\" srcset=\"https:\/\/www.savemybrain.net\/v2\/wp-content\/uploads\/2013\/05\/p8amphi_16032009-500x375.jpg 500w, https:\/\/www.savemybrain.net\/v2\/wp-content\/uploads\/2013\/05\/p8amphi_16032009-768x576.jpg 768w, https:\/\/www.savemybrain.net\/v2\/wp-content\/uploads\/2013\/05\/p8amphi_16032009.jpg 1024w, https:\/\/www.savemybrain.net\/v2\/wp-content\/uploads\/2013\/05\/p8amphi_16032009-624x468.jpg 624w\" sizes=\"auto, (max-width: 500px) 100vw, 500px\" \/><\/a><\/p>\n<p style=\"text-align: justify;\"><span style=\"color: #000000;\"><b>Mon dipl\u00f4me est-il euro-compatible ?<\/b><\/span><\/p>\n<p style=\"text-align: justify;\"><span style=\"color: #000000;\">D&rsquo;apr\u00e8s \u00c9milie, \u00e9tudiante en 4\u00e8me ann\u00e9e d&rsquo;\u00e9cole de sage-femme en Belgique :<\/span><\/p>\n<p style=\"text-align: justify;\"><span style=\"color: #000000;\">\u00ab <i>Les dipl\u00f4mes belges sont euro-compatibles, donc pas de probl\u00e8me pour exercer en France. C&rsquo;est possible sans remise \u00e0 niveau pour pouvoir exercer, par contre la formation est beaucoup moins bonne au niveau pratique, surtout pour les accouchements. En Belgique, ce sont plus g\u00e9n\u00e9ralement les m\u00e9decins qui font les accouchements, m\u00eame si les accoucheuses savent et peuvent le faire. Il y a donc une diff\u00e9rence de responsabilit\u00e9, la profession en Belgique est consid\u00e9r\u00e9e comme param\u00e9dicale, et elle est plus accessible sur l&rsquo;accompagnement et la dimension psychologique. On fait une 1ere ann\u00e9e en commun avec les infirmi\u00e8res, avec seulement quelques cours d&#8217;embryologie et de physiologie de la grossesse sans aucun stage en maternit\u00e9. <\/i>\u00bb <\/span><\/p>\n<p style=\"text-align: justify;\"><span style=\"color: #000000;\">Pour toute discipline confondue, ceux qui poss\u00e8dent un dipl\u00f4me de l&rsquo;enseignement secondaire, ou un dipl\u00f4me de l&rsquo;enseignement sup\u00e9rieur ou universitaire, voici un portail utile concernant les \u00e9quivalences : <a href=\"http:\/\/www.equivalences.cfwb.be\/\"><span style=\"color: #000000;\">http:\/\/www.equivalences.cfwb.be\/.<\/span><\/a><\/span><\/p>\n<p style=\"text-align: justify;\"><strong><span style=\"color: #000000;\">Les \u00e9tudes sont-elles vraiment plus faciles en Belgique ?<\/span><\/strong><\/p>\n<p style=\"text-align: justify;\">Ce n&rsquo;est\u00a0 pas la premi\u00e8re question qu&rsquo;il faut se poser, car \u00e9tudier par facilit\u00e9, cela sonne creux. Pourtant elle est bien souvent r\u00e9it\u00e9r\u00e9e et pour les \u00e9tudiants fran\u00e7ais la Belgique est souvent l&rsquo;\u00e9cole de la deuxi\u00e8me chance. Pour entrer par exemple \u00e0 la Facult\u00e9 de M\u00e9decine V\u00e9t\u00e9rinaire \u00e0 Li\u00e8ge, ce sera plus facile pour ce qui est de l&rsquo;admission, car le mode de s\u00e9lection diff\u00e8re. En France, il faut passer par la pr\u00e9pa et les concours, c&rsquo;est extr\u00eamement difficile, autant physiquement que moralement. En Belgique, il n&rsquo;y a pas ce syst\u00e8me, mais il ne faut pas se leurrer, il s&rsquo;agit avant tout de bien conna\u00eetre nos amies les b\u00eates qui sont les m\u00eames partout&#8230; C&rsquo;est donc plus simple de rentrer mais pas forc\u00e9ment de rester.<\/p>\n<p style=\"text-align: justify;\">Que l&rsquo;on soit \u00e9tudiant de Navarre ou de Wallonie, on retrouve grosso modo les m\u00eames techniques chirurgicales, les m\u00eames protocoles de vaccination ou de vermifugation sont enseign\u00e9es, sur ce plan donc \u00e9galit\u00e9 totale, peut \u00eatre faut-il relever que les \u00e9quipements ne seront pas les m\u00eames, tout comme d&rsquo;une clinique v\u00e9t\u00e9rinaire \u00e0 une autre, les prix sont in\u00e9gaux sur en fonction principalement de ce premier crit\u00e8re,l &lsquo;argent nerf de la guerre et de la sant\u00e9. Mais globalement le mat\u00e9riel utilis\u00e9 en Belgique (st\u00e9thoscope, scalpel, aiguille, fils, seringue, analyseurs sanguins, etc etc &#8230; ) est le m\u00eame qu&rsquo;en France.<\/p>\n<p style=\"text-align: justify;\">Aussi, la Facult\u00e9 de Li\u00e8ge poss\u00e8de l&rsquo;accr\u00e9ditation Europ\u00e9enne, elle est au m\u00eame niveau que les autres \u00e9coles v\u00e9t\u00e9rinaires qui en b\u00e9n\u00e9ficient.Un \u00e9tudiant v\u00e9t\u00e9rinaire dipl\u00f4m\u00e9 en Belgique sera donc aussi comp\u00e9tant qu&rsquo;un \u00e9tudiant v\u00e9t\u00e9rinaire dipl\u00f4m\u00e9 en France et \u00e9galement reconnu.<\/p>\n<p style=\"text-align: justify;\"><strong>Est-ce que la situation va durer ?<\/strong><b><br \/>\n<\/b><\/p>\n<p style=\"text-align: justify;\">De nouvelles mesures ont \u00e9t\u00e9 prises pour r\u00e9guler les flux migratoires, ainsi seuls 30% d\u2019\u00e9tudiants ne r\u00e9sidant pas depuis trois ans en Belgique seront d\u00e9sormais autoris\u00e9s en fili\u00e8re orthophonie et audiologie, d\u00e8s la rentr\u00e9e prochaine. Une mesure qui rejoint celles d\u00e9j\u00e0 adopt\u00e9es pour la fili\u00e8re g\u00e9n\u00e9rale de m\u00e9decine, de dentisterie et de kin\u00e9sith\u00e9rapie.<\/p>\n<p style=\"text-align: justify;\">Ces quotas ont \u00e9t\u00e9 d\u00e9cid\u00e9s en avril dernier par la Communaut\u00e9 francophone de Belgique, regroupant la Wallonie et Bruxelles, qui compte cinq \u00abhautes \u00e9coles\u00bb d\u2019orthophonie. Le ministre de l\u2019Enseignement sup\u00e9rieur francophone, Jean-Claude Marcourt, a mis en avant le danger de p\u00e9nurie de professionnels due au d\u00e9part massif des jeunes dipl\u00f4m\u00e9s. il pr\u00e9cise par ailleurs avec diplomatie. A priori il n&rsquo;y aurait pas d&rsquo;animosit\u00e9 envers les \u00e9tudiants fran\u00e7ais, mais seulement le regret de s&rsquo;apercevoir que les places pour les \u00e9tudiants de nationalit\u00e9 belges deviennent beaucoup moins accessibles. En 2012, sur 1 238 \u00e9tudiants inscrits en premi\u00e8re ann\u00e9e d\u2019orthophonie en Belgique francophone, 837 \u00e9taient des \u00abnon r\u00e9sidents\u00bb, un chiffre qui n&rsquo;a jamais cess\u00e9 d&rsquo;\u00eatre en hausse d&rsquo;ann\u00e9es en ann\u00e9es.<\/p>\n<p>Sources :<\/p>\n<p>http:\/\/etudesvetoliege.blogspot.fr\/2010\/05\/bah-oui-en-belgique-cest-plus-facile.html<\/p>\n<p>http:\/\/etudiant.lefigaro.fr\/les-news\/actu\/detail\/article\/la-belgique-veut-reduire-le-nombre-d-etudiants-francais-1774\/<\/p>\n<blockquote class=\"wp-embedded-content\" data-secret=\"MLlC5tdrXA\"><p><a href=\"https:\/\/www.travailler-en-suisse.ch\/enseigner-geneve-professeur.html\">Plus de 300 postes d&rsquo;enseignants \u00e0 pourvoir \u00e0 Gen\u00e8ve<\/a><\/p><\/blockquote>\n<p><iframe loading=\"lazy\" title=\"\u00ab\u00a0Plus de 300 postes d&rsquo;enseignants \u00e0 pourvoir \u00e0 Gen\u00e8ve\u00a0\u00bb &#8212; Travailler en Suisse\" class=\"wp-embedded-content\" sandbox=\"allow-scripts\" security=\"restricted\" style=\"position: absolute; clip: rect(1px, 1px, 1px, 1px);\" src=\"https:\/\/www.travailler-en-suisse.ch\/enseigner-geneve-professeur.html\/embed#?secret=MLlC5tdrXA\" data-secret=\"MLlC5tdrXA\" width=\"600\" height=\"338\" frameborder=\"0\" marginwidth=\"0\" marginheight=\"0\" scrolling=\"no\"><\/iframe><\/p>\n<p>&nbsp;<\/p>\n","protected":false},"excerpt":{"rendered":"<p>\u00a0\u00a0 Beaucoup d&rsquo;\u00e9tudiants fran\u00e7ais trouvent que l&rsquo;herbe est plus verte ailleurs, ou au moins aussi belle ! Ailleurs, mais pas trop loin quand m\u00eame, puisque d&rsquo;apr\u00e8s deux enqu\u00eates men\u00e9es par l&rsquo;Unesco, l&rsquo;OCDE et Eurostat, les \u00e9tudiants fran\u00e7ais optent surtout pour les pays limitrophes. En un sens c&rsquo;est logique, puisque c&rsquo;est la porte \u00e0 c\u00f4t\u00e9. Pour se donner un ordre d&rsquo;id\u00e9e on compte environ 200 000 fran\u00e7ais install\u00e9s en Suisse, et surtout en Belgique, avec par exemple 225 \u00e0 250 nouveaux \u00e9tudiants de la fili\u00e8re logop\u00e9die-orthophonie, \u00e0 l&rsquo;Institut Marie Haps de Bruxelles pour l&rsquo;ann\u00e9e pass\u00e9e. Et pour les actifs, la tendance s&rsquo;\u00e9tend jusqu&rsquo;en Suisse puisque son secteur public s&rsquo;appr\u00eate \u00e0 ouvrir ses portes. D\u00e8s le mois d&rsquo;ao\u00fbt prochain, il sera plus accessible pour un enseignant fran\u00e7ais d&rsquo;exercer la m\u00eame profession de l&rsquo;autre c\u00f4t\u00e9 du Jura. En effet, 330 postes ont \u00e9t\u00e9 pr\u00e9vus rien qu&rsquo; \u00e0 Gen\u00e8ve. Est-ce que c&rsquo;est si facile d&rsquo;\u00e9tudier dans les pays frontaliers et surtout est-ce que la french cote va durer ?<\/p>\n","protected":false},"author":55,"featured_media":21513,"comment_status":"open","ping_status":"closed","sticky":false,"template":"","format":"standard","meta":{"_jetpack_memberships_contains_paid_content":false,"footnotes":""},"categories":[2559],"tags":[4422,4423,4420,4421],"coauthors":[3699],"class_list":["post-21511","post","type-post","status-publish","format-standard","has-post-thumbnail","hentry","category-be-pragmatic","tag-enseigner-en-suisse","tag-equivalences","tag-etudes-en-belgique","tag-veterinaire"],"yoast_head":"<!-- This site is optimized with the Yoast SEO plugin v27.2 - https:\/\/yoast.com\/product\/yoast-seo-wordpress\/ -->\n<title>Etudier en Belgique : est-ce que c&#039;est plus facile ? - Save my brain<\/title>\n<meta name=\"robots\" content=\"index, follow, max-snippet:-1, max-image-preview:large, max-video-preview:-1\" \/>\n<link rel=\"canonical\" href=\"https:\/\/www.savemybrain.net\/v2\/2013\/05\/26\/etudier-en-belgique-est-ce-que-cest-plus-facile-185321511\/\" \/>\n<meta property=\"og:locale\" content=\"fr_FR\" \/>\n<meta property=\"og:type\" content=\"article\" \/>\n<meta property=\"og:title\" content=\"Etudier en Belgique : est-ce que c&#039;est plus facile ? - Save my brain\" \/>\n<meta property=\"og:description\" content=\"\u00a0\u00a0 Beaucoup d&rsquo;\u00e9tudiants fran\u00e7ais trouvent que l&rsquo;herbe est plus verte ailleurs, ou au moins aussi belle ! Ailleurs, mais pas trop loin quand m\u00eame, puisque d&rsquo;apr\u00e8s deux enqu\u00eates men\u00e9es par l&rsquo;Unesco, l&rsquo;OCDE et Eurostat, les \u00e9tudiants fran\u00e7ais optent surtout pour les pays limitrophes. En un sens c&rsquo;est logique, puisque c&rsquo;est la porte \u00e0 c\u00f4t\u00e9. Pour se donner un ordre d&rsquo;id\u00e9e on compte environ 200 000 fran\u00e7ais install\u00e9s en Suisse, et surtout en Belgique, avec par exemple 225 \u00e0 250 nouveaux \u00e9tudiants de la fili\u00e8re logop\u00e9die-orthophonie, \u00e0 l&rsquo;Institut Marie Haps de Bruxelles pour l&rsquo;ann\u00e9e pass\u00e9e. Et pour les actifs, la tendance s&rsquo;\u00e9tend jusqu&rsquo;en Suisse puisque son secteur public s&rsquo;appr\u00eate \u00e0 ouvrir ses portes. D\u00e8s le mois d&rsquo;ao\u00fbt prochain, il sera plus accessible pour un enseignant fran\u00e7ais d&rsquo;exercer la m\u00eame profession de l&rsquo;autre c\u00f4t\u00e9 du Jura. En effet, 330 postes ont \u00e9t\u00e9 pr\u00e9vus rien qu&rsquo; \u00e0 Gen\u00e8ve. Est-ce que c&rsquo;est si facile d&rsquo;\u00e9tudier dans les pays frontaliers et surtout est-ce que la french cote va durer ?\" \/>\n<meta property=\"og:url\" content=\"https:\/\/www.savemybrain.net\/v2\/2013\/05\/26\/etudier-en-belgique-est-ce-que-cest-plus-facile-185321511\/\" \/>\n<meta property=\"og:site_name\" content=\"Save my brain\" \/>\n<meta property=\"article:published_time\" content=\"2013-05-26T16:53:23+00:00\" \/>\n<meta property=\"article:modified_time\" content=\"2013-05-26T19:30:15+00:00\" \/>\n<meta property=\"og:image\" content=\"https:\/\/www.savemybrain.net\/v2\/wp-content\/uploads\/2013\/05\/p8amphi_16032009.jpg\" \/>\n\t<meta property=\"og:image:width\" content=\"1024\" \/>\n\t<meta property=\"og:image:height\" content=\"768\" \/>\n\t<meta property=\"og:image:type\" content=\"image\/jpeg\" \/>\n<meta name=\"author\" content=\"Morgane Mac\u00e9\" \/>\n<meta name=\"twitter:card\" content=\"summary_large_image\" \/>\n<meta name=\"twitter:label1\" content=\"\u00c9crit par\" \/>\n\t<meta name=\"twitter:data1\" content=\"Morgane Mac\u00e9\" \/>\n\t<meta name=\"twitter:label2\" content=\"Dur\u00e9e de lecture estim\u00e9e\" \/>\n\t<meta name=\"twitter:data2\" content=\"4 minutes\" \/>\n\t<meta name=\"twitter:label3\" content=\"Written by\" \/>\n\t<meta name=\"twitter:data3\" content=\"Morgane Mac\u00e9\" \/>\n<script type=\"application\/ld+json\" class=\"yoast-schema-graph\">{\"@context\":\"https:\/\/schema.org\",\"@graph\":[{\"@type\":\"Article\",\"@id\":\"https:\/\/www.savemybrain.net\/v2\/2013\/05\/26\/etudier-en-belgique-est-ce-que-cest-plus-facile-185321511\/#article\",\"isPartOf\":{\"@id\":\"https:\/\/www.savemybrain.net\/v2\/2013\/05\/26\/etudier-en-belgique-est-ce-que-cest-plus-facile-185321511\/\"},\"author\":{\"name\":\"Morgane Mac\u00e9\",\"@id\":\"https:\/\/www.savemybrain.net\/v2\/#\/schema\/person\/ba17afb92e9170b6c4e44bec119be79f\"},\"headline\":\"Etudier en Belgique : est-ce que c&rsquo;est plus facile ?\",\"datePublished\":\"2013-05-26T16:53:23+00:00\",\"dateModified\":\"2013-05-26T19:30:15+00:00\",\"mainEntityOfPage\":{\"@id\":\"https:\/\/www.savemybrain.net\/v2\/2013\/05\/26\/etudier-en-belgique-est-ce-que-cest-plus-facile-185321511\/\"},\"wordCount\":903,\"commentCount\":0,\"image\":{\"@id\":\"https:\/\/www.savemybrain.net\/v2\/2013\/05\/26\/etudier-en-belgique-est-ce-que-cest-plus-facile-185321511\/#primaryimage\"},\"thumbnailUrl\":\"https:\/\/www.savemybrain.net\/v2\/wp-content\/uploads\/2013\/05\/p8amphi_16032009.jpg\",\"keywords\":[\"Enseigner en Suisse\",\"\u00e9quivalences\",\"Etudes en Belgique\",\"V\u00e9t\u00e9rinaire\"],\"articleSection\":[\"Be pragmatic\"],\"inLanguage\":\"fr-FR\",\"potentialAction\":[{\"@type\":\"CommentAction\",\"name\":\"Comment\",\"target\":[\"https:\/\/www.savemybrain.net\/v2\/2013\/05\/26\/etudier-en-belgique-est-ce-que-cest-plus-facile-185321511\/#respond\"]}]},{\"@type\":\"WebPage\",\"@id\":\"https:\/\/www.savemybrain.net\/v2\/2013\/05\/26\/etudier-en-belgique-est-ce-que-cest-plus-facile-185321511\/\",\"url\":\"https:\/\/www.savemybrain.net\/v2\/2013\/05\/26\/etudier-en-belgique-est-ce-que-cest-plus-facile-185321511\/\",\"name\":\"Etudier en Belgique : est-ce que c'est plus facile ? - Save my brain\",\"isPartOf\":{\"@id\":\"https:\/\/www.savemybrain.net\/v2\/#website\"},\"primaryImageOfPage\":{\"@id\":\"https:\/\/www.savemybrain.net\/v2\/2013\/05\/26\/etudier-en-belgique-est-ce-que-cest-plus-facile-185321511\/#primaryimage\"},\"image\":{\"@id\":\"https:\/\/www.savemybrain.net\/v2\/2013\/05\/26\/etudier-en-belgique-est-ce-que-cest-plus-facile-185321511\/#primaryimage\"},\"thumbnailUrl\":\"https:\/\/www.savemybrain.net\/v2\/wp-content\/uploads\/2013\/05\/p8amphi_16032009.jpg\",\"datePublished\":\"2013-05-26T16:53:23+00:00\",\"dateModified\":\"2013-05-26T19:30:15+00:00\",\"author\":{\"@id\":\"https:\/\/www.savemybrain.net\/v2\/#\/schema\/person\/ba17afb92e9170b6c4e44bec119be79f\"},\"inLanguage\":\"fr-FR\",\"potentialAction\":[{\"@type\":\"ReadAction\",\"target\":[\"https:\/\/www.savemybrain.net\/v2\/2013\/05\/26\/etudier-en-belgique-est-ce-que-cest-plus-facile-185321511\/\"]}]},{\"@type\":\"ImageObject\",\"inLanguage\":\"fr-FR\",\"@id\":\"https:\/\/www.savemybrain.net\/v2\/2013\/05\/26\/etudier-en-belgique-est-ce-que-cest-plus-facile-185321511\/#primaryimage\",\"url\":\"https:\/\/www.savemybrain.net\/v2\/wp-content\/uploads\/2013\/05\/p8amphi_16032009.jpg\",\"contentUrl\":\"https:\/\/www.savemybrain.net\/v2\/wp-content\/uploads\/2013\/05\/p8amphi_16032009.jpg\",\"width\":1024,\"height\":768},{\"@type\":\"WebSite\",\"@id\":\"https:\/\/www.savemybrain.net\/v2\/#website\",\"url\":\"https:\/\/www.savemybrain.net\/v2\/\",\"name\":\"Save my brain\",\"description\":\"Magazine lifestyle et culturel (depuis 2007)\",\"potentialAction\":[{\"@type\":\"SearchAction\",\"target\":{\"@type\":\"EntryPoint\",\"urlTemplate\":\"https:\/\/www.savemybrain.net\/v2\/?s={search_term_string}\"},\"query-input\":{\"@type\":\"PropertyValueSpecification\",\"valueRequired\":true,\"valueName\":\"search_term_string\"}}],\"inLanguage\":\"fr-FR\"},{\"@type\":\"Person\",\"@id\":\"https:\/\/www.savemybrain.net\/v2\/#\/schema\/person\/ba17afb92e9170b6c4e44bec119be79f\",\"name\":\"Morgane Mac\u00e9\",\"sameAs\":[\"http:\/\/fr.myspace.com\/mylovelyhiro\"],\"url\":\"https:\/\/www.savemybrain.net\/v2\/author\/morganemace\/\"}]}<\/script>\n<!-- \/ Yoast SEO plugin. -->","yoast_head_json":{"title":"Etudier en Belgique : est-ce que c'est plus facile ? - Save my brain","robots":{"index":"index","follow":"follow","max-snippet":"max-snippet:-1","max-image-preview":"max-image-preview:large","max-video-preview":"max-video-preview:-1"},"canonical":"https:\/\/www.savemybrain.net\/v2\/2013\/05\/26\/etudier-en-belgique-est-ce-que-cest-plus-facile-185321511\/","og_locale":"fr_FR","og_type":"article","og_title":"Etudier en Belgique : est-ce que c'est plus facile ? - Save my brain","og_description":"\u00a0\u00a0 Beaucoup d&rsquo;\u00e9tudiants fran\u00e7ais trouvent que l&rsquo;herbe est plus verte ailleurs, ou au moins aussi belle ! Ailleurs, mais pas trop loin quand m\u00eame, puisque d&rsquo;apr\u00e8s deux enqu\u00eates men\u00e9es par l&rsquo;Unesco, l&rsquo;OCDE et Eurostat, les \u00e9tudiants fran\u00e7ais optent surtout pour les pays limitrophes. En un sens c&rsquo;est logique, puisque c&rsquo;est la porte \u00e0 c\u00f4t\u00e9. Pour se donner un ordre d&rsquo;id\u00e9e on compte environ 200 000 fran\u00e7ais install\u00e9s en Suisse, et surtout en Belgique, avec par exemple 225 \u00e0 250 nouveaux \u00e9tudiants de la fili\u00e8re logop\u00e9die-orthophonie, \u00e0 l&rsquo;Institut Marie Haps de Bruxelles pour l&rsquo;ann\u00e9e pass\u00e9e. Et pour les actifs, la tendance s&rsquo;\u00e9tend jusqu&rsquo;en Suisse puisque son secteur public s&rsquo;appr\u00eate \u00e0 ouvrir ses portes. D\u00e8s le mois d&rsquo;ao\u00fbt prochain, il sera plus accessible pour un enseignant fran\u00e7ais d&rsquo;exercer la m\u00eame profession de l&rsquo;autre c\u00f4t\u00e9 du Jura. En effet, 330 postes ont \u00e9t\u00e9 pr\u00e9vus rien qu&rsquo; \u00e0 Gen\u00e8ve. Est-ce que c&rsquo;est si facile d&rsquo;\u00e9tudier dans les pays frontaliers et surtout est-ce que la french cote va durer ?","og_url":"https:\/\/www.savemybrain.net\/v2\/2013\/05\/26\/etudier-en-belgique-est-ce-que-cest-plus-facile-185321511\/","og_site_name":"Save my brain","article_published_time":"2013-05-26T16:53:23+00:00","article_modified_time":"2013-05-26T19:30:15+00:00","og_image":[{"width":1024,"height":768,"url":"https:\/\/www.savemybrain.net\/v2\/wp-content\/uploads\/2013\/05\/p8amphi_16032009.jpg","type":"image\/jpeg"}],"author":"Morgane Mac\u00e9","twitter_card":"summary_large_image","twitter_misc":{"\u00c9crit par":"Morgane Mac\u00e9","Dur\u00e9e de lecture estim\u00e9e":"4 minutes","Written by":"Morgane Mac\u00e9"},"schema":{"@context":"https:\/\/schema.org","@graph":[{"@type":"Article","@id":"https:\/\/www.savemybrain.net\/v2\/2013\/05\/26\/etudier-en-belgique-est-ce-que-cest-plus-facile-185321511\/#article","isPartOf":{"@id":"https:\/\/www.savemybrain.net\/v2\/2013\/05\/26\/etudier-en-belgique-est-ce-que-cest-plus-facile-185321511\/"},"author":{"name":"Morgane Mac\u00e9","@id":"https:\/\/www.savemybrain.net\/v2\/#\/schema\/person\/ba17afb92e9170b6c4e44bec119be79f"},"headline":"Etudier en Belgique : est-ce que c&rsquo;est plus facile ?","datePublished":"2013-05-26T16:53:23+00:00","dateModified":"2013-05-26T19:30:15+00:00","mainEntityOfPage":{"@id":"https:\/\/www.savemybrain.net\/v2\/2013\/05\/26\/etudier-en-belgique-est-ce-que-cest-plus-facile-185321511\/"},"wordCount":903,"commentCount":0,"image":{"@id":"https:\/\/www.savemybrain.net\/v2\/2013\/05\/26\/etudier-en-belgique-est-ce-que-cest-plus-facile-185321511\/#primaryimage"},"thumbnailUrl":"https:\/\/www.savemybrain.net\/v2\/wp-content\/uploads\/2013\/05\/p8amphi_16032009.jpg","keywords":["Enseigner en Suisse","\u00e9quivalences","Etudes en Belgique","V\u00e9t\u00e9rinaire"],"articleSection":["Be pragmatic"],"inLanguage":"fr-FR","potentialAction":[{"@type":"CommentAction","name":"Comment","target":["https:\/\/www.savemybrain.net\/v2\/2013\/05\/26\/etudier-en-belgique-est-ce-que-cest-plus-facile-185321511\/#respond"]}]},{"@type":"WebPage","@id":"https:\/\/www.savemybrain.net\/v2\/2013\/05\/26\/etudier-en-belgique-est-ce-que-cest-plus-facile-185321511\/","url":"https:\/\/www.savemybrain.net\/v2\/2013\/05\/26\/etudier-en-belgique-est-ce-que-cest-plus-facile-185321511\/","name":"Etudier en Belgique : est-ce que c'est plus facile ? - Save my brain","isPartOf":{"@id":"https:\/\/www.savemybrain.net\/v2\/#website"},"primaryImageOfPage":{"@id":"https:\/\/www.savemybrain.net\/v2\/2013\/05\/26\/etudier-en-belgique-est-ce-que-cest-plus-facile-185321511\/#primaryimage"},"image":{"@id":"https:\/\/www.savemybrain.net\/v2\/2013\/05\/26\/etudier-en-belgique-est-ce-que-cest-plus-facile-185321511\/#primaryimage"},"thumbnailUrl":"https:\/\/www.savemybrain.net\/v2\/wp-content\/uploads\/2013\/05\/p8amphi_16032009.jpg","datePublished":"2013-05-26T16:53:23+00:00","dateModified":"2013-05-26T19:30:15+00:00","author":{"@id":"https:\/\/www.savemybrain.net\/v2\/#\/schema\/person\/ba17afb92e9170b6c4e44bec119be79f"},"inLanguage":"fr-FR","potentialAction":[{"@type":"ReadAction","target":["https:\/\/www.savemybrain.net\/v2\/2013\/05\/26\/etudier-en-belgique-est-ce-que-cest-plus-facile-185321511\/"]}]},{"@type":"ImageObject","inLanguage":"fr-FR","@id":"https:\/\/www.savemybrain.net\/v2\/2013\/05\/26\/etudier-en-belgique-est-ce-que-cest-plus-facile-185321511\/#primaryimage","url":"https:\/\/www.savemybrain.net\/v2\/wp-content\/uploads\/2013\/05\/p8amphi_16032009.jpg","contentUrl":"https:\/\/www.savemybrain.net\/v2\/wp-content\/uploads\/2013\/05\/p8amphi_16032009.jpg","width":1024,"height":768},{"@type":"WebSite","@id":"https:\/\/www.savemybrain.net\/v2\/#website","url":"https:\/\/www.savemybrain.net\/v2\/","name":"Save my brain","description":"Magazine lifestyle et culturel (depuis 2007)","potentialAction":[{"@type":"SearchAction","target":{"@type":"EntryPoint","urlTemplate":"https:\/\/www.savemybrain.net\/v2\/?s={search_term_string}"},"query-input":{"@type":"PropertyValueSpecification","valueRequired":true,"valueName":"search_term_string"}}],"inLanguage":"fr-FR"},{"@type":"Person","@id":"https:\/\/www.savemybrain.net\/v2\/#\/schema\/person\/ba17afb92e9170b6c4e44bec119be79f","name":"Morgane Mac\u00e9","sameAs":["http:\/\/fr.myspace.com\/mylovelyhiro"],"url":"https:\/\/www.savemybrain.net\/v2\/author\/morganemace\/"}]}},"jetpack_featured_media_url":"https:\/\/www.savemybrain.net\/v2\/wp-content\/uploads\/2013\/05\/p8amphi_16032009.jpg","jetpack_sharing_enabled":true,"_links":{"self":[{"href":"https:\/\/www.savemybrain.net\/v2\/wp-json\/wp\/v2\/posts\/21511","targetHints":{"allow":["GET"]}}],"collection":[{"href":"https:\/\/www.savemybrain.net\/v2\/wp-json\/wp\/v2\/posts"}],"about":[{"href":"https:\/\/www.savemybrain.net\/v2\/wp-json\/wp\/v2\/types\/post"}],"author":[{"embeddable":true,"href":"https:\/\/www.savemybrain.net\/v2\/wp-json\/wp\/v2\/users\/55"}],"replies":[{"embeddable":true,"href":"https:\/\/www.savemybrain.net\/v2\/wp-json\/wp\/v2\/comments?post=21511"}],"version-history":[{"count":0,"href":"https:\/\/www.savemybrain.net\/v2\/wp-json\/wp\/v2\/posts\/21511\/revisions"}],"wp:featuredmedia":[{"embeddable":true,"href":"https:\/\/www.savemybrain.net\/v2\/wp-json\/wp\/v2\/media\/21513"}],"wp:attachment":[{"href":"https:\/\/www.savemybrain.net\/v2\/wp-json\/wp\/v2\/media?parent=21511"}],"wp:term":[{"taxonomy":"category","embeddable":true,"href":"https:\/\/www.savemybrain.net\/v2\/wp-json\/wp\/v2\/categories?post=21511"},{"taxonomy":"post_tag","embeddable":true,"href":"https:\/\/www.savemybrain.net\/v2\/wp-json\/wp\/v2\/tags?post=21511"},{"taxonomy":"author","embeddable":true,"href":"https:\/\/www.savemybrain.net\/v2\/wp-json\/wp\/v2\/coauthors?post=21511"}],"curies":[{"name":"wp","href":"https:\/\/api.w.org\/{rel}","templated":true}]}}