{"id":21049,"date":"2013-04-04T20:00:19","date_gmt":"2013-04-04T19:00:19","guid":{"rendered":"http:\/\/www.savemybrain.net\/v2\/?p=21049"},"modified":"2013-04-07T08:05:27","modified_gmt":"2013-04-07T07:05:27","slug":"la-couleur-jaune-peut-elle-etre-pour-moi","status":"publish","type":"post","link":"https:\/\/www.savemybrain.net\/v2\/2013\/04\/04\/la-couleur-jaune-peut-elle-etre-pour-moi-200021049\/","title":{"rendered":"La couleur jaune peut-elle \u00eatre pour moi ?"},"content":{"rendered":"<p>Le printemps tente timidement de s\u2019installer, les fleurs commencent \u00e0 bourgeonner (timidement encore), le soleil nous envahit de ses rayons (timidement toujours), les couleurs ont pris place dans les magasins, cette fois-ci de mani\u00e8re assum\u00e9e et revendiqu\u00e9e. Cependant, et malgr\u00e9 les efforts appr\u00e9ci\u00e9s des merchandiseurs pour la qualit\u00e9 des mises en rayons et des vendeurs pour leur qualit\u00e9 de persuasion, on reste dubitative quant aux couleurs flashy propos\u00e9es cet \u00e9t\u00e9. Le must propos\u00e9 ? Le jaune ! Oui vous savez cette teinte improbable que l\u2019on retrouve la plupart du temps sur des parasols ou \u00e0 la limite sur un sac de plage ?! Eh bien, pour cette ann\u00e9e 2013, on nous le propose dans de multiples combinaisons mode. Focus sur la couleur du soleil pour essayer de l\u2019apprivoiser de mani\u00e8re crescendo\u2026<!--more--><img loading=\"lazy\" decoding=\"async\" class=\"aligncenter size-full wp-image-21050\" alt=\"La couleur jaune peut-elle \u00eatre pour moi ?\" src=\"http:\/\/www.savemybrain.net\/v2\/wp-content\/uploads\/2013\/04\/Shopping-Jaune.jpg\" width=\"500\" height=\"500\" srcset=\"https:\/\/www.savemybrain.net\/v2\/wp-content\/uploads\/2013\/04\/Shopping-Jaune.jpg 500w, https:\/\/www.savemybrain.net\/v2\/wp-content\/uploads\/2013\/04\/Shopping-Jaune-150x150.jpg 150w, https:\/\/www.savemybrain.net\/v2\/wp-content\/uploads\/2013\/04\/Shopping-Jaune-160x160.jpg 160w, https:\/\/www.savemybrain.net\/v2\/wp-content\/uploads\/2013\/04\/Shopping-Jaune-320x320.jpg 320w\" sizes=\"auto, (max-width: 500px) 100vw, 500px\" \/><\/p>\n<p>Miser le jaune sur\u2026 des chaussures ! La base pour honorer cette chouette couleur sans prendre trop de risques d\u2019y laisser son teint (\u00e0 moins d\u2019avoir les pieds d\u2019une blancheur rare, presque de porcelaine, voire \u00ab\u00a0Edward\u00a0\u00bb dans Twilight). Version maxi compens\u00e9es avec grosses lani\u00e8res c\u2019est girly-bobo \u00e0 souhait, version ballerines vernis c\u2019est se prendre pour In\u00e8s de La Fressange et c\u2019est coolitude assur\u00e9e !<\/p>\n<p>Miser le jaune sur\u2026 un soutien gorge ! Vous me direz \u00ab rien de plus facile, seul mon amoureux pourra le voir \u00bb, mais non justement la subtilit\u00e9 chic&amp;fun se joue en le choisissant de forme bustier et en le glissant sous un tee shirt blanc un peu fin. La couleur ressort et on signe ainsi un style un brin street mais surtout on fait honneur \u00e0 l\u2019\u00e9t\u00e9 ! Petit plus : accord\u00e9 son vernis (mains et pieds) pour prouver que rien n\u2019est laiss\u00e9 au hasard et assumer son look.<\/p>\n<p>Miser le jaune sur\u2026 une veste ! On s\u2019approche du culot. Les plus courageuses sauront habiller fi\u00e8rement leurs \u00e9paules en choisissant un mod\u00e8le en tweed avec un jaune un peu lav\u00e9 pour le rendre plus sage. Pour plus de folie, on jette plut\u00f4t son d\u00e9volu sur un blouson en jean jaune qui sera davantage passe-partout ! (si si\u2026)<\/p>\n<p>Miser le jaune sur\u2026 un slim ! Je vous vois venir, tout le monde ne peut pas se le permettre. Quand on a la chance d\u2019avoir des cuisses de grenouilles bien fermes, on h\u00e9site pas et l\u2019associe \u00e0 des petites tennis blanches pour att\u00e9nuer l\u2019ensemble. Pour les cuisses un peu plus rondes, on prend \u00e0 la place une jupe de forme trap\u00e8ze que l\u2019on ceinture bien haut (au dessus du nombril) pour \u00e9lancer la silhouette.<\/p>\n<p>Miser le jaune sur\u2026 les yeux ! Le graal de l\u2019audace, tout le monde ne pourra pas ais\u00e9ment se le permettre. Nos amies aux peaux mates et fonc\u00e9es pourront tr\u00e8s facilement maquiller leurs envies sans peur ni crainte avec un trait d\u2019eye liner fluo \u00e0 la pointe de l\u2019ext\u00e9rieur de l\u2019\u0153il. Pour nos amies \u00e0 la peau plus p\u00e2le, elles pourront oser pour une soir\u00e9e des faux-cils avec les pointes jaunes pour mimer un vrai carnaval de Rio !<\/p>\n<p>A travers ces 5 propositions, plus de question \u00e0 se poser : le jaune peut seoir \u00e0 tout le monde ! Chacune est libre de choisir la fa\u00e7on dont elle arborera cette couleur estivale cette ann\u00e9e, tout est une question de savoir oser, comme toujours en mati\u00e8re de mode. En tout cas, une chose est s\u00fbr\u2026 L\u2019\u00e9t\u00e9 2013 s\u2019ra chaud !<\/p>\n<p>En photo :<\/p>\n<p>Compens\u00e9es jaunes : San Marina 89,90\u20ac<br \/>\nVeste : Comptoir des cotonniers 145\u20ac<br \/>\nSlim : Pepe Jeans 90\u20ac<\/p>\n","protected":false},"excerpt":{"rendered":"<p>Le printemps tente timidement de s\u2019installer, les fleurs commencent \u00e0 bourgeonner (timidement encore), le soleil nous envahit de ses rayons (timidement toujours), les couleurs ont pris place dans les magasins, cette fois-ci de mani\u00e8re assum\u00e9e et revendiqu\u00e9e. Cependant, et malgr\u00e9 les efforts appr\u00e9ci\u00e9s des merchandiseurs pour la qualit\u00e9 des mises en rayons et des vendeurs pour leur qualit\u00e9 de persuasion, on reste dubitative quant aux couleurs flashy propos\u00e9es cet \u00e9t\u00e9. Le must propos\u00e9 ? Le jaune ! Oui vous savez cette teinte improbable que l\u2019on retrouve la plupart du temps sur des parasols ou \u00e0 la limite sur un sac de plage ?! Eh bien, pour cette ann\u00e9e 2013, on nous le propose dans de multiples combinaisons mode. Focus sur la couleur du soleil pour essayer de l\u2019apprivoiser de mani\u00e8re crescendo\u2026<\/p>\n","protected":false},"author":77,"featured_media":21055,"comment_status":"open","ping_status":"closed","sticky":false,"template":"","format":"standard","meta":{"_jetpack_memberships_contains_paid_content":false,"footnotes":""},"categories":[3998],"tags":[4363,136],"coauthors":[3731],"class_list":["post-21049","post","type-post","status-publish","format-standard","has-post-thumbnail","hentry","category-jusqua-ce-que-mode-sen-suive","tag-jaune","tag-mode"],"yoast_head":"<!-- This site is optimized with the Yoast SEO plugin v27.2 - https:\/\/yoast.com\/product\/yoast-seo-wordpress\/ -->\n<title>La couleur jaune peut-elle \u00eatre pour moi ? - Save my brain<\/title>\n<meta name=\"robots\" content=\"index, follow, max-snippet:-1, max-image-preview:large, max-video-preview:-1\" \/>\n<link rel=\"canonical\" href=\"https:\/\/www.savemybrain.net\/v2\/2013\/04\/04\/la-couleur-jaune-peut-elle-etre-pour-moi-200021049\/\" \/>\n<meta property=\"og:locale\" content=\"fr_FR\" \/>\n<meta property=\"og:type\" content=\"article\" \/>\n<meta property=\"og:title\" content=\"La couleur jaune peut-elle \u00eatre pour moi ? - Save my brain\" \/>\n<meta property=\"og:description\" content=\"Le printemps tente timidement de s\u2019installer, les fleurs commencent \u00e0 bourgeonner (timidement encore), le soleil nous envahit de ses rayons (timidement toujours), les couleurs ont pris place dans les magasins, cette fois-ci de mani\u00e8re assum\u00e9e et revendiqu\u00e9e. Cependant, et malgr\u00e9 les efforts appr\u00e9ci\u00e9s des merchandiseurs pour la qualit\u00e9 des mises en rayons et des vendeurs pour leur qualit\u00e9 de persuasion, on reste dubitative quant aux couleurs flashy propos\u00e9es cet \u00e9t\u00e9. Le must propos\u00e9 ? Le jaune ! Oui vous savez cette teinte improbable que l\u2019on retrouve la plupart du temps sur des parasols ou \u00e0 la limite sur un sac de plage ?! Eh bien, pour cette ann\u00e9e 2013, on nous le propose dans de multiples combinaisons mode. Focus sur la couleur du soleil pour essayer de l\u2019apprivoiser de mani\u00e8re crescendo\u2026\" \/>\n<meta property=\"og:url\" content=\"https:\/\/www.savemybrain.net\/v2\/2013\/04\/04\/la-couleur-jaune-peut-elle-etre-pour-moi-200021049\/\" \/>\n<meta property=\"og:site_name\" content=\"Save my brain\" \/>\n<meta property=\"article:published_time\" content=\"2013-04-04T19:00:19+00:00\" \/>\n<meta property=\"article:modified_time\" content=\"2013-04-07T07:05:27+00:00\" \/>\n<meta property=\"og:image\" content=\"https:\/\/www.savemybrain.net\/v2\/wp-content\/uploads\/2013\/04\/Shopping-Jaune2.jpg\" \/>\n\t<meta property=\"og:image:width\" content=\"500\" \/>\n\t<meta property=\"og:image:height\" content=\"465\" \/>\n\t<meta property=\"og:image:type\" content=\"image\/jpeg\" \/>\n<meta name=\"author\" content=\"MarieP.\" \/>\n<meta name=\"twitter:card\" content=\"summary_large_image\" \/>\n<meta name=\"twitter:label1\" content=\"\u00c9crit par\" \/>\n\t<meta name=\"twitter:data1\" content=\"MarieP.\" \/>\n\t<meta name=\"twitter:label2\" content=\"Dur\u00e9e de lecture estim\u00e9e\" \/>\n\t<meta name=\"twitter:data2\" content=\"3 minutes\" \/>\n\t<meta name=\"twitter:label3\" content=\"Written by\" \/>\n\t<meta name=\"twitter:data3\" content=\"MarieP.\" \/>\n<script type=\"application\/ld+json\" class=\"yoast-schema-graph\">{\"@context\":\"https:\/\/schema.org\",\"@graph\":[{\"@type\":\"Article\",\"@id\":\"https:\/\/www.savemybrain.net\/v2\/2013\/04\/04\/la-couleur-jaune-peut-elle-etre-pour-moi-200021049\/#article\",\"isPartOf\":{\"@id\":\"https:\/\/www.savemybrain.net\/v2\/2013\/04\/04\/la-couleur-jaune-peut-elle-etre-pour-moi-200021049\/\"},\"author\":{\"name\":\"MarieP.\",\"@id\":\"https:\/\/www.savemybrain.net\/v2\/#\/schema\/person\/934badf4f0e5d8cc50558af30ffafa01\"},\"headline\":\"La couleur jaune peut-elle \u00eatre pour moi ?\",\"datePublished\":\"2013-04-04T19:00:19+00:00\",\"dateModified\":\"2013-04-07T07:05:27+00:00\",\"mainEntityOfPage\":{\"@id\":\"https:\/\/www.savemybrain.net\/v2\/2013\/04\/04\/la-couleur-jaune-peut-elle-etre-pour-moi-200021049\/\"},\"wordCount\":600,\"commentCount\":0,\"image\":{\"@id\":\"https:\/\/www.savemybrain.net\/v2\/2013\/04\/04\/la-couleur-jaune-peut-elle-etre-pour-moi-200021049\/#primaryimage\"},\"thumbnailUrl\":\"https:\/\/www.savemybrain.net\/v2\/wp-content\/uploads\/2013\/04\/Shopping-Jaune2.jpg\",\"keywords\":[\"jaune\",\"mode\"],\"articleSection\":[\"Jusqu'\u00e0 ce que mode s'en suive\"],\"inLanguage\":\"fr-FR\",\"potentialAction\":[{\"@type\":\"CommentAction\",\"name\":\"Comment\",\"target\":[\"https:\/\/www.savemybrain.net\/v2\/2013\/04\/04\/la-couleur-jaune-peut-elle-etre-pour-moi-200021049\/#respond\"]}]},{\"@type\":\"WebPage\",\"@id\":\"https:\/\/www.savemybrain.net\/v2\/2013\/04\/04\/la-couleur-jaune-peut-elle-etre-pour-moi-200021049\/\",\"url\":\"https:\/\/www.savemybrain.net\/v2\/2013\/04\/04\/la-couleur-jaune-peut-elle-etre-pour-moi-200021049\/\",\"name\":\"La couleur jaune peut-elle \u00eatre pour moi ? - Save my brain\",\"isPartOf\":{\"@id\":\"https:\/\/www.savemybrain.net\/v2\/#website\"},\"primaryImageOfPage\":{\"@id\":\"https:\/\/www.savemybrain.net\/v2\/2013\/04\/04\/la-couleur-jaune-peut-elle-etre-pour-moi-200021049\/#primaryimage\"},\"image\":{\"@id\":\"https:\/\/www.savemybrain.net\/v2\/2013\/04\/04\/la-couleur-jaune-peut-elle-etre-pour-moi-200021049\/#primaryimage\"},\"thumbnailUrl\":\"https:\/\/www.savemybrain.net\/v2\/wp-content\/uploads\/2013\/04\/Shopping-Jaune2.jpg\",\"datePublished\":\"2013-04-04T19:00:19+00:00\",\"dateModified\":\"2013-04-07T07:05:27+00:00\",\"author\":{\"@id\":\"https:\/\/www.savemybrain.net\/v2\/#\/schema\/person\/934badf4f0e5d8cc50558af30ffafa01\"},\"inLanguage\":\"fr-FR\",\"potentialAction\":[{\"@type\":\"ReadAction\",\"target\":[\"https:\/\/www.savemybrain.net\/v2\/2013\/04\/04\/la-couleur-jaune-peut-elle-etre-pour-moi-200021049\/\"]}]},{\"@type\":\"ImageObject\",\"inLanguage\":\"fr-FR\",\"@id\":\"https:\/\/www.savemybrain.net\/v2\/2013\/04\/04\/la-couleur-jaune-peut-elle-etre-pour-moi-200021049\/#primaryimage\",\"url\":\"https:\/\/www.savemybrain.net\/v2\/wp-content\/uploads\/2013\/04\/Shopping-Jaune2.jpg\",\"contentUrl\":\"https:\/\/www.savemybrain.net\/v2\/wp-content\/uploads\/2013\/04\/Shopping-Jaune2.jpg\",\"width\":500,\"height\":465},{\"@type\":\"WebSite\",\"@id\":\"https:\/\/www.savemybrain.net\/v2\/#website\",\"url\":\"https:\/\/www.savemybrain.net\/v2\/\",\"name\":\"Save my brain\",\"description\":\"Magazine lifestyle et culturel (depuis 2007)\",\"potentialAction\":[{\"@type\":\"SearchAction\",\"target\":{\"@type\":\"EntryPoint\",\"urlTemplate\":\"https:\/\/www.savemybrain.net\/v2\/?s={search_term_string}\"},\"query-input\":{\"@type\":\"PropertyValueSpecification\",\"valueRequired\":true,\"valueName\":\"search_term_string\"}}],\"inLanguage\":\"fr-FR\"},{\"@type\":\"Person\",\"@id\":\"https:\/\/www.savemybrain.net\/v2\/#\/schema\/person\/934badf4f0e5d8cc50558af30ffafa01\",\"name\":\"MarieP.\",\"url\":\"https:\/\/www.savemybrain.net\/v2\/author\/mariep\/\"}]}<\/script>\n<!-- \/ Yoast SEO plugin. -->","yoast_head_json":{"title":"La couleur jaune peut-elle \u00eatre pour moi ? - Save my brain","robots":{"index":"index","follow":"follow","max-snippet":"max-snippet:-1","max-image-preview":"max-image-preview:large","max-video-preview":"max-video-preview:-1"},"canonical":"https:\/\/www.savemybrain.net\/v2\/2013\/04\/04\/la-couleur-jaune-peut-elle-etre-pour-moi-200021049\/","og_locale":"fr_FR","og_type":"article","og_title":"La couleur jaune peut-elle \u00eatre pour moi ? - Save my brain","og_description":"Le printemps tente timidement de s\u2019installer, les fleurs commencent \u00e0 bourgeonner (timidement encore), le soleil nous envahit de ses rayons (timidement toujours), les couleurs ont pris place dans les magasins, cette fois-ci de mani\u00e8re assum\u00e9e et revendiqu\u00e9e. Cependant, et malgr\u00e9 les efforts appr\u00e9ci\u00e9s des merchandiseurs pour la qualit\u00e9 des mises en rayons et des vendeurs pour leur qualit\u00e9 de persuasion, on reste dubitative quant aux couleurs flashy propos\u00e9es cet \u00e9t\u00e9. Le must propos\u00e9 ? Le jaune ! Oui vous savez cette teinte improbable que l\u2019on retrouve la plupart du temps sur des parasols ou \u00e0 la limite sur un sac de plage ?! Eh bien, pour cette ann\u00e9e 2013, on nous le propose dans de multiples combinaisons mode. Focus sur la couleur du soleil pour essayer de l\u2019apprivoiser de mani\u00e8re crescendo\u2026","og_url":"https:\/\/www.savemybrain.net\/v2\/2013\/04\/04\/la-couleur-jaune-peut-elle-etre-pour-moi-200021049\/","og_site_name":"Save my brain","article_published_time":"2013-04-04T19:00:19+00:00","article_modified_time":"2013-04-07T07:05:27+00:00","og_image":[{"width":500,"height":465,"url":"https:\/\/www.savemybrain.net\/v2\/wp-content\/uploads\/2013\/04\/Shopping-Jaune2.jpg","type":"image\/jpeg"}],"author":"MarieP.","twitter_card":"summary_large_image","twitter_misc":{"\u00c9crit par":"MarieP.","Dur\u00e9e de lecture estim\u00e9e":"3 minutes","Written by":"MarieP."},"schema":{"@context":"https:\/\/schema.org","@graph":[{"@type":"Article","@id":"https:\/\/www.savemybrain.net\/v2\/2013\/04\/04\/la-couleur-jaune-peut-elle-etre-pour-moi-200021049\/#article","isPartOf":{"@id":"https:\/\/www.savemybrain.net\/v2\/2013\/04\/04\/la-couleur-jaune-peut-elle-etre-pour-moi-200021049\/"},"author":{"name":"MarieP.","@id":"https:\/\/www.savemybrain.net\/v2\/#\/schema\/person\/934badf4f0e5d8cc50558af30ffafa01"},"headline":"La couleur jaune peut-elle \u00eatre pour moi ?","datePublished":"2013-04-04T19:00:19+00:00","dateModified":"2013-04-07T07:05:27+00:00","mainEntityOfPage":{"@id":"https:\/\/www.savemybrain.net\/v2\/2013\/04\/04\/la-couleur-jaune-peut-elle-etre-pour-moi-200021049\/"},"wordCount":600,"commentCount":0,"image":{"@id":"https:\/\/www.savemybrain.net\/v2\/2013\/04\/04\/la-couleur-jaune-peut-elle-etre-pour-moi-200021049\/#primaryimage"},"thumbnailUrl":"https:\/\/www.savemybrain.net\/v2\/wp-content\/uploads\/2013\/04\/Shopping-Jaune2.jpg","keywords":["jaune","mode"],"articleSection":["Jusqu'\u00e0 ce que mode s'en suive"],"inLanguage":"fr-FR","potentialAction":[{"@type":"CommentAction","name":"Comment","target":["https:\/\/www.savemybrain.net\/v2\/2013\/04\/04\/la-couleur-jaune-peut-elle-etre-pour-moi-200021049\/#respond"]}]},{"@type":"WebPage","@id":"https:\/\/www.savemybrain.net\/v2\/2013\/04\/04\/la-couleur-jaune-peut-elle-etre-pour-moi-200021049\/","url":"https:\/\/www.savemybrain.net\/v2\/2013\/04\/04\/la-couleur-jaune-peut-elle-etre-pour-moi-200021049\/","name":"La couleur jaune peut-elle \u00eatre pour moi ? - Save my brain","isPartOf":{"@id":"https:\/\/www.savemybrain.net\/v2\/#website"},"primaryImageOfPage":{"@id":"https:\/\/www.savemybrain.net\/v2\/2013\/04\/04\/la-couleur-jaune-peut-elle-etre-pour-moi-200021049\/#primaryimage"},"image":{"@id":"https:\/\/www.savemybrain.net\/v2\/2013\/04\/04\/la-couleur-jaune-peut-elle-etre-pour-moi-200021049\/#primaryimage"},"thumbnailUrl":"https:\/\/www.savemybrain.net\/v2\/wp-content\/uploads\/2013\/04\/Shopping-Jaune2.jpg","datePublished":"2013-04-04T19:00:19+00:00","dateModified":"2013-04-07T07:05:27+00:00","author":{"@id":"https:\/\/www.savemybrain.net\/v2\/#\/schema\/person\/934badf4f0e5d8cc50558af30ffafa01"},"inLanguage":"fr-FR","potentialAction":[{"@type":"ReadAction","target":["https:\/\/www.savemybrain.net\/v2\/2013\/04\/04\/la-couleur-jaune-peut-elle-etre-pour-moi-200021049\/"]}]},{"@type":"ImageObject","inLanguage":"fr-FR","@id":"https:\/\/www.savemybrain.net\/v2\/2013\/04\/04\/la-couleur-jaune-peut-elle-etre-pour-moi-200021049\/#primaryimage","url":"https:\/\/www.savemybrain.net\/v2\/wp-content\/uploads\/2013\/04\/Shopping-Jaune2.jpg","contentUrl":"https:\/\/www.savemybrain.net\/v2\/wp-content\/uploads\/2013\/04\/Shopping-Jaune2.jpg","width":500,"height":465},{"@type":"WebSite","@id":"https:\/\/www.savemybrain.net\/v2\/#website","url":"https:\/\/www.savemybrain.net\/v2\/","name":"Save my brain","description":"Magazine lifestyle et culturel (depuis 2007)","potentialAction":[{"@type":"SearchAction","target":{"@type":"EntryPoint","urlTemplate":"https:\/\/www.savemybrain.net\/v2\/?s={search_term_string}"},"query-input":{"@type":"PropertyValueSpecification","valueRequired":true,"valueName":"search_term_string"}}],"inLanguage":"fr-FR"},{"@type":"Person","@id":"https:\/\/www.savemybrain.net\/v2\/#\/schema\/person\/934badf4f0e5d8cc50558af30ffafa01","name":"MarieP.","url":"https:\/\/www.savemybrain.net\/v2\/author\/mariep\/"}]}},"jetpack_featured_media_url":"https:\/\/www.savemybrain.net\/v2\/wp-content\/uploads\/2013\/04\/Shopping-Jaune2.jpg","jetpack_sharing_enabled":true,"_links":{"self":[{"href":"https:\/\/www.savemybrain.net\/v2\/wp-json\/wp\/v2\/posts\/21049","targetHints":{"allow":["GET"]}}],"collection":[{"href":"https:\/\/www.savemybrain.net\/v2\/wp-json\/wp\/v2\/posts"}],"about":[{"href":"https:\/\/www.savemybrain.net\/v2\/wp-json\/wp\/v2\/types\/post"}],"author":[{"embeddable":true,"href":"https:\/\/www.savemybrain.net\/v2\/wp-json\/wp\/v2\/users\/77"}],"replies":[{"embeddable":true,"href":"https:\/\/www.savemybrain.net\/v2\/wp-json\/wp\/v2\/comments?post=21049"}],"version-history":[{"count":0,"href":"https:\/\/www.savemybrain.net\/v2\/wp-json\/wp\/v2\/posts\/21049\/revisions"}],"wp:featuredmedia":[{"embeddable":true,"href":"https:\/\/www.savemybrain.net\/v2\/wp-json\/wp\/v2\/media\/21055"}],"wp:attachment":[{"href":"https:\/\/www.savemybrain.net\/v2\/wp-json\/wp\/v2\/media?parent=21049"}],"wp:term":[{"taxonomy":"category","embeddable":true,"href":"https:\/\/www.savemybrain.net\/v2\/wp-json\/wp\/v2\/categories?post=21049"},{"taxonomy":"post_tag","embeddable":true,"href":"https:\/\/www.savemybrain.net\/v2\/wp-json\/wp\/v2\/tags?post=21049"},{"taxonomy":"author","embeddable":true,"href":"https:\/\/www.savemybrain.net\/v2\/wp-json\/wp\/v2\/coauthors?post=21049"}],"curies":[{"name":"wp","href":"https:\/\/api.w.org\/{rel}","templated":true}]}}