{"id":20997,"date":"2013-04-23T18:00:34","date_gmt":"2013-04-23T17:00:34","guid":{"rendered":"http:\/\/www.savemybrain.net\/v2\/?p=20997"},"modified":"2013-05-10T13:28:36","modified_gmt":"2013-05-10T11:28:36","slug":"spirou-fete-ses-75-ans","status":"publish","type":"post","link":"https:\/\/www.savemybrain.net\/v2\/2013\/04\/23\/spirou-fete-ses-75-ans-180020997\/","title":{"rendered":"Spirou f\u00eate ses 75 ans"},"content":{"rendered":"<p>Le 21 avril 2013, Spirou f\u00eatait ses 75 ans. Quand nous parlons de Spirou, il s\u2019agit tout autant du personnage que du Journal \u00e9ponyme. Pour l\u2019occasion, l\u2019\u00e9diteur Dupuis a mis les petits plats dans les grands, avec un hommage par le biais d\u2019auteurs les plus divers, des r\u00e9\u00e9ditions et un album in\u00e9dit, intitul\u00e9 <em>Dans les Griffes de la Vip\u00e8re<\/em>. Nous ne pouvions passer \u00e0 c\u00f4t\u00e9 de cet anniversaire et nous sommes partis \u00e0 la rencontre des auteurs du c\u00e9l\u00e8bre groom, avant de visiter l\u2019exposition qui lui est consacr\u00e9e \u00e0 la Biblioth\u00e8que de Versailles, en forme de duel avec le Journal de Tintin\u2026<\/p>\n<p><!--more--><\/p>\n<p><img loading=\"lazy\" decoding=\"async\" class=\"aligncenter size-medium wp-image-21077\" alt=\"Frise Spirou+sign\" src=\"http:\/\/www.savemybrain.net\/v2\/wp-content\/uploads\/2013\/04\/Frise-Spirou+sign-500x94.jpg\" width=\"500\" height=\"94\" srcset=\"https:\/\/www.savemybrain.net\/v2\/wp-content\/uploads\/2013\/04\/Frise-Spirou+sign-500x94.jpg 500w, https:\/\/www.savemybrain.net\/v2\/wp-content\/uploads\/2013\/04\/Frise-Spirou+sign-768x145.jpg 768w, https:\/\/www.savemybrain.net\/v2\/wp-content\/uploads\/2013\/04\/Frise-Spirou+sign-1024x193.jpg 1024w, https:\/\/www.savemybrain.net\/v2\/wp-content\/uploads\/2013\/04\/Frise-Spirou+sign.jpg 1500w\" sizes=\"auto, (max-width: 500px) 100vw, 500px\" \/><\/p>\n<p>75 ans, voil\u00e0 un \u00e2ge respectable dont bien peu de h\u00e9ros de bande dessin\u00e9e peuvent se targuer. Bien souvent en effet, les h\u00e9ros de BD ne survivent pas \u00e0 leur cr\u00e9ateur. Ce n\u2019est pas le cas de Spirou, qui a su \u00e9voluer sous les plumes de nombreux sc\u00e9naristes et dessinateurs.<\/p>\n<p>Tout a commenc\u00e9 en 1938. Les revues am\u00e9ricaines de comics \u00e9taient alors sans concurrence et Jean Dupuis trouvait que leurs histoires ne co\u00efncidaient pas avec ses valeurs morales et \u00e9ducatives. L\u2019id\u00e9e d\u2019un journal \u00e9quivalent, mais avec un style qui correspondait \u00e0 l\u2019esprit belge d\u2019alors germa dans sa t\u00eate. La rencontre avec Robert Velter, alias Rob-Vel, fut le point de d\u00e9part du Journal de Spirou. Jean Dupuis voulait un personnage jeune gar\u00e7on vif d\u2019esprit et Rob-Vel le dessina sous la forme d\u2019un groom, hommage \u00e0 un petit mousse du paquebot Ile de France, dec\u00e9d\u00e9 lors d\u2019une chute lors de son service, que l\u2019auteur avait rencontr\u00e9, lui-m\u00eame exer\u00e7ant cette fonction.<\/p>\n<p><img loading=\"lazy\" decoding=\"async\" class=\"aligncenter size-medium wp-image-21344\" alt=\"Tintin Spirou a Versailles\" src=\"http:\/\/www.savemybrain.net\/v2\/wp-content\/uploads\/2013\/04\/Tintin-Spirou-a-Versailles-333x500.jpg\" width=\"333\" height=\"500\" srcset=\"https:\/\/www.savemybrain.net\/v2\/wp-content\/uploads\/2013\/04\/Tintin-Spirou-a-Versailles-333x500.jpg 333w, https:\/\/www.savemybrain.net\/v2\/wp-content\/uploads\/2013\/04\/Tintin-Spirou-a-Versailles.jpg 400w\" sizes=\"auto, (max-width: 333px) 100vw, 333px\" \/><\/p>\n<p>Au d\u00e9part, Spirou (dont le nom signifie \u00e9cureuil en wallon) \u00e9tait le centre de courts gags. Il en fut toujours ainsi sous la plume de Rob-Vel, puis de Jij\u00e9 qui reprit le personnage par la suite. Entre temps, un autre journal concurrent fit son apparition, avec un succ\u00e8s qui allait \u00e9galement perdurer au fil des ans : le Journal de Tintin, qui f\u00eate \u00e9galement ses soixante-cinq ans cette ann\u00e9e. Ce double anniversaire est l\u2019occasion d\u2019une exposition en forme de duel \u00e0 la Biblioth\u00e8que de Versailles.<\/p>\n<p>En effet, outre les fameux h\u00e9ros qui leur l\u00e8guent leurs noms, ces deux p\u00e9riodiques ont vu la naissance de nombreuses s\u00e9ries BD, parmi les plus c\u00e9l\u00e8bres. Jerry Spring, Lucky Luke, Les Schtroumpfs ou encore l\u2019Agent 212 ne sont que des exemples des parutions du Journal de Spirou. Chez Tintin, on a r\u00e9pliqu\u00e9 avec Blake et Mortimer, Clifton, Alix ou Ric Hochet\u2026 Ceux-ci ne sont que des exemples parmi tant d\u2019autres et seul Franquin a collabor\u00e9 en m\u00eame temps dans les deux journaux.<\/p>\n<p><img loading=\"lazy\" decoding=\"async\" class=\"aligncenter size-medium wp-image-21006\" alt=\"Spirou 75 ans (3)\" src=\"http:\/\/www.savemybrain.net\/v2\/wp-content\/uploads\/2013\/04\/Spirou-75-ans-3-332x500.jpg\" width=\"332\" height=\"500\" srcset=\"https:\/\/www.savemybrain.net\/v2\/wp-content\/uploads\/2013\/04\/Spirou-75-ans-3-332x500.jpg 332w, https:\/\/www.savemybrain.net\/v2\/wp-content\/uploads\/2013\/04\/Spirou-75-ans-3-768x1156.jpg 768w, https:\/\/www.savemybrain.net\/v2\/wp-content\/uploads\/2013\/04\/Spirou-75-ans-3-680x1024.jpg 680w, https:\/\/www.savemybrain.net\/v2\/wp-content\/uploads\/2013\/04\/Spirou-75-ans-3-624x939.jpg 624w, https:\/\/www.savemybrain.net\/v2\/wp-content\/uploads\/2013\/04\/Spirou-75-ans-3.jpg 1500w\" sizes=\"auto, (max-width: 332px) 100vw, 332px\" \/><\/p>\n<p>C\u2019est d\u2019ailleurs de la plume d\u2019Andr\u00e9 Franquin que viendra la principale m\u00e9tamorphose de Spirou. De gags courts, le groom passe \u00e0 des aventures au sc\u00e9nario plus fouill\u00e9, qui s\u2019\u00e9talent sur la longueur d\u2019un album. Si Fantasio est l\u2019\u0153uvre de Jij\u00e9, tous les autres personnages r\u00e9currents de la s\u00e9rie sont l\u2019\u0153uvre de Franquin, \u00e9galement \u00e0 l\u2019origine d\u2019un style de dessin radicalement diff\u00e9rent. Ce sont d\u2019ailleurs les albums de Franquin qui servent aujourd\u2019hui de r\u00e9f\u00e9rence \u00e0 Yoann et Fabien Vehlmann pour l\u2019\u00e9laboration des derniers albums (lire notre interview plus bas).<\/p>\n<p><img loading=\"lazy\" decoding=\"async\" class=\"aligncenter size-medium wp-image-21005\" alt=\"Spirou 75 ans (2)\" src=\"http:\/\/www.savemybrain.net\/v2\/wp-content\/uploads\/2013\/04\/Spirou-75-ans-2-500x367.jpg\" width=\"500\" height=\"367\" srcset=\"https:\/\/www.savemybrain.net\/v2\/wp-content\/uploads\/2013\/04\/Spirou-75-ans-2-500x367.jpg 500w, https:\/\/www.savemybrain.net\/v2\/wp-content\/uploads\/2013\/04\/Spirou-75-ans-2-768x564.jpg 768w, https:\/\/www.savemybrain.net\/v2\/wp-content\/uploads\/2013\/04\/Spirou-75-ans-2-1024x752.jpg 1024w, https:\/\/www.savemybrain.net\/v2\/wp-content\/uploads\/2013\/04\/Spirou-75-ans-2.jpg 1500w\" sizes=\"auto, (max-width: 500px) 100vw, 500px\" \/><\/p>\n<p>Car \u00e9videmment, il n\u2019y a pas d\u2019anniversaire sans nouvel album. <em>Dans les Griffes de la Vip\u00e8re<\/em> constitue le cinquante-troisi\u00e8me tome des aventures de Spirou et Fantasio, et le troisi\u00e8me sign\u00e9 par Yoann et Vehlmann. Celui-ci se distingue par un sc\u00e9nario d\u2019une certaine finesse, o\u00f9 le pouvoir de l\u2019argent y appara\u00eet ma\u00eetre. Le Journal de Spirou se fait racheter par un groupement financier v\u00e9reux, o\u00f9 Spirou devient prisonnier par contrat. Ne lui reste plus qu\u2019\u00e0 tenter de s\u2019\u00e9chapper de ce nid de vip\u00e8res, seul ou presque contre une organisation toute puissante. Le style se situe dans la lign\u00e9e de Franquin et les personnages r\u00e9currents sont au complet. En bref, malgr\u00e9 une fin un peu rapide par rapport \u00e0 la lente et agr\u00e9able mont\u00e9e en puissance de l\u2019intrigue, le lecture de cet album appara\u00eet comme un vrai plaisir. <em>Dans les griffes de la Vip\u00e8re<\/em> fait honneur \u00e0 l\u2019h\u00e9ritage de Spirou. Voyons maintenant comment les auteurs se situent par rapport \u00e0 leurs pr\u00e9d\u00e9cesseurs\u2026<\/p>\n<p><img loading=\"lazy\" decoding=\"async\" class=\"aligncenter size-medium wp-image-21010\" alt=\"Spirou dans les griffes de la vipere\" src=\"http:\/\/www.savemybrain.net\/v2\/wp-content\/uploads\/2013\/04\/Spirou-dans-les-griffes-de-la-vipere-361x500.jpg\" width=\"361\" height=\"500\" srcset=\"https:\/\/www.savemybrain.net\/v2\/wp-content\/uploads\/2013\/04\/Spirou-dans-les-griffes-de-la-vipere-361x500.jpg 361w, https:\/\/www.savemybrain.net\/v2\/wp-content\/uploads\/2013\/04\/Spirou-dans-les-griffes-de-la-vipere.jpg 500w\" sizes=\"auto, (max-width: 361px) 100vw, 361px\" \/><\/p>\n<p><strong>Comment en \u00eates-vous venus \u00e0 reprendre les r\u00eanes de Spirou ?<\/strong><\/p>\n<p>Yoann : Ca a \u00e9t\u00e9 assez long et \u00e7a s\u2019est fait en deux phases. Tout d\u2019abord, quand Tome et Janry ont d\u00e9finitivement arr\u00eat\u00e9 apr\u00e8s sept ans sans production, Dupuis s\u2019est mis \u00e0 la recherche d\u2019un sc\u00e9nariste. Fabien Vehlmann \u00e9tait alors une jeune sc\u00e9nariste qui montait et ils lui ont donn\u00e9 carte blanche pour un essai sur Spirou. Fabien m\u2019a alors contact\u00e9 pour le dessin. A l\u2019\u00e9poque, chez Dupuis, il y avait plein d\u2019\u00e9diteurs avec, forc\u00e9ment, plein d\u2019avis diff\u00e9rent. C\u2019\u00e9tait un peu le foutoir et Morvan et Munuera ont \u00e9t\u00e9 choisis sans qu\u2019on soit r\u00e9ellement pr\u00e9venus. C\u2019est alors que Dupuis a lanc\u00e9 les one shot en parall\u00e8le et on a fait avec Fabien le premier de la s\u00e9rie, qui s\u2019appelle <em>Les G\u00e9ants P\u00e9trifi\u00e9s<\/em>.<\/p>\n<p>Fabien Vehlmann : C\u2019\u00e9tait en quelque sorte notre lot de consolation\u2026<\/p>\n<p>Y : Au bout de leur contrat de trois ans, Morvan et Munuera n\u2019ont pas \u00e9t\u00e9 reconduits. C\u2019est \u00e0 ce moment l\u00e0 que Dupuis nous a confi\u00e9 la s\u00e9rie.<\/p>\n<p><img loading=\"lazy\" decoding=\"async\" class=\"aligncenter size-medium wp-image-21009\" alt=\"Spirou 75 ans (5)\" src=\"http:\/\/www.savemybrain.net\/v2\/wp-content\/uploads\/2013\/04\/Spirou-75-ans-5-500x415.jpg\" width=\"500\" height=\"415\" \/><\/p>\n<p style=\"text-align: center;\">Deux auteurs qui ont besoin de sauver leur cerveau&#8230;<\/p>\n<p><strong>Comment vous \u00eates-vous r\u00e9appropri\u00e9s le personnage de Spirou ?<\/strong><\/p>\n<p>Y : On a repris exactement ce qu\u2019on avait fait dans le one shot mais en plus classique, en r\u00e9f\u00e9rence \u00e0 Franquin.<\/p>\n<p>F. V. : Le d\u00e9clencheur, \u00e7a a \u00e9t\u00e9 une chronique pour les soixante-dix ans du magazine, o\u00f9 Spirou revenait \u00e0 la r\u00e9daction. Ca s\u2019appelait <em>Back to the r\u00e9dac<\/em> et on a choisi une voie plus classique, avec une retour du costume de groom. Cette id\u00e9e du retour du costume ne vient pas de Dupuis mais elle nous semblait n\u00e9cessaire, eu \u00e9gard au pass\u00e9 de Spirou.<\/p>\n<p>Y : Graphiquement, il a fallu se r\u00e9approprier le rythme et l\u2019humour. Pour nous, la synth\u00e8se d\u2019une aventure de Spirou, c\u2019est de l\u2019humour, de l\u2019aventure et une pointe de fantastique. Charge \u00e0 nous de suivre cette ligne.<\/p>\n<p><strong>Comment innovez-vous pour garder la nouveaut\u00e9 des sc\u00e9narios in\u00e9dits ?<\/strong><\/p>\n<p>Y : Spirou vit dans son \u00e9poque. Il y a donc tout l\u2019aspect mat\u00e9riel qui l\u2019entoure, qui permet de dater. Il y a aussi les rapports sociaux et \u00e0 l\u2019information, qui font que tout est plus vite accessible. Aujourd\u2019hui, si une femme est lapid\u00e9e, le monde entier est tr\u00e8s vite au courant et cela para\u00eet tr\u00e8s proche.<\/p>\n<p><img loading=\"lazy\" decoding=\"async\" class=\"aligncenter size-medium wp-image-21007\" alt=\"Spirou 75 ans (4)\" src=\"http:\/\/www.savemybrain.net\/v2\/wp-content\/uploads\/2013\/04\/Spirou-75-ans-4-500x364.jpg\" width=\"500\" height=\"364\" srcset=\"https:\/\/www.savemybrain.net\/v2\/wp-content\/uploads\/2013\/04\/Spirou-75-ans-4-500x364.jpg 500w, https:\/\/www.savemybrain.net\/v2\/wp-content\/uploads\/2013\/04\/Spirou-75-ans-4-768x560.jpg 768w, https:\/\/www.savemybrain.net\/v2\/wp-content\/uploads\/2013\/04\/Spirou-75-ans-4-1024x746.jpg 1024w, https:\/\/www.savemybrain.net\/v2\/wp-content\/uploads\/2013\/04\/Spirou-75-ans-4.jpg 1500w\" sizes=\"auto, (max-width: 500px) 100vw, 500px\" \/><\/p>\n<p>F. V. : Et cela nous donne une contrainte dans la cr\u00e9dibilit\u00e9 des sc\u00e9narios. On ne peut plus faire un \u00e9pisode e S\u00e9rie B dans une contr\u00e9e imaginaire ou un continent perdu. Tout de suite, notre petit lecteur se demanderait comment \u00e7a n\u2019a pas \u00e9t\u00e9 rep\u00e9r\u00e9 par un satellite. Il faut trouver un \u00e9quilibre, parce que ces S\u00e9ries B, c\u2019est tout de m\u00eame jouissif. C\u2019est pour \u00e7a que le tome 52 se passe sur la face cach\u00e9e de la Lune. Dans le tome 53, on remet les choses \u00e0 plat, avec l\u2019argent pour probl\u00e9matique. L\u2019histoire est plus cr\u00e9dible et \u00e7a nous \u00e9vite d\u2019avoir \u00e0 faire gober des couleuvres \u00e9normes \u00e0 notre lecteur. Parce que m\u00eame avec des milliardaires, le resort sur la face cach\u00e9e de la Lune, c\u2019est totalement impossible ! Pour le prochain, \u00e7a parlera d\u2019une qu\u00eate arch\u00e9ologique dans un pays en guerre. De quoi m\u00ealer l\u2019aspect Indiana Jones et l\u2019aspect probl\u00e9matique contemporaine. Concernant les futurs albums, on a des id\u00e9es, quelques directions. Mais on ne veut pas tomber dans la routine, \u00e7a serait chiant. Les rails sont l\u00e0, mais une id\u00e9e de sc\u00e9nario qui nous vient ne sera pas forc\u00e9ment pour le prochain ni celui d\u2019apr\u00e8s.<\/p>\n<p><strong>Les personnages du Journal de Spirou ont-ils une influence sur Spirou ?<\/strong><\/p>\n<p>F. V. : A une \u00e9poque, oui. Mais plus de la m\u00eame mani\u00e8re maintenant. Quand j\u2019\u00e9tais ado, j\u2019aimais lire Soda, son costume de pasteur\u2026 Aujourd\u2019hui, les autres s\u00e9ries n\u2019ont plus d\u2019influence. Je suis juste content de voir cohabiter de bonnes s\u00e9ries de qualit\u00e9 dans le Journal.<\/p>\n<p><img loading=\"lazy\" decoding=\"async\" class=\"aligncenter size-medium wp-image-21004\" alt=\"Spirou 75 ans\" src=\"http:\/\/www.savemybrain.net\/v2\/wp-content\/uploads\/2013\/04\/Spirou-75-ans-410x500.jpg\" width=\"410\" height=\"500\" \/><\/p>\n<p><strong>Notre magazine s\u2019appelle Save My Brain\u2026 Sauver les cerveaux. Comment peut-on le faire ?<\/strong><\/p>\n<p>F. V. : Il faut arr\u00eater les mails pendant une semaine. C\u2019est un truc qui m\u2019explose !<\/p>\n<p>Y : Ben moi, je n\u2019ai pas de cerveau, il est d\u00e9j\u00e0 cram\u00e9. Peut-\u00eatre des vacances dans la nature\u2026<\/p>\n","protected":false},"excerpt":{"rendered":"<p>Le 21 avril 2013, Spirou f\u00eatait ses 75 ans. Quand nous parlons de Spirou, il s\u2019agit tout autant du personnage que du Journal \u00e9ponyme. Pour l\u2019occasion, l\u2019\u00e9diteur Dupuis a mis les petits plats dans les grands, avec un hommage par le biais d\u2019auteurs les plus divers, des r\u00e9\u00e9ditions et un album in\u00e9dit, intitul\u00e9 Dans les Griffes de la Vip\u00e8re. Nous ne pouvions passer \u00e0 c\u00f4t\u00e9 de cet anniversaire et nous sommes partis \u00e0 la rencontre des auteurs du c\u00e9l\u00e8bre groom, avant de visiter l\u2019exposition qui lui est consacr\u00e9e \u00e0 la Biblioth\u00e8que de Versailles, en forme de duel avec le Journal de Tintin\u2026<\/p>\n","protected":false},"author":6,"featured_media":21006,"comment_status":"open","ping_status":"closed","sticky":false,"template":"","format":"standard","meta":{"_jetpack_memberships_contains_paid_content":false,"footnotes":""},"categories":[4106],"tags":[142,79,3395],"coauthors":[3693],"class_list":["post-20997","post","type-post","status-publish","format-standard","has-post-thumbnail","hentry","category-chroniques-bd-bandes-dessinees","tag-bd","tag-interview","tag-spirou"],"yoast_head":"<!-- This site is optimized with the Yoast SEO plugin v27.2 - https:\/\/yoast.com\/product\/yoast-seo-wordpress\/ -->\n<title>Spirou f\u00eate ses 75 ans - Save my brain<\/title>\n<meta name=\"robots\" content=\"index, follow, max-snippet:-1, max-image-preview:large, max-video-preview:-1\" \/>\n<link rel=\"canonical\" href=\"https:\/\/www.savemybrain.net\/v2\/2013\/04\/23\/spirou-fete-ses-75-ans-180020997\/\" \/>\n<meta property=\"og:locale\" content=\"fr_FR\" \/>\n<meta property=\"og:type\" content=\"article\" \/>\n<meta property=\"og:title\" content=\"Spirou f\u00eate ses 75 ans - Save my brain\" \/>\n<meta property=\"og:description\" content=\"Le 21 avril 2013, Spirou f\u00eatait ses 75 ans. Quand nous parlons de Spirou, il s\u2019agit tout autant du personnage que du Journal \u00e9ponyme. Pour l\u2019occasion, l\u2019\u00e9diteur Dupuis a mis les petits plats dans les grands, avec un hommage par le biais d\u2019auteurs les plus divers, des r\u00e9\u00e9ditions et un album in\u00e9dit, intitul\u00e9 Dans les Griffes de la Vip\u00e8re. Nous ne pouvions passer \u00e0 c\u00f4t\u00e9 de cet anniversaire et nous sommes partis \u00e0 la rencontre des auteurs du c\u00e9l\u00e8bre groom, avant de visiter l\u2019exposition qui lui est consacr\u00e9e \u00e0 la Biblioth\u00e8que de Versailles, en forme de duel avec le Journal de Tintin\u2026\" \/>\n<meta property=\"og:url\" content=\"https:\/\/www.savemybrain.net\/v2\/2013\/04\/23\/spirou-fete-ses-75-ans-180020997\/\" \/>\n<meta property=\"og:site_name\" content=\"Save my brain\" \/>\n<meta property=\"article:published_time\" content=\"2013-04-23T17:00:34+00:00\" \/>\n<meta property=\"article:modified_time\" content=\"2013-05-10T11:28:36+00:00\" \/>\n<meta property=\"og:image\" content=\"https:\/\/www.savemybrain.net\/v2\/wp-content\/uploads\/2013\/04\/Spirou-75-ans-3.jpg\" \/>\n\t<meta property=\"og:image:width\" content=\"1500\" \/>\n\t<meta property=\"og:image:height\" content=\"2258\" \/>\n\t<meta property=\"og:image:type\" content=\"image\/jpeg\" \/>\n<meta name=\"author\" content=\"Nicolas Meunier\" \/>\n<meta name=\"twitter:card\" content=\"summary_large_image\" \/>\n<meta name=\"twitter:label1\" content=\"\u00c9crit par\" \/>\n\t<meta name=\"twitter:data1\" content=\"Nicolas Meunier\" \/>\n\t<meta name=\"twitter:label2\" content=\"Dur\u00e9e de lecture estim\u00e9e\" \/>\n\t<meta name=\"twitter:data2\" content=\"8 minutes\" \/>\n\t<meta name=\"twitter:label3\" content=\"Written by\" \/>\n\t<meta name=\"twitter:data3\" content=\"Nicolas Meunier\" \/>\n<script type=\"application\/ld+json\" class=\"yoast-schema-graph\">{\"@context\":\"https:\/\/schema.org\",\"@graph\":[{\"@type\":\"Article\",\"@id\":\"https:\/\/www.savemybrain.net\/v2\/2013\/04\/23\/spirou-fete-ses-75-ans-180020997\/#article\",\"isPartOf\":{\"@id\":\"https:\/\/www.savemybrain.net\/v2\/2013\/04\/23\/spirou-fete-ses-75-ans-180020997\/\"},\"author\":{\"name\":\"Nicolas Meunier\",\"@id\":\"https:\/\/www.savemybrain.net\/v2\/#\/schema\/person\/adca4eceb0e4cf34ed857f24f64af640\"},\"headline\":\"Spirou f\u00eate ses 75 ans\",\"datePublished\":\"2013-04-23T17:00:34+00:00\",\"dateModified\":\"2013-05-10T11:28:36+00:00\",\"mainEntityOfPage\":{\"@id\":\"https:\/\/www.savemybrain.net\/v2\/2013\/04\/23\/spirou-fete-ses-75-ans-180020997\/\"},\"wordCount\":1523,\"commentCount\":0,\"image\":{\"@id\":\"https:\/\/www.savemybrain.net\/v2\/2013\/04\/23\/spirou-fete-ses-75-ans-180020997\/#primaryimage\"},\"thumbnailUrl\":\"https:\/\/www.savemybrain.net\/v2\/wp-content\/uploads\/2013\/04\/Spirou-75-ans-3.jpg\",\"keywords\":[\"BD\",\"interview\",\"Spirou\"],\"articleSection\":[\"BD\"],\"inLanguage\":\"fr-FR\",\"potentialAction\":[{\"@type\":\"CommentAction\",\"name\":\"Comment\",\"target\":[\"https:\/\/www.savemybrain.net\/v2\/2013\/04\/23\/spirou-fete-ses-75-ans-180020997\/#respond\"]}]},{\"@type\":\"WebPage\",\"@id\":\"https:\/\/www.savemybrain.net\/v2\/2013\/04\/23\/spirou-fete-ses-75-ans-180020997\/\",\"url\":\"https:\/\/www.savemybrain.net\/v2\/2013\/04\/23\/spirou-fete-ses-75-ans-180020997\/\",\"name\":\"Spirou f\u00eate ses 75 ans - Save my brain\",\"isPartOf\":{\"@id\":\"https:\/\/www.savemybrain.net\/v2\/#website\"},\"primaryImageOfPage\":{\"@id\":\"https:\/\/www.savemybrain.net\/v2\/2013\/04\/23\/spirou-fete-ses-75-ans-180020997\/#primaryimage\"},\"image\":{\"@id\":\"https:\/\/www.savemybrain.net\/v2\/2013\/04\/23\/spirou-fete-ses-75-ans-180020997\/#primaryimage\"},\"thumbnailUrl\":\"https:\/\/www.savemybrain.net\/v2\/wp-content\/uploads\/2013\/04\/Spirou-75-ans-3.jpg\",\"datePublished\":\"2013-04-23T17:00:34+00:00\",\"dateModified\":\"2013-05-10T11:28:36+00:00\",\"author\":{\"@id\":\"https:\/\/www.savemybrain.net\/v2\/#\/schema\/person\/adca4eceb0e4cf34ed857f24f64af640\"},\"inLanguage\":\"fr-FR\",\"potentialAction\":[{\"@type\":\"ReadAction\",\"target\":[\"https:\/\/www.savemybrain.net\/v2\/2013\/04\/23\/spirou-fete-ses-75-ans-180020997\/\"]}]},{\"@type\":\"ImageObject\",\"inLanguage\":\"fr-FR\",\"@id\":\"https:\/\/www.savemybrain.net\/v2\/2013\/04\/23\/spirou-fete-ses-75-ans-180020997\/#primaryimage\",\"url\":\"https:\/\/www.savemybrain.net\/v2\/wp-content\/uploads\/2013\/04\/Spirou-75-ans-3.jpg\",\"contentUrl\":\"https:\/\/www.savemybrain.net\/v2\/wp-content\/uploads\/2013\/04\/Spirou-75-ans-3.jpg\",\"width\":1500,\"height\":2258},{\"@type\":\"WebSite\",\"@id\":\"https:\/\/www.savemybrain.net\/v2\/#website\",\"url\":\"https:\/\/www.savemybrain.net\/v2\/\",\"name\":\"Save my brain\",\"description\":\"Magazine lifestyle et culturel (depuis 2007)\",\"potentialAction\":[{\"@type\":\"SearchAction\",\"target\":{\"@type\":\"EntryPoint\",\"urlTemplate\":\"https:\/\/www.savemybrain.net\/v2\/?s={search_term_string}\"},\"query-input\":{\"@type\":\"PropertyValueSpecification\",\"valueRequired\":true,\"valueName\":\"search_term_string\"}}],\"inLanguage\":\"fr-FR\"},{\"@type\":\"Person\",\"@id\":\"https:\/\/www.savemybrain.net\/v2\/#\/schema\/person\/adca4eceb0e4cf34ed857f24f64af640\",\"name\":\"Nicolas Meunier\",\"sameAs\":[\"http:\/\/www.leblogauto.com\/author\/nicolas-meunier\/\"],\"url\":\"https:\/\/www.savemybrain.net\/v2\/author\/nicolasmeunier\/\"}]}<\/script>\n<!-- \/ Yoast SEO plugin. -->","yoast_head_json":{"title":"Spirou f\u00eate ses 75 ans - Save my brain","robots":{"index":"index","follow":"follow","max-snippet":"max-snippet:-1","max-image-preview":"max-image-preview:large","max-video-preview":"max-video-preview:-1"},"canonical":"https:\/\/www.savemybrain.net\/v2\/2013\/04\/23\/spirou-fete-ses-75-ans-180020997\/","og_locale":"fr_FR","og_type":"article","og_title":"Spirou f\u00eate ses 75 ans - Save my brain","og_description":"Le 21 avril 2013, Spirou f\u00eatait ses 75 ans. Quand nous parlons de Spirou, il s\u2019agit tout autant du personnage que du Journal \u00e9ponyme. Pour l\u2019occasion, l\u2019\u00e9diteur Dupuis a mis les petits plats dans les grands, avec un hommage par le biais d\u2019auteurs les plus divers, des r\u00e9\u00e9ditions et un album in\u00e9dit, intitul\u00e9 Dans les Griffes de la Vip\u00e8re. Nous ne pouvions passer \u00e0 c\u00f4t\u00e9 de cet anniversaire et nous sommes partis \u00e0 la rencontre des auteurs du c\u00e9l\u00e8bre groom, avant de visiter l\u2019exposition qui lui est consacr\u00e9e \u00e0 la Biblioth\u00e8que de Versailles, en forme de duel avec le Journal de Tintin\u2026","og_url":"https:\/\/www.savemybrain.net\/v2\/2013\/04\/23\/spirou-fete-ses-75-ans-180020997\/","og_site_name":"Save my brain","article_published_time":"2013-04-23T17:00:34+00:00","article_modified_time":"2013-05-10T11:28:36+00:00","og_image":[{"width":1500,"height":2258,"url":"https:\/\/www.savemybrain.net\/v2\/wp-content\/uploads\/2013\/04\/Spirou-75-ans-3.jpg","type":"image\/jpeg"}],"author":"Nicolas Meunier","twitter_card":"summary_large_image","twitter_misc":{"\u00c9crit par":"Nicolas Meunier","Dur\u00e9e de lecture estim\u00e9e":"8 minutes","Written by":"Nicolas Meunier"},"schema":{"@context":"https:\/\/schema.org","@graph":[{"@type":"Article","@id":"https:\/\/www.savemybrain.net\/v2\/2013\/04\/23\/spirou-fete-ses-75-ans-180020997\/#article","isPartOf":{"@id":"https:\/\/www.savemybrain.net\/v2\/2013\/04\/23\/spirou-fete-ses-75-ans-180020997\/"},"author":{"name":"Nicolas Meunier","@id":"https:\/\/www.savemybrain.net\/v2\/#\/schema\/person\/adca4eceb0e4cf34ed857f24f64af640"},"headline":"Spirou f\u00eate ses 75 ans","datePublished":"2013-04-23T17:00:34+00:00","dateModified":"2013-05-10T11:28:36+00:00","mainEntityOfPage":{"@id":"https:\/\/www.savemybrain.net\/v2\/2013\/04\/23\/spirou-fete-ses-75-ans-180020997\/"},"wordCount":1523,"commentCount":0,"image":{"@id":"https:\/\/www.savemybrain.net\/v2\/2013\/04\/23\/spirou-fete-ses-75-ans-180020997\/#primaryimage"},"thumbnailUrl":"https:\/\/www.savemybrain.net\/v2\/wp-content\/uploads\/2013\/04\/Spirou-75-ans-3.jpg","keywords":["BD","interview","Spirou"],"articleSection":["BD"],"inLanguage":"fr-FR","potentialAction":[{"@type":"CommentAction","name":"Comment","target":["https:\/\/www.savemybrain.net\/v2\/2013\/04\/23\/spirou-fete-ses-75-ans-180020997\/#respond"]}]},{"@type":"WebPage","@id":"https:\/\/www.savemybrain.net\/v2\/2013\/04\/23\/spirou-fete-ses-75-ans-180020997\/","url":"https:\/\/www.savemybrain.net\/v2\/2013\/04\/23\/spirou-fete-ses-75-ans-180020997\/","name":"Spirou f\u00eate ses 75 ans - Save my brain","isPartOf":{"@id":"https:\/\/www.savemybrain.net\/v2\/#website"},"primaryImageOfPage":{"@id":"https:\/\/www.savemybrain.net\/v2\/2013\/04\/23\/spirou-fete-ses-75-ans-180020997\/#primaryimage"},"image":{"@id":"https:\/\/www.savemybrain.net\/v2\/2013\/04\/23\/spirou-fete-ses-75-ans-180020997\/#primaryimage"},"thumbnailUrl":"https:\/\/www.savemybrain.net\/v2\/wp-content\/uploads\/2013\/04\/Spirou-75-ans-3.jpg","datePublished":"2013-04-23T17:00:34+00:00","dateModified":"2013-05-10T11:28:36+00:00","author":{"@id":"https:\/\/www.savemybrain.net\/v2\/#\/schema\/person\/adca4eceb0e4cf34ed857f24f64af640"},"inLanguage":"fr-FR","potentialAction":[{"@type":"ReadAction","target":["https:\/\/www.savemybrain.net\/v2\/2013\/04\/23\/spirou-fete-ses-75-ans-180020997\/"]}]},{"@type":"ImageObject","inLanguage":"fr-FR","@id":"https:\/\/www.savemybrain.net\/v2\/2013\/04\/23\/spirou-fete-ses-75-ans-180020997\/#primaryimage","url":"https:\/\/www.savemybrain.net\/v2\/wp-content\/uploads\/2013\/04\/Spirou-75-ans-3.jpg","contentUrl":"https:\/\/www.savemybrain.net\/v2\/wp-content\/uploads\/2013\/04\/Spirou-75-ans-3.jpg","width":1500,"height":2258},{"@type":"WebSite","@id":"https:\/\/www.savemybrain.net\/v2\/#website","url":"https:\/\/www.savemybrain.net\/v2\/","name":"Save my brain","description":"Magazine lifestyle et culturel (depuis 2007)","potentialAction":[{"@type":"SearchAction","target":{"@type":"EntryPoint","urlTemplate":"https:\/\/www.savemybrain.net\/v2\/?s={search_term_string}"},"query-input":{"@type":"PropertyValueSpecification","valueRequired":true,"valueName":"search_term_string"}}],"inLanguage":"fr-FR"},{"@type":"Person","@id":"https:\/\/www.savemybrain.net\/v2\/#\/schema\/person\/adca4eceb0e4cf34ed857f24f64af640","name":"Nicolas Meunier","sameAs":["http:\/\/www.leblogauto.com\/author\/nicolas-meunier\/"],"url":"https:\/\/www.savemybrain.net\/v2\/author\/nicolasmeunier\/"}]}},"jetpack_featured_media_url":"https:\/\/www.savemybrain.net\/v2\/wp-content\/uploads\/2013\/04\/Spirou-75-ans-3.jpg","jetpack_sharing_enabled":true,"_links":{"self":[{"href":"https:\/\/www.savemybrain.net\/v2\/wp-json\/wp\/v2\/posts\/20997","targetHints":{"allow":["GET"]}}],"collection":[{"href":"https:\/\/www.savemybrain.net\/v2\/wp-json\/wp\/v2\/posts"}],"about":[{"href":"https:\/\/www.savemybrain.net\/v2\/wp-json\/wp\/v2\/types\/post"}],"author":[{"embeddable":true,"href":"https:\/\/www.savemybrain.net\/v2\/wp-json\/wp\/v2\/users\/6"}],"replies":[{"embeddable":true,"href":"https:\/\/www.savemybrain.net\/v2\/wp-json\/wp\/v2\/comments?post=20997"}],"version-history":[{"count":0,"href":"https:\/\/www.savemybrain.net\/v2\/wp-json\/wp\/v2\/posts\/20997\/revisions"}],"wp:featuredmedia":[{"embeddable":true,"href":"https:\/\/www.savemybrain.net\/v2\/wp-json\/wp\/v2\/media\/21006"}],"wp:attachment":[{"href":"https:\/\/www.savemybrain.net\/v2\/wp-json\/wp\/v2\/media?parent=20997"}],"wp:term":[{"taxonomy":"category","embeddable":true,"href":"https:\/\/www.savemybrain.net\/v2\/wp-json\/wp\/v2\/categories?post=20997"},{"taxonomy":"post_tag","embeddable":true,"href":"https:\/\/www.savemybrain.net\/v2\/wp-json\/wp\/v2\/tags?post=20997"},{"taxonomy":"author","embeddable":true,"href":"https:\/\/www.savemybrain.net\/v2\/wp-json\/wp\/v2\/coauthors?post=20997"}],"curies":[{"name":"wp","href":"https:\/\/api.w.org\/{rel}","templated":true}]}}