{"id":20864,"date":"2013-03-23T18:00:54","date_gmt":"2013-03-23T17:00:54","guid":{"rendered":"http:\/\/www.savemybrain.net\/v2\/?p=20864"},"modified":"2013-03-23T08:12:22","modified_gmt":"2013-03-23T07:12:22","slug":"origine-micro-ondes","status":"publish","type":"post","link":"https:\/\/www.savemybrain.net\/v2\/2013\/03\/23\/origine-micro-ondes-180020864\/","title":{"rendered":"Quelle est l&rsquo;origine du four \u00e0 micro-ondes ?"},"content":{"rendered":"<p>Apr\u00e8s une \u00e2pre journ\u00e9e de r\u00e9flexion, le sujet de cet article, que je savais d\u00e9j\u00e0 palpitant et m\u00eame troublant, ne venait pas. Rien de venait cogner mon subtil intellect. Le vide, le n\u00e9ant, une conversation avec <a href=\"http:\/\/www.savemybrain.net\/v2\/2008\/06\/23\/eve-angeli-08004571\/\">Eve Angeli<\/a>\u2026 Et puis, au moment o\u00f9 mon estomac criait famine (car bien entendu, je me suis priv\u00e9 de manger pour trouver une id\u00e9e digne de vous), la lumi\u00e8re fut, comme dirait un pr\u00eatre. Au moment o\u00f9 je mettais mon assiette dans le micro ondes, mon geste s\u2019arr\u00eata : d\u2019o\u00f9 c\u2019est y qui vient Hector (oui, j\u2019appelle mon micro ondes Hector) ? En v\u2019la de la question qu\u2019elle est bonne !<!--more--><\/p>\n<p style=\"text-align: center;\"><strong>D\u2019O\u00d9 VIENT LE FOUR A MICRO ONDES ?<\/strong><\/p>\n<p style=\"text-align: center;\"><img loading=\"lazy\" decoding=\"async\" class=\"aligncenter size-medium wp-image-20886\" alt=\"Quelle est l'origine du four \u00e0 micro-ondes ?\" src=\"http:\/\/www.savemybrain.net\/v2\/wp-content\/uploads\/2013\/03\/Micro-Ondes1-500x319.jpg\" width=\"500\" height=\"319\" srcset=\"https:\/\/www.savemybrain.net\/v2\/wp-content\/uploads\/2013\/03\/Micro-Ondes1-500x319.jpg 500w, https:\/\/www.savemybrain.net\/v2\/wp-content\/uploads\/2013\/03\/Micro-Ondes1.jpg 537w\" sizes=\"auto, (max-width: 500px) 100vw, 500px\" \/><\/p>\n<p>Cet instrument indispensable \u00e0 toute cuisine moderne est avant tout le grand ami du mec c\u00e9libataire, qui rentre de beuverie et qui ne sait pas quoi manger. Cependant, son invention est parfaitement du au hasard.<\/p>\n<p>La d\u00e9couverte du ph\u00e9nom\u00e8ne de micro-ondes est d\u00fb \u00e0 un d\u00e9nomm\u00e9 Percy Spencer. Dans les ann\u00e9es 1940, il travaillait pour Raytheon, une usine de construction de magn\u00e9trons (des lampes de forte puissance pour la construction des radars de d\u00e9tection a\u00e9rienne). Alors qu\u2019il \u00e9tait en proximit\u00e9 d\u2019un radar en activit\u00e9, il s\u2019est aper\u00e7u que la plaquette de chocolat avait fondu dans sa poche.<\/p>\n<p>Le brevet fut d\u00e9pos\u00e9 par la soci\u00e9t\u00e9 en 1947, mais le premier four \u00e0 micro ondes fut commercialis\u00e9 en 1953. Il mesurait 1.80 m\u00e8tres et pesait pr\u00e8s de 350 kilos. Autant dire qu\u2019on pouvait faire chauffer de grandes bo\u00eetes de raviolis, mais il prenait beaucoup de place dans la cuisine. Les premiers \u00e9l\u00e9ments chauff\u00e9s furent du pop-corn, et un \u0153uf, qui lui, a explos\u00e9 aux visages des testeurs.<\/p>\n<p><img loading=\"lazy\" decoding=\"async\" class=\"aligncenter size-full wp-image-20894\" alt=\"premier micro ondes\" src=\"http:\/\/www.savemybrain.net\/v2\/wp-content\/uploads\/2013\/03\/premier-micro-ondes.jpg\" width=\"262\" height=\"262\" srcset=\"https:\/\/www.savemybrain.net\/v2\/wp-content\/uploads\/2013\/03\/premier-micro-ondes.jpg 262w, https:\/\/www.savemybrain.net\/v2\/wp-content\/uploads\/2013\/03\/premier-micro-ondes-150x150.jpg 150w, https:\/\/www.savemybrain.net\/v2\/wp-content\/uploads\/2013\/03\/premier-micro-ondes-160x160.jpg 160w, https:\/\/www.savemybrain.net\/v2\/wp-content\/uploads\/2013\/03\/premier-micro-ondes-320x320.jpg 320w\" sizes=\"auto, (max-width: 262px) 100vw, 262px\" \/><\/p>\n<p>Le probl\u00e8me demeurait dans le fait qu\u2019il n\u2019\u00e9tait pas possible de le commercialiser pour les foyers. En 12 ans, la soci\u00e9t\u00e9 Radarange, qui commercialise le four \u00e0 micro ondes, n\u2019en a vendu que 1000 exemplaires. Pour cela, il fallait faire effort d\u2019innovation pour miniaturiser ce genre d\u2019appareil, notamment en supprimant le refroidissement par eau.<\/p>\n<p>La soci\u00e9t\u00e9 Raytheon rach\u00e8te la soci\u00e9t\u00e9 Amana Refrigeration en 1965. Par le biais de l\u2019ing\u00e9nieur Ogura, l\u2019appareil se miniaturise. L\u2019utilisation des circuits int\u00e9gr\u00e9s notamment favorise la r\u00e9duction de la taille de l\u2019appareil et surtout de le rendre abordable aux m\u00e9nages, alors qu\u2019auparavant, un four \u00e0 micro ondes co\u00fbtait aussi cher qu\u2019une voiture.<\/p>\n<p><img loading=\"lazy\" decoding=\"async\" class=\"aligncenter size-full wp-image-20895\" alt=\"Raytheon amana refroidissement liquide micro ondes\" src=\"http:\/\/www.savemybrain.net\/v2\/wp-content\/uploads\/2013\/03\/Raytheon-amana-refroidissement-liquide-micro-ondes.jpg\" width=\"315\" height=\"199\" \/><\/p>\n<p>Manque de pot, la soci\u00e9t\u00e9 Raytheon a \u00e9t\u00e9 \u00e0 l\u2019origine de cette invention au combien indispensable de nos jours, mais elle a \u00e9t\u00e9 d\u00e9bord\u00e9e par les soci\u00e9t\u00e9s japonaises Toshiba et Sanyo, qui seront les premi\u00e8res \u00e0 commercialiser le four \u00e0 micro ondes pour grand public en 1975. Aujourd\u2019hui, plus de 2 millions de four \u00e0 micro ondes sont vendus chaque ann\u00e9e en France et pr\u00e8s de 90 millions dans le monde. Tout \u00e7a gr\u00e2ce \u00e0 une barre de chocolat !<\/p>\n","protected":false},"excerpt":{"rendered":"<p>Apr\u00e8s une \u00e2pre journ\u00e9e de r\u00e9flexion, le sujet de cet article, que je savais d\u00e9j\u00e0 palpitant et m\u00eame troublant, ne venait pas. Rien de venait cogner mon subtil intellect. Le vide, le n\u00e9ant, une conversation avec Eve Angeli\u2026 Et puis, au moment o\u00f9 mon estomac criait famine (car bien entendu, je me suis priv\u00e9 de manger pour trouver une id\u00e9e digne de vous), la lumi\u00e8re fut, comme dirait un pr\u00eatre. Au moment o\u00f9 je mettais mon assiette dans le micro ondes, mon geste s\u2019arr\u00eata : d\u2019o\u00f9 c\u2019est y qui vient Hector (oui, j\u2019appelle mon micro ondes Hector) ? En v\u2019la de la question qu\u2019elle est bonne !<\/p>\n","protected":false},"author":18,"featured_media":20885,"comment_status":"open","ping_status":"closed","sticky":false,"template":"","format":"standard","meta":{"_jetpack_memberships_contains_paid_content":false,"footnotes":""},"categories":[2681],"tags":[87,4342,4343],"coauthors":[3685,3683],"class_list":["post-20864","post","type-post","status-publish","format-standard","has-post-thumbnail","hentry","category-culture-et-confiture","tag-cuisine","tag-micro-ondes","tag-percy-spencer"],"yoast_head":"<!-- This site is optimized with the Yoast SEO plugin v27.2 - https:\/\/yoast.com\/product\/yoast-seo-wordpress\/ -->\n<title>Quelle est l&#039;origine du four \u00e0 micro-ondes ? - Save my brain<\/title>\n<meta name=\"robots\" content=\"index, follow, max-snippet:-1, max-image-preview:large, max-video-preview:-1\" \/>\n<link rel=\"canonical\" href=\"https:\/\/www.savemybrain.net\/v2\/2013\/03\/23\/origine-micro-ondes-180020864\/\" \/>\n<meta property=\"og:locale\" content=\"fr_FR\" \/>\n<meta property=\"og:type\" content=\"article\" \/>\n<meta property=\"og:title\" content=\"Quelle est l&#039;origine du four \u00e0 micro-ondes ? - Save my brain\" \/>\n<meta property=\"og:description\" content=\"Apr\u00e8s une \u00e2pre journ\u00e9e de r\u00e9flexion, le sujet de cet article, que je savais d\u00e9j\u00e0 palpitant et m\u00eame troublant, ne venait pas. Rien de venait cogner mon subtil intellect. Le vide, le n\u00e9ant, une conversation avec Eve Angeli\u2026 Et puis, au moment o\u00f9 mon estomac criait famine (car bien entendu, je me suis priv\u00e9 de manger pour trouver une id\u00e9e digne de vous), la lumi\u00e8re fut, comme dirait un pr\u00eatre. Au moment o\u00f9 je mettais mon assiette dans le micro ondes, mon geste s\u2019arr\u00eata : d\u2019o\u00f9 c\u2019est y qui vient Hector (oui, j\u2019appelle mon micro ondes Hector) ? En v\u2019la de la question qu\u2019elle est bonne !\" \/>\n<meta property=\"og:url\" content=\"https:\/\/www.savemybrain.net\/v2\/2013\/03\/23\/origine-micro-ondes-180020864\/\" \/>\n<meta property=\"og:site_name\" content=\"Save my brain\" \/>\n<meta property=\"article:published_time\" content=\"2013-03-23T17:00:54+00:00\" \/>\n<meta property=\"og:image\" content=\"https:\/\/www.savemybrain.net\/v2\/wp-content\/uploads\/2013\/03\/Micro-Ondes.jpg\" \/>\n\t<meta property=\"og:image:width\" content=\"537\" \/>\n\t<meta property=\"og:image:height\" content=\"410\" \/>\n\t<meta property=\"og:image:type\" content=\"image\/jpeg\" \/>\n<meta name=\"author\" content=\"J\u00e9r\u00f4me Peudepi\u00e8ce, Nelly Glassmann\" \/>\n<meta name=\"twitter:card\" content=\"summary_large_image\" \/>\n<meta name=\"twitter:label1\" content=\"\u00c9crit par\" \/>\n\t<meta name=\"twitter:data1\" content=\"J\u00e9r\u00f4me Peudepi\u00e8ce\" \/>\n\t<meta name=\"twitter:label2\" content=\"Dur\u00e9e de lecture estim\u00e9e\" \/>\n\t<meta name=\"twitter:data2\" content=\"3 minutes\" \/>\n\t<meta name=\"twitter:label3\" content=\"Written by\" \/>\n\t<meta name=\"twitter:data3\" content=\"J\u00e9r\u00f4me Peudepi\u00e8ce, Nelly Glassmann\" \/>\n<script type=\"application\/ld+json\" class=\"yoast-schema-graph\">{\"@context\":\"https:\/\/schema.org\",\"@graph\":[{\"@type\":\"Article\",\"@id\":\"https:\/\/www.savemybrain.net\/v2\/2013\/03\/23\/origine-micro-ondes-180020864\/#article\",\"isPartOf\":{\"@id\":\"https:\/\/www.savemybrain.net\/v2\/2013\/03\/23\/origine-micro-ondes-180020864\/\"},\"author\":{\"name\":\"J\u00e9r\u00f4me Peudepi\u00e8ce\",\"@id\":\"https:\/\/www.savemybrain.net\/v2\/#\/schema\/person\/a4071cb8a45fde3a62f720c7bac115e6\"},\"headline\":\"Quelle est l&rsquo;origine du four \u00e0 micro-ondes ?\",\"datePublished\":\"2013-03-23T17:00:54+00:00\",\"mainEntityOfPage\":{\"@id\":\"https:\/\/www.savemybrain.net\/v2\/2013\/03\/23\/origine-micro-ondes-180020864\/\"},\"wordCount\":517,\"commentCount\":0,\"image\":{\"@id\":\"https:\/\/www.savemybrain.net\/v2\/2013\/03\/23\/origine-micro-ondes-180020864\/#primaryimage\"},\"thumbnailUrl\":\"https:\/\/www.savemybrain.net\/v2\/wp-content\/uploads\/2013\/03\/Micro-Ondes.jpg\",\"keywords\":[\"cuisine\",\"micro-ondes\",\"Percy Spencer\"],\"articleSection\":[\"Culture et confiture\"],\"inLanguage\":\"fr-FR\",\"potentialAction\":[{\"@type\":\"CommentAction\",\"name\":\"Comment\",\"target\":[\"https:\/\/www.savemybrain.net\/v2\/2013\/03\/23\/origine-micro-ondes-180020864\/#respond\"]}]},{\"@type\":\"WebPage\",\"@id\":\"https:\/\/www.savemybrain.net\/v2\/2013\/03\/23\/origine-micro-ondes-180020864\/\",\"url\":\"https:\/\/www.savemybrain.net\/v2\/2013\/03\/23\/origine-micro-ondes-180020864\/\",\"name\":\"Quelle est l'origine du four \u00e0 micro-ondes ? - Save my brain\",\"isPartOf\":{\"@id\":\"https:\/\/www.savemybrain.net\/v2\/#website\"},\"primaryImageOfPage\":{\"@id\":\"https:\/\/www.savemybrain.net\/v2\/2013\/03\/23\/origine-micro-ondes-180020864\/#primaryimage\"},\"image\":{\"@id\":\"https:\/\/www.savemybrain.net\/v2\/2013\/03\/23\/origine-micro-ondes-180020864\/#primaryimage\"},\"thumbnailUrl\":\"https:\/\/www.savemybrain.net\/v2\/wp-content\/uploads\/2013\/03\/Micro-Ondes.jpg\",\"datePublished\":\"2013-03-23T17:00:54+00:00\",\"author\":{\"@id\":\"https:\/\/www.savemybrain.net\/v2\/#\/schema\/person\/a4071cb8a45fde3a62f720c7bac115e6\"},\"inLanguage\":\"fr-FR\",\"potentialAction\":[{\"@type\":\"ReadAction\",\"target\":[\"https:\/\/www.savemybrain.net\/v2\/2013\/03\/23\/origine-micro-ondes-180020864\/\"]}]},{\"@type\":\"ImageObject\",\"inLanguage\":\"fr-FR\",\"@id\":\"https:\/\/www.savemybrain.net\/v2\/2013\/03\/23\/origine-micro-ondes-180020864\/#primaryimage\",\"url\":\"https:\/\/www.savemybrain.net\/v2\/wp-content\/uploads\/2013\/03\/Micro-Ondes.jpg\",\"contentUrl\":\"https:\/\/www.savemybrain.net\/v2\/wp-content\/uploads\/2013\/03\/Micro-Ondes.jpg\",\"width\":537,\"height\":410},{\"@type\":\"WebSite\",\"@id\":\"https:\/\/www.savemybrain.net\/v2\/#website\",\"url\":\"https:\/\/www.savemybrain.net\/v2\/\",\"name\":\"Save my brain\",\"description\":\"Magazine lifestyle et culturel (depuis 2007)\",\"potentialAction\":[{\"@type\":\"SearchAction\",\"target\":{\"@type\":\"EntryPoint\",\"urlTemplate\":\"https:\/\/www.savemybrain.net\/v2\/?s={search_term_string}\"},\"query-input\":{\"@type\":\"PropertyValueSpecification\",\"valueRequired\":true,\"valueName\":\"search_term_string\"}}],\"inLanguage\":\"fr-FR\"},{\"@type\":\"Person\",\"@id\":\"https:\/\/www.savemybrain.net\/v2\/#\/schema\/person\/a4071cb8a45fde3a62f720c7bac115e6\",\"name\":\"J\u00e9r\u00f4me Peudepi\u00e8ce\",\"sameAs\":[\"http:\/\/\"],\"url\":\"https:\/\/www.savemybrain.net\/v2\/author\/jeromepeudepiece\/\"}]}<\/script>\n<!-- \/ Yoast SEO plugin. -->","yoast_head_json":{"title":"Quelle est l'origine du four \u00e0 micro-ondes ? - Save my brain","robots":{"index":"index","follow":"follow","max-snippet":"max-snippet:-1","max-image-preview":"max-image-preview:large","max-video-preview":"max-video-preview:-1"},"canonical":"https:\/\/www.savemybrain.net\/v2\/2013\/03\/23\/origine-micro-ondes-180020864\/","og_locale":"fr_FR","og_type":"article","og_title":"Quelle est l'origine du four \u00e0 micro-ondes ? - Save my brain","og_description":"Apr\u00e8s une \u00e2pre journ\u00e9e de r\u00e9flexion, le sujet de cet article, que je savais d\u00e9j\u00e0 palpitant et m\u00eame troublant, ne venait pas. Rien de venait cogner mon subtil intellect. Le vide, le n\u00e9ant, une conversation avec Eve Angeli\u2026 Et puis, au moment o\u00f9 mon estomac criait famine (car bien entendu, je me suis priv\u00e9 de manger pour trouver une id\u00e9e digne de vous), la lumi\u00e8re fut, comme dirait un pr\u00eatre. Au moment o\u00f9 je mettais mon assiette dans le micro ondes, mon geste s\u2019arr\u00eata : d\u2019o\u00f9 c\u2019est y qui vient Hector (oui, j\u2019appelle mon micro ondes Hector) ? En v\u2019la de la question qu\u2019elle est bonne !","og_url":"https:\/\/www.savemybrain.net\/v2\/2013\/03\/23\/origine-micro-ondes-180020864\/","og_site_name":"Save my brain","article_published_time":"2013-03-23T17:00:54+00:00","og_image":[{"width":537,"height":410,"url":"https:\/\/www.savemybrain.net\/v2\/wp-content\/uploads\/2013\/03\/Micro-Ondes.jpg","type":"image\/jpeg"}],"author":"J\u00e9r\u00f4me Peudepi\u00e8ce, Nelly Glassmann","twitter_card":"summary_large_image","twitter_misc":{"\u00c9crit par":"J\u00e9r\u00f4me Peudepi\u00e8ce","Dur\u00e9e de lecture estim\u00e9e":"3 minutes","Written by":"J\u00e9r\u00f4me Peudepi\u00e8ce, Nelly Glassmann"},"schema":{"@context":"https:\/\/schema.org","@graph":[{"@type":"Article","@id":"https:\/\/www.savemybrain.net\/v2\/2013\/03\/23\/origine-micro-ondes-180020864\/#article","isPartOf":{"@id":"https:\/\/www.savemybrain.net\/v2\/2013\/03\/23\/origine-micro-ondes-180020864\/"},"author":{"name":"J\u00e9r\u00f4me Peudepi\u00e8ce","@id":"https:\/\/www.savemybrain.net\/v2\/#\/schema\/person\/a4071cb8a45fde3a62f720c7bac115e6"},"headline":"Quelle est l&rsquo;origine du four \u00e0 micro-ondes ?","datePublished":"2013-03-23T17:00:54+00:00","mainEntityOfPage":{"@id":"https:\/\/www.savemybrain.net\/v2\/2013\/03\/23\/origine-micro-ondes-180020864\/"},"wordCount":517,"commentCount":0,"image":{"@id":"https:\/\/www.savemybrain.net\/v2\/2013\/03\/23\/origine-micro-ondes-180020864\/#primaryimage"},"thumbnailUrl":"https:\/\/www.savemybrain.net\/v2\/wp-content\/uploads\/2013\/03\/Micro-Ondes.jpg","keywords":["cuisine","micro-ondes","Percy Spencer"],"articleSection":["Culture et confiture"],"inLanguage":"fr-FR","potentialAction":[{"@type":"CommentAction","name":"Comment","target":["https:\/\/www.savemybrain.net\/v2\/2013\/03\/23\/origine-micro-ondes-180020864\/#respond"]}]},{"@type":"WebPage","@id":"https:\/\/www.savemybrain.net\/v2\/2013\/03\/23\/origine-micro-ondes-180020864\/","url":"https:\/\/www.savemybrain.net\/v2\/2013\/03\/23\/origine-micro-ondes-180020864\/","name":"Quelle est l'origine du four \u00e0 micro-ondes ? - Save my brain","isPartOf":{"@id":"https:\/\/www.savemybrain.net\/v2\/#website"},"primaryImageOfPage":{"@id":"https:\/\/www.savemybrain.net\/v2\/2013\/03\/23\/origine-micro-ondes-180020864\/#primaryimage"},"image":{"@id":"https:\/\/www.savemybrain.net\/v2\/2013\/03\/23\/origine-micro-ondes-180020864\/#primaryimage"},"thumbnailUrl":"https:\/\/www.savemybrain.net\/v2\/wp-content\/uploads\/2013\/03\/Micro-Ondes.jpg","datePublished":"2013-03-23T17:00:54+00:00","author":{"@id":"https:\/\/www.savemybrain.net\/v2\/#\/schema\/person\/a4071cb8a45fde3a62f720c7bac115e6"},"inLanguage":"fr-FR","potentialAction":[{"@type":"ReadAction","target":["https:\/\/www.savemybrain.net\/v2\/2013\/03\/23\/origine-micro-ondes-180020864\/"]}]},{"@type":"ImageObject","inLanguage":"fr-FR","@id":"https:\/\/www.savemybrain.net\/v2\/2013\/03\/23\/origine-micro-ondes-180020864\/#primaryimage","url":"https:\/\/www.savemybrain.net\/v2\/wp-content\/uploads\/2013\/03\/Micro-Ondes.jpg","contentUrl":"https:\/\/www.savemybrain.net\/v2\/wp-content\/uploads\/2013\/03\/Micro-Ondes.jpg","width":537,"height":410},{"@type":"WebSite","@id":"https:\/\/www.savemybrain.net\/v2\/#website","url":"https:\/\/www.savemybrain.net\/v2\/","name":"Save my brain","description":"Magazine lifestyle et culturel (depuis 2007)","potentialAction":[{"@type":"SearchAction","target":{"@type":"EntryPoint","urlTemplate":"https:\/\/www.savemybrain.net\/v2\/?s={search_term_string}"},"query-input":{"@type":"PropertyValueSpecification","valueRequired":true,"valueName":"search_term_string"}}],"inLanguage":"fr-FR"},{"@type":"Person","@id":"https:\/\/www.savemybrain.net\/v2\/#\/schema\/person\/a4071cb8a45fde3a62f720c7bac115e6","name":"J\u00e9r\u00f4me Peudepi\u00e8ce","sameAs":["http:\/\/"],"url":"https:\/\/www.savemybrain.net\/v2\/author\/jeromepeudepiece\/"}]}},"jetpack_featured_media_url":"https:\/\/www.savemybrain.net\/v2\/wp-content\/uploads\/2013\/03\/Micro-Ondes.jpg","jetpack_sharing_enabled":true,"_links":{"self":[{"href":"https:\/\/www.savemybrain.net\/v2\/wp-json\/wp\/v2\/posts\/20864","targetHints":{"allow":["GET"]}}],"collection":[{"href":"https:\/\/www.savemybrain.net\/v2\/wp-json\/wp\/v2\/posts"}],"about":[{"href":"https:\/\/www.savemybrain.net\/v2\/wp-json\/wp\/v2\/types\/post"}],"author":[{"embeddable":true,"href":"https:\/\/www.savemybrain.net\/v2\/wp-json\/wp\/v2\/users\/18"}],"replies":[{"embeddable":true,"href":"https:\/\/www.savemybrain.net\/v2\/wp-json\/wp\/v2\/comments?post=20864"}],"version-history":[{"count":0,"href":"https:\/\/www.savemybrain.net\/v2\/wp-json\/wp\/v2\/posts\/20864\/revisions"}],"wp:featuredmedia":[{"embeddable":true,"href":"https:\/\/www.savemybrain.net\/v2\/wp-json\/wp\/v2\/media\/20885"}],"wp:attachment":[{"href":"https:\/\/www.savemybrain.net\/v2\/wp-json\/wp\/v2\/media?parent=20864"}],"wp:term":[{"taxonomy":"category","embeddable":true,"href":"https:\/\/www.savemybrain.net\/v2\/wp-json\/wp\/v2\/categories?post=20864"},{"taxonomy":"post_tag","embeddable":true,"href":"https:\/\/www.savemybrain.net\/v2\/wp-json\/wp\/v2\/tags?post=20864"},{"taxonomy":"author","embeddable":true,"href":"https:\/\/www.savemybrain.net\/v2\/wp-json\/wp\/v2\/coauthors?post=20864"}],"curies":[{"name":"wp","href":"https:\/\/api.w.org\/{rel}","templated":true}]}}