{"id":20841,"date":"2013-03-21T18:00:25","date_gmt":"2013-03-21T17:00:25","guid":{"rendered":"http:\/\/www.savemybrain.net\/v2\/?p=20841"},"modified":"2013-03-20T18:33:26","modified_gmt":"2013-03-20T17:33:26","slug":"au-bout-du-conte","status":"publish","type":"post","link":"https:\/\/www.savemybrain.net\/v2\/2013\/03\/21\/au-bout-du-conte-180020841\/","title":{"rendered":"Au bout du conte"},"content":{"rendered":"<p>Parmi les com\u00e9dies fran\u00e7aises connues d\u2019avances avec une vedette au premier r\u00f4le (Kad Merad pour Safari, Franck Dubosc pour Boule et Bill), le quatri\u00e8me long-m\u00e9trage d\u2019Agn\u00e8s Jaoui, <em>Au bout du conte<\/em>, sort du panier. En collaborant une nouvelle fois avec Jean-Pierre Bacri, la r\u00e9alisatrice-actrice traite cette fois le sujet des contes au cin\u00e9ma. C\u2019est dans cette intention que se situe la particularit\u00e9 du film.<\/p>\n<p><!--more--><\/p>\n<p><img loading=\"lazy\" decoding=\"async\" class=\"aligncenter size-medium wp-image-20846\" alt=\"Au bout du conte\" src=\"http:\/\/www.savemybrain.net\/v2\/wp-content\/uploads\/2013\/03\/Au-bout-du-conte1-368x500.jpg\" width=\"368\" height=\"500\" srcset=\"https:\/\/www.savemybrain.net\/v2\/wp-content\/uploads\/2013\/03\/Au-bout-du-conte1-368x500.jpg 368w, https:\/\/www.savemybrain.net\/v2\/wp-content\/uploads\/2013\/03\/Au-bout-du-conte1-624x848.jpg 624w, https:\/\/www.savemybrain.net\/v2\/wp-content\/uploads\/2013\/03\/Au-bout-du-conte1.jpg 736w\" sizes=\"auto, (max-width: 368px) 100vw, 368px\" \/><\/p>\n<p>Alors que le film s\u2019annonce comme une com\u00e9die classique, il surprend le spectateur par le parti-pris d\u2019un film choral enchev\u00eatr\u00e9 d\u2019\u00e9chos f\u00e9eriques. En effet, nous suivons une multitude de personnages ayant leur propre histoire : Jaoui est une femme d\u00e9sesp\u00e9r\u00e9e par son incapacit\u00e9 \u00e0 se comporter comme une adulte ; Bacri est le vieux p\u00e8re solitaire et rationnel poursuivi par la pr\u00e9monition de sa mort ; Arthur Dupont et Agathe Bonitzer sont deux jeunes gens tr\u00e8s purs qui n\u2019arrivent pas \u00e0 affronter les probl\u00e8mes du quotidien ; etc. Les dilemmes de l\u2019identit\u00e9 et l\u2019\u00e9mancipation personnelle sont les deux th\u00e8mes pivots du conte. Agn\u00e8s Jaoui assimile cette structure psychologique dans le monde actuel. De cette mani\u00e8re, le film permet de nous identifier aux personnages et \u00e0 rire avec ironie des affres de la r\u00e9alit\u00e9 que sont la mort ou la perte de ses rep\u00e8res. Agn\u00e8s Jaoui apporte une richesse int\u00e9ressante quant \u00e0 la caract\u00e9risation de chaque protagoniste. Elle m\u00eale avec justesse le quotidien aux symboles propres du conte. Les personnages du loup charmeur (Benjamin Biolay), de la voyante \u00e9nigmatique et de la m\u00e8re reine refusant sa vieillesse (B\u00e9atrice Rosen), apparaissent comme les points perturbateurs de ces histoires et s\u2019immiscent parfaitement dans notre r\u00e9alit\u00e9. De r\u00e9f\u00e9rences aux petites histoires (Cendrillon, La Belle au bois dormant, Peau d\u2019\u00c2ne) aux illustrations po\u00e9tiques de notre monde (une photographie aux couleurs irr\u00e9elles de Lubomir Bakchev), le film rend hommage au principe du conte en renouvelant ses structures classiques.<\/p>\n<p>Servi par une galerie d\u2019acteurs convaincants et all\u00e9chants dans chacun de leurs r\u00f4les, <em>Au bout du conte<\/em> est la rencontre entre des personnages aux \u00e2mes fragiles et leurs id\u00e9aux merveilleux. Les contes sont le reflet onirique des moments heureux et dangereux de la vie \u00e0 toute \u00e9poque. Mais leurs symboles ne peuvent s\u2019impliquer d\u2019une seule et m\u00eame mani\u00e8re de nos jours. Parfois, le prince charmant en apparence peut se r\u00e9v\u00e9ler \u00eatre le loup d\u00e9voreur de tous les c\u0153urs purs. Et c\u2019est cette dimension-l\u00e0 qu\u2019aborde le couple Jaoui-Bacri avec malice dans ce film. Ils illustrent la substance myst\u00e9rieuse des contes en d\u00e9calant les r\u00f4les pr\u00e9\u00e9tablis (le prince charmant, le loup, la sorci\u00e8re, etc.) dans notre r\u00e9alit\u00e9. A l\u2019int\u00e9rieur des sentiers infinis de la com\u00e9die fran\u00e7aise, le nouveau film du duo Jaoui-Bacri se place comme une \u0153uvre curieuse, m\u00e9langeant les genres d\u2019une autre mani\u00e8re, mais non moins int\u00e9ressante et envo\u00fbtante.<\/p>\n","protected":false},"excerpt":{"rendered":"<p>Parmi les com\u00e9dies fran\u00e7aises connues d\u2019avances avec une vedette au premier r\u00f4le (Kad Merad pour Safari, Franck Dubosc pour Boule et Bill), le quatri\u00e8me long-m\u00e9trage d\u2019Agn\u00e8s Jaoui, Au bout du conte, sort du panier. En collaborant une nouvelle fois avec Jean-Pierre Bacri, la r\u00e9alisatrice-actrice traite cette fois le sujet des contes au cin\u00e9ma. C\u2019est dans cette intention que se situe la particularit\u00e9 du film.<\/p>\n","protected":false},"author":17,"featured_media":20846,"comment_status":"open","ping_status":"closed","sticky":false,"template":"","format":"standard","meta":{"_jetpack_memberships_contains_paid_content":false,"footnotes":""},"categories":[41,49],"tags":[4340,5168,4341],"coauthors":[4143],"class_list":["post-20841","post","type-post","status-publish","format-standard","has-post-thumbnail","hentry","category-cinema","category-chroniques-films-dvd","tag-agnes-jaoui","tag-cinema","tag-jean-pierre-bacri"],"yoast_head":"<!-- This site is optimized with the Yoast SEO plugin v27.2 - https:\/\/yoast.com\/product\/yoast-seo-wordpress\/ -->\n<title>Au bout du conte - Save my brain<\/title>\n<meta name=\"robots\" content=\"index, follow, max-snippet:-1, max-image-preview:large, max-video-preview:-1\" \/>\n<link rel=\"canonical\" href=\"https:\/\/www.savemybrain.net\/v2\/2013\/03\/21\/au-bout-du-conte-180020841\/\" \/>\n<meta property=\"og:locale\" content=\"fr_FR\" \/>\n<meta property=\"og:type\" content=\"article\" \/>\n<meta property=\"og:title\" content=\"Au bout du conte - Save my brain\" \/>\n<meta property=\"og:description\" content=\"Parmi les com\u00e9dies fran\u00e7aises connues d\u2019avances avec une vedette au premier r\u00f4le (Kad Merad pour Safari, Franck Dubosc pour Boule et Bill), le quatri\u00e8me long-m\u00e9trage d\u2019Agn\u00e8s Jaoui, Au bout du conte, sort du panier. En collaborant une nouvelle fois avec Jean-Pierre Bacri, la r\u00e9alisatrice-actrice traite cette fois le sujet des contes au cin\u00e9ma. C\u2019est dans cette intention que se situe la particularit\u00e9 du film.\" \/>\n<meta property=\"og:url\" content=\"https:\/\/www.savemybrain.net\/v2\/2013\/03\/21\/au-bout-du-conte-180020841\/\" \/>\n<meta property=\"og:site_name\" content=\"Save my brain\" \/>\n<meta property=\"article:published_time\" content=\"2013-03-21T17:00:25+00:00\" \/>\n<meta property=\"og:image\" content=\"https:\/\/www.savemybrain.net\/v2\/wp-content\/uploads\/2013\/03\/Au-bout-du-conte1.jpg\" \/>\n\t<meta property=\"og:image:width\" content=\"736\" \/>\n\t<meta property=\"og:image:height\" content=\"1000\" \/>\n\t<meta property=\"og:image:type\" content=\"image\/jpeg\" \/>\n<meta name=\"author\" content=\"Maxime Sandeau\" \/>\n<meta name=\"twitter:card\" content=\"summary_large_image\" \/>\n<meta name=\"twitter:label1\" content=\"\u00c9crit par\" \/>\n\t<meta name=\"twitter:data1\" content=\"Maxime Sandeau\" \/>\n\t<meta name=\"twitter:label2\" content=\"Dur\u00e9e de lecture estim\u00e9e\" \/>\n\t<meta name=\"twitter:data2\" content=\"3 minutes\" \/>\n\t<meta name=\"twitter:label3\" content=\"Written by\" \/>\n\t<meta name=\"twitter:data3\" content=\"Maxime Sandeau\" \/>\n<script type=\"application\/ld+json\" class=\"yoast-schema-graph\">{\"@context\":\"https:\/\/schema.org\",\"@graph\":[{\"@type\":\"Article\",\"@id\":\"https:\/\/www.savemybrain.net\/v2\/2013\/03\/21\/au-bout-du-conte-180020841\/#article\",\"isPartOf\":{\"@id\":\"https:\/\/www.savemybrain.net\/v2\/2013\/03\/21\/au-bout-du-conte-180020841\/\"},\"author\":{\"name\":\"Maxime Sandeau\",\"@id\":\"https:\/\/www.savemybrain.net\/v2\/#\/schema\/person\/8b6db835228efbd015b428a219e9c31c\"},\"headline\":\"Au bout du conte\",\"datePublished\":\"2013-03-21T17:00:25+00:00\",\"mainEntityOfPage\":{\"@id\":\"https:\/\/www.savemybrain.net\/v2\/2013\/03\/21\/au-bout-du-conte-180020841\/\"},\"wordCount\":523,\"commentCount\":0,\"image\":{\"@id\":\"https:\/\/www.savemybrain.net\/v2\/2013\/03\/21\/au-bout-du-conte-180020841\/#primaryimage\"},\"thumbnailUrl\":\"https:\/\/www.savemybrain.net\/v2\/wp-content\/uploads\/2013\/03\/Au-bout-du-conte1.jpg\",\"keywords\":[\"Agn\u00e8s Jaoui\",\"Cin\u00e9ma\",\"Jean-Pierre Bacri\"],\"articleSection\":[\"Cin\u00e9ma\",\"Films\"],\"inLanguage\":\"fr-FR\",\"potentialAction\":[{\"@type\":\"CommentAction\",\"name\":\"Comment\",\"target\":[\"https:\/\/www.savemybrain.net\/v2\/2013\/03\/21\/au-bout-du-conte-180020841\/#respond\"]}]},{\"@type\":\"WebPage\",\"@id\":\"https:\/\/www.savemybrain.net\/v2\/2013\/03\/21\/au-bout-du-conte-180020841\/\",\"url\":\"https:\/\/www.savemybrain.net\/v2\/2013\/03\/21\/au-bout-du-conte-180020841\/\",\"name\":\"Au bout du conte - Save my brain\",\"isPartOf\":{\"@id\":\"https:\/\/www.savemybrain.net\/v2\/#website\"},\"primaryImageOfPage\":{\"@id\":\"https:\/\/www.savemybrain.net\/v2\/2013\/03\/21\/au-bout-du-conte-180020841\/#primaryimage\"},\"image\":{\"@id\":\"https:\/\/www.savemybrain.net\/v2\/2013\/03\/21\/au-bout-du-conte-180020841\/#primaryimage\"},\"thumbnailUrl\":\"https:\/\/www.savemybrain.net\/v2\/wp-content\/uploads\/2013\/03\/Au-bout-du-conte1.jpg\",\"datePublished\":\"2013-03-21T17:00:25+00:00\",\"author\":{\"@id\":\"https:\/\/www.savemybrain.net\/v2\/#\/schema\/person\/8b6db835228efbd015b428a219e9c31c\"},\"inLanguage\":\"fr-FR\",\"potentialAction\":[{\"@type\":\"ReadAction\",\"target\":[\"https:\/\/www.savemybrain.net\/v2\/2013\/03\/21\/au-bout-du-conte-180020841\/\"]}]},{\"@type\":\"ImageObject\",\"inLanguage\":\"fr-FR\",\"@id\":\"https:\/\/www.savemybrain.net\/v2\/2013\/03\/21\/au-bout-du-conte-180020841\/#primaryimage\",\"url\":\"https:\/\/www.savemybrain.net\/v2\/wp-content\/uploads\/2013\/03\/Au-bout-du-conte1.jpg\",\"contentUrl\":\"https:\/\/www.savemybrain.net\/v2\/wp-content\/uploads\/2013\/03\/Au-bout-du-conte1.jpg\",\"width\":736,\"height\":1000},{\"@type\":\"WebSite\",\"@id\":\"https:\/\/www.savemybrain.net\/v2\/#website\",\"url\":\"https:\/\/www.savemybrain.net\/v2\/\",\"name\":\"Save my brain\",\"description\":\"Magazine lifestyle et culturel (depuis 2007)\",\"potentialAction\":[{\"@type\":\"SearchAction\",\"target\":{\"@type\":\"EntryPoint\",\"urlTemplate\":\"https:\/\/www.savemybrain.net\/v2\/?s={search_term_string}\"},\"query-input\":{\"@type\":\"PropertyValueSpecification\",\"valueRequired\":true,\"valueName\":\"search_term_string\"}}],\"inLanguage\":\"fr-FR\"},{\"@type\":\"Person\",\"@id\":\"https:\/\/www.savemybrain.net\/v2\/#\/schema\/person\/8b6db835228efbd015b428a219e9c31c\",\"name\":\"Maxime Sandeau\",\"url\":\"https:\/\/www.savemybrain.net\/v2\/author\/maximesandeau\/\"}]}<\/script>\n<!-- \/ Yoast SEO plugin. -->","yoast_head_json":{"title":"Au bout du conte - Save my brain","robots":{"index":"index","follow":"follow","max-snippet":"max-snippet:-1","max-image-preview":"max-image-preview:large","max-video-preview":"max-video-preview:-1"},"canonical":"https:\/\/www.savemybrain.net\/v2\/2013\/03\/21\/au-bout-du-conte-180020841\/","og_locale":"fr_FR","og_type":"article","og_title":"Au bout du conte - Save my brain","og_description":"Parmi les com\u00e9dies fran\u00e7aises connues d\u2019avances avec une vedette au premier r\u00f4le (Kad Merad pour Safari, Franck Dubosc pour Boule et Bill), le quatri\u00e8me long-m\u00e9trage d\u2019Agn\u00e8s Jaoui, Au bout du conte, sort du panier. En collaborant une nouvelle fois avec Jean-Pierre Bacri, la r\u00e9alisatrice-actrice traite cette fois le sujet des contes au cin\u00e9ma. C\u2019est dans cette intention que se situe la particularit\u00e9 du film.","og_url":"https:\/\/www.savemybrain.net\/v2\/2013\/03\/21\/au-bout-du-conte-180020841\/","og_site_name":"Save my brain","article_published_time":"2013-03-21T17:00:25+00:00","og_image":[{"width":736,"height":1000,"url":"https:\/\/www.savemybrain.net\/v2\/wp-content\/uploads\/2013\/03\/Au-bout-du-conte1.jpg","type":"image\/jpeg"}],"author":"Maxime Sandeau","twitter_card":"summary_large_image","twitter_misc":{"\u00c9crit par":"Maxime Sandeau","Dur\u00e9e de lecture estim\u00e9e":"3 minutes","Written by":"Maxime Sandeau"},"schema":{"@context":"https:\/\/schema.org","@graph":[{"@type":"Article","@id":"https:\/\/www.savemybrain.net\/v2\/2013\/03\/21\/au-bout-du-conte-180020841\/#article","isPartOf":{"@id":"https:\/\/www.savemybrain.net\/v2\/2013\/03\/21\/au-bout-du-conte-180020841\/"},"author":{"name":"Maxime Sandeau","@id":"https:\/\/www.savemybrain.net\/v2\/#\/schema\/person\/8b6db835228efbd015b428a219e9c31c"},"headline":"Au bout du conte","datePublished":"2013-03-21T17:00:25+00:00","mainEntityOfPage":{"@id":"https:\/\/www.savemybrain.net\/v2\/2013\/03\/21\/au-bout-du-conte-180020841\/"},"wordCount":523,"commentCount":0,"image":{"@id":"https:\/\/www.savemybrain.net\/v2\/2013\/03\/21\/au-bout-du-conte-180020841\/#primaryimage"},"thumbnailUrl":"https:\/\/www.savemybrain.net\/v2\/wp-content\/uploads\/2013\/03\/Au-bout-du-conte1.jpg","keywords":["Agn\u00e8s Jaoui","Cin\u00e9ma","Jean-Pierre Bacri"],"articleSection":["Cin\u00e9ma","Films"],"inLanguage":"fr-FR","potentialAction":[{"@type":"CommentAction","name":"Comment","target":["https:\/\/www.savemybrain.net\/v2\/2013\/03\/21\/au-bout-du-conte-180020841\/#respond"]}]},{"@type":"WebPage","@id":"https:\/\/www.savemybrain.net\/v2\/2013\/03\/21\/au-bout-du-conte-180020841\/","url":"https:\/\/www.savemybrain.net\/v2\/2013\/03\/21\/au-bout-du-conte-180020841\/","name":"Au bout du conte - Save my brain","isPartOf":{"@id":"https:\/\/www.savemybrain.net\/v2\/#website"},"primaryImageOfPage":{"@id":"https:\/\/www.savemybrain.net\/v2\/2013\/03\/21\/au-bout-du-conte-180020841\/#primaryimage"},"image":{"@id":"https:\/\/www.savemybrain.net\/v2\/2013\/03\/21\/au-bout-du-conte-180020841\/#primaryimage"},"thumbnailUrl":"https:\/\/www.savemybrain.net\/v2\/wp-content\/uploads\/2013\/03\/Au-bout-du-conte1.jpg","datePublished":"2013-03-21T17:00:25+00:00","author":{"@id":"https:\/\/www.savemybrain.net\/v2\/#\/schema\/person\/8b6db835228efbd015b428a219e9c31c"},"inLanguage":"fr-FR","potentialAction":[{"@type":"ReadAction","target":["https:\/\/www.savemybrain.net\/v2\/2013\/03\/21\/au-bout-du-conte-180020841\/"]}]},{"@type":"ImageObject","inLanguage":"fr-FR","@id":"https:\/\/www.savemybrain.net\/v2\/2013\/03\/21\/au-bout-du-conte-180020841\/#primaryimage","url":"https:\/\/www.savemybrain.net\/v2\/wp-content\/uploads\/2013\/03\/Au-bout-du-conte1.jpg","contentUrl":"https:\/\/www.savemybrain.net\/v2\/wp-content\/uploads\/2013\/03\/Au-bout-du-conte1.jpg","width":736,"height":1000},{"@type":"WebSite","@id":"https:\/\/www.savemybrain.net\/v2\/#website","url":"https:\/\/www.savemybrain.net\/v2\/","name":"Save my brain","description":"Magazine lifestyle et culturel (depuis 2007)","potentialAction":[{"@type":"SearchAction","target":{"@type":"EntryPoint","urlTemplate":"https:\/\/www.savemybrain.net\/v2\/?s={search_term_string}"},"query-input":{"@type":"PropertyValueSpecification","valueRequired":true,"valueName":"search_term_string"}}],"inLanguage":"fr-FR"},{"@type":"Person","@id":"https:\/\/www.savemybrain.net\/v2\/#\/schema\/person\/8b6db835228efbd015b428a219e9c31c","name":"Maxime Sandeau","url":"https:\/\/www.savemybrain.net\/v2\/author\/maximesandeau\/"}]}},"jetpack_featured_media_url":"https:\/\/www.savemybrain.net\/v2\/wp-content\/uploads\/2013\/03\/Au-bout-du-conte1.jpg","jetpack_sharing_enabled":true,"_links":{"self":[{"href":"https:\/\/www.savemybrain.net\/v2\/wp-json\/wp\/v2\/posts\/20841","targetHints":{"allow":["GET"]}}],"collection":[{"href":"https:\/\/www.savemybrain.net\/v2\/wp-json\/wp\/v2\/posts"}],"about":[{"href":"https:\/\/www.savemybrain.net\/v2\/wp-json\/wp\/v2\/types\/post"}],"author":[{"embeddable":true,"href":"https:\/\/www.savemybrain.net\/v2\/wp-json\/wp\/v2\/users\/17"}],"replies":[{"embeddable":true,"href":"https:\/\/www.savemybrain.net\/v2\/wp-json\/wp\/v2\/comments?post=20841"}],"version-history":[{"count":0,"href":"https:\/\/www.savemybrain.net\/v2\/wp-json\/wp\/v2\/posts\/20841\/revisions"}],"wp:featuredmedia":[{"embeddable":true,"href":"https:\/\/www.savemybrain.net\/v2\/wp-json\/wp\/v2\/media\/20846"}],"wp:attachment":[{"href":"https:\/\/www.savemybrain.net\/v2\/wp-json\/wp\/v2\/media?parent=20841"}],"wp:term":[{"taxonomy":"category","embeddable":true,"href":"https:\/\/www.savemybrain.net\/v2\/wp-json\/wp\/v2\/categories?post=20841"},{"taxonomy":"post_tag","embeddable":true,"href":"https:\/\/www.savemybrain.net\/v2\/wp-json\/wp\/v2\/tags?post=20841"},{"taxonomy":"author","embeddable":true,"href":"https:\/\/www.savemybrain.net\/v2\/wp-json\/wp\/v2\/coauthors?post=20841"}],"curies":[{"name":"wp","href":"https:\/\/api.w.org\/{rel}","templated":true}]}}