{"id":20640,"date":"2013-03-08T18:00:29","date_gmt":"2013-03-08T17:00:29","guid":{"rendered":"http:\/\/www.savemybrain.net\/v2\/?p=20640"},"modified":"2013-03-08T16:27:50","modified_gmt":"2013-03-08T15:27:50","slug":"strasbourg","status":"publish","type":"post","link":"https:\/\/www.savemybrain.net\/v2\/2013\/03\/08\/strasbourg-180020640\/","title":{"rendered":"Strasbourg"},"content":{"rendered":"<p>Au mois de janvier je vous avez parl\u00e9 de la <a href=\"http:\/\/www.savemybrain.net\/v2\/2013\/02\/01\/la-suede-en-quelques-cliches-180020062\/\">Su\u00e8de<\/a>, aujourd&rsquo;hui direction Strasbourg. Si vous venez dans cette magnifique ville le temps d&rsquo;un week-end voil\u00e0 les choses \u00e0 faire&#8230;<!--more--><\/p>\n<p><em><strong>La\u00a0cath\u00e9drale\u00a0<\/strong><\/em><\/p>\n<p>Je ne vais pas faire un cours d&rsquo;histoire ou un copier-coller de Wikip\u00e9dia mais la cath\u00e9drale c&rsquo;est LE monument \u00e0 voir. Bon sachez le il y a toujours du monde place de la cath\u00e9drale mais c&rsquo;est tellement agr\u00e9able de voir cette grande dame&#8230;. elle culmine la ville.\u00a0<a href=\"http:\/\/www.savemybrain.net\/v2\/?attachment_id=20641\" rel=\"attachment wp-att-20641\"><br \/>\n<\/a> <a href=\"http:\/\/www.savemybrain.net\/v2\/?attachment_id=20642\" rel=\"attachment wp-att-20642\"><img loading=\"lazy\" decoding=\"async\" class=\"aligncenter size-medium wp-image-20642\" alt=\"37663_419575664766_4613816_n\" src=\"http:\/\/www.savemybrain.net\/v2\/wp-content\/uploads\/2013\/03\/37663_419575664766_4613816_n-500x375.jpg\" width=\"500\" height=\"375\" srcset=\"https:\/\/www.savemybrain.net\/v2\/wp-content\/uploads\/2013\/03\/37663_419575664766_4613816_n-500x375.jpg 500w, https:\/\/www.savemybrain.net\/v2\/wp-content\/uploads\/2013\/03\/37663_419575664766_4613816_n.jpg 720w\" sizes=\"auto, (max-width: 500px) 100vw, 500px\" \/><\/a><\/p>\n<p><em><strong>La Petite France<\/strong><\/em><\/p>\n<p>Qu&rsquo;il est plaisant de se balader le week-end dans les rues sous ces maisons typiques alsaciennes&#8230; Il y a quelques rues que j&rsquo;aime particuli\u00e8rement comme la rue du Faisan, pr\u00e9s des\u00a0quais&#8230; L&rsquo;ambiance est vraiment agr\u00e9able.<\/p>\n<p><a href=\"http:\/\/www.savemybrain.net\/v2\/?attachment_id=20641\" rel=\"attachment wp-att-20641\"><img loading=\"lazy\" decoding=\"async\" class=\"aligncenter size-medium wp-image-20641\" alt=\"35048_417771404766_5782909_n\" src=\"http:\/\/www.savemybrain.net\/v2\/wp-content\/uploads\/2013\/03\/35048_417771404766_5782909_n-372x500.jpg\" width=\"372\" height=\"500\" srcset=\"https:\/\/www.savemybrain.net\/v2\/wp-content\/uploads\/2013\/03\/35048_417771404766_5782909_n-372x500.jpg 372w, https:\/\/www.savemybrain.net\/v2\/wp-content\/uploads\/2013\/03\/35048_417771404766_5782909_n.jpg 536w\" sizes=\"auto, (max-width: 372px) 100vw, 372px\" \/><\/a><\/p>\n<p><em><strong> Quartier riv\u00e9toile<\/strong><\/em><\/p>\n<p>Ce coin vaut le d\u00e9tour pour l&rsquo;harmonie : les deux grues dans un bassin d&rsquo;eau, la m\u00e9diath\u00e8que imposante Malraux&#8230; font de cette image quelque chose d&rsquo;assez inattendue.<\/p>\n<p><a href=\"http:\/\/www.savemybrain.net\/v2\/?attachment_id=20643\" rel=\"attachment wp-att-20643\"><br \/>\n<\/a> <a href=\"http:\/\/www.savemybrain.net\/v2\/?attachment_id=20643\" rel=\"attachment wp-att-20643\"><img loading=\"lazy\" decoding=\"async\" class=\"aligncenter size-medium wp-image-20643\" alt=\"44481_429634484766_7266352_n\" src=\"http:\/\/www.savemybrain.net\/v2\/wp-content\/uploads\/2013\/03\/44481_429634484766_7266352_n-500x375.jpg\" width=\"500\" height=\"375\" srcset=\"https:\/\/www.savemybrain.net\/v2\/wp-content\/uploads\/2013\/03\/44481_429634484766_7266352_n-500x375.jpg 500w, https:\/\/www.savemybrain.net\/v2\/wp-content\/uploads\/2013\/03\/44481_429634484766_7266352_n.jpg 720w\" sizes=\"auto, (max-width: 500px) 100vw, 500px\" \/><\/a><\/p>\n<p><em><strong>Jardin des 2 rives\u00a0<\/strong><\/em><\/p>\n<p>Pour passer en Allemagne, il faut traverser des ponts et pour y aller il y a un tr\u00e8s grand jardin (n&rsquo;oubliez pas un chapeau si vous \u00eates en \u00e9t\u00e9) avec pas mal d&rsquo;activit\u00e9s \u00a0l&rsquo;\u00e9t\u00e9 : dansantes, pour les enfants &#8230;<\/p>\n<p><a href=\"http:\/\/www.savemybrain.net\/v2\/?attachment_id=20645\" rel=\"attachment wp-att-20645\"><br \/>\n<\/a> <a href=\"http:\/\/www.savemybrain.net\/v2\/?attachment_id=20644\" rel=\"attachment wp-att-20644\"><img loading=\"lazy\" decoding=\"async\" class=\"aligncenter size-medium wp-image-20644\" alt=\"47872_432159954766_7305374_n\" src=\"http:\/\/www.savemybrain.net\/v2\/wp-content\/uploads\/2013\/03\/47872_432159954766_7305374_n-500x334.jpg\" width=\"500\" height=\"334\" \/><\/a><\/p>\n<p><em><strong>Les cigognes\u00a0<\/strong><\/em><\/p>\n<p>Si vous souhaitez en voir rendez-vous au parc de l&rsquo;Orangerie, certaines sont en pleine libert\u00e9 et il ne sera pas rare de croiser pendant un pique-nique une cigogne.<\/p>\n<p><a href=\"http:\/\/www.savemybrain.net\/v2\/?attachment_id=20646\" rel=\"attachment wp-att-20646\"><img loading=\"lazy\" decoding=\"async\" class=\"aligncenter size-medium wp-image-20646\" alt=\"528169_10151008988759767_364968757_n\" src=\"http:\/\/www.savemybrain.net\/v2\/wp-content\/uploads\/2013\/03\/528169_10151008988759767_364968757_n-375x500.jpg\" width=\"375\" height=\"500\" srcset=\"https:\/\/www.savemybrain.net\/v2\/wp-content\/uploads\/2013\/03\/528169_10151008988759767_364968757_n-375x500.jpg 375w, https:\/\/www.savemybrain.net\/v2\/wp-content\/uploads\/2013\/03\/528169_10151008988759767_364968757_n.jpg 720w\" sizes=\"auto, (max-width: 375px) 100vw, 375px\" \/><\/a><\/p>\n<p><em><strong>En Alsace c&rsquo;est aussi le vin&#8230;<\/strong><\/em><\/p>\n<p>On dehors des jolis paysages, il y a aussi de bonnes choses \u00e0 manger ou \u00e0 boire&#8230; vin blanc, cr\u00e9mant,\u00a0kougelhopf&#8230;.<\/p>\n<p><a href=\"http:\/\/www.savemybrain.net\/v2\/?attachment_id=20645\" rel=\"attachment wp-att-20645\"><img loading=\"lazy\" decoding=\"async\" class=\"aligncenter size-medium wp-image-20645\" alt=\"206388_10150152786204767_1139281_n\" src=\"http:\/\/www.savemybrain.net\/v2\/wp-content\/uploads\/2013\/03\/206388_10150152786204767_1139281_n-372x500.jpg\" width=\"372\" height=\"500\" \/><\/a><\/p>\n<p>&nbsp;<\/p>\n<p>Quelques adresses :<\/p>\n<p>&#8211; pour boire une bi\u00e8re : <a href=\"http:\/\/www.lesberthom.fr\/\"><em><strong>Les Berthom\u00a0<\/strong><\/em><\/a><\/p>\n<p>&#8211; manger entre amis : <a href=\"http:\/\/www.maison-kammerzell.com\/\"><em><strong>Maison Kammerzell<\/strong><\/em><\/a><\/p>\n<p>&#8211; trouver un livre sur l&rsquo;alsace : <a href=\"http:\/\/www.librairie-kleber.com\/\"><em><strong>libraire Kleber\u00a0<\/strong><\/em><\/a><\/p>\n<p>&#8211; \u00a0aller voir un spectacle :<a href=\"http:\/\/www.lasalamandrestrasbourg.com\/\"><em><strong> la Salamandre\u00a0<\/strong><\/em><\/a><\/p>\n<p>L&rsquo;ambiance Alsace pour moi c&rsquo;est \u00e7a : du soleil, des maisons originales et des espaces verts &#8230;. bref on y respire un parfum de vacances \u00e0 chaque moments de l&rsquo;ann\u00e9e.<\/p>\n<p><a href=\"http:\/\/www.savemybrain.net\/v2\/?attachment_id=20647\" rel=\"attachment wp-att-20647\"><img loading=\"lazy\" decoding=\"async\" class=\"aligncenter size-medium wp-image-20647\" alt=\"529325_10151008989724767_156392983_n\" src=\"http:\/\/www.savemybrain.net\/v2\/wp-content\/uploads\/2013\/03\/529325_10151008989724767_156392983_n-500x375.jpg\" width=\"500\" height=\"375\" srcset=\"https:\/\/www.savemybrain.net\/v2\/wp-content\/uploads\/2013\/03\/529325_10151008989724767_156392983_n-500x375.jpg 500w, https:\/\/www.savemybrain.net\/v2\/wp-content\/uploads\/2013\/03\/529325_10151008989724767_156392983_n-768x576.jpg 768w, https:\/\/www.savemybrain.net\/v2\/wp-content\/uploads\/2013\/03\/529325_10151008989724767_156392983_n.jpg 960w\" sizes=\"auto, (max-width: 500px) 100vw, 500px\" \/><\/a><\/p>\n","protected":false},"excerpt":{"rendered":"<p>Au mois de janvier je vous avez parl\u00e9 de la Su\u00e8de, aujourd&rsquo;hui direction Strasbourg. Si vous venez dans cette magnifique ville le temps d&rsquo;un week-end voil\u00e0 les choses \u00e0 faire&#8230;<\/p>\n","protected":false},"author":97,"featured_media":20641,"comment_status":"open","ping_status":"closed","sticky":false,"template":"","format":"standard","meta":{"_jetpack_memberships_contains_paid_content":false,"footnotes":""},"categories":[3200],"tags":[4317,3209,3110,114,4316],"coauthors":[3674,5266],"class_list":["post-20640","post","type-post","status-publish","format-standard","has-post-thumbnail","hentry","category-la-chronique-du-bourlingueur","tag-alsace","tag-cathedrale","tag-strasbourg","tag-voyage","tag-week-end"],"yoast_head":"<!-- This site is optimized with the Yoast SEO plugin v27.2 - https:\/\/yoast.com\/product\/yoast-seo-wordpress\/ -->\n<title>Strasbourg  - Save my brain<\/title>\n<meta name=\"robots\" content=\"index, follow, max-snippet:-1, max-image-preview:large, max-video-preview:-1\" \/>\n<link rel=\"canonical\" href=\"https:\/\/www.savemybrain.net\/v2\/2013\/03\/08\/strasbourg-180020640\/\" \/>\n<meta property=\"og:locale\" content=\"fr_FR\" \/>\n<meta property=\"og:type\" content=\"article\" \/>\n<meta property=\"og:title\" content=\"Strasbourg  - Save my brain\" \/>\n<meta property=\"og:description\" content=\"Au mois de janvier je vous avez parl\u00e9 de la Su\u00e8de, aujourd&rsquo;hui direction Strasbourg. Si vous venez dans cette magnifique ville le temps d&rsquo;un week-end voil\u00e0 les choses \u00e0 faire&#8230;\" \/>\n<meta property=\"og:url\" content=\"https:\/\/www.savemybrain.net\/v2\/2013\/03\/08\/strasbourg-180020640\/\" \/>\n<meta property=\"og:site_name\" content=\"Save my brain\" \/>\n<meta property=\"article:published_time\" content=\"2013-03-08T17:00:29+00:00\" \/>\n<meta property=\"og:image\" content=\"https:\/\/www.savemybrain.net\/v2\/wp-content\/uploads\/2013\/03\/35048_417771404766_5782909_n.jpg\" \/>\n\t<meta property=\"og:image:width\" content=\"536\" \/>\n\t<meta property=\"og:image:height\" content=\"720\" \/>\n\t<meta property=\"og:image:type\" content=\"image\/jpeg\" \/>\n<meta name=\"author\" content=\"Miss Cycy\" \/>\n<meta name=\"twitter:card\" content=\"summary_large_image\" \/>\n<meta name=\"twitter:label1\" content=\"\u00c9crit par\" \/>\n\t<meta name=\"twitter:data1\" content=\"Miss Cycy\" \/>\n\t<meta name=\"twitter:label2\" content=\"Dur\u00e9e de lecture estim\u00e9e\" \/>\n\t<meta name=\"twitter:data2\" content=\"2 minutes\" \/>\n\t<meta name=\"twitter:label3\" content=\"Written by\" \/>\n\t<meta name=\"twitter:data3\" content=\"Miss Cycy\" \/>\n<script type=\"application\/ld+json\" class=\"yoast-schema-graph\">{\"@context\":\"https:\/\/schema.org\",\"@graph\":[{\"@type\":\"Article\",\"@id\":\"https:\/\/www.savemybrain.net\/v2\/2013\/03\/08\/strasbourg-180020640\/#article\",\"isPartOf\":{\"@id\":\"https:\/\/www.savemybrain.net\/v2\/2013\/03\/08\/strasbourg-180020640\/\"},\"author\":{\"name\":\"Miss Cycy\",\"@id\":\"https:\/\/www.savemybrain.net\/v2\/#\/schema\/person\/47b6414b968cee69eded3314c13c0576\"},\"headline\":\"Strasbourg\",\"datePublished\":\"2013-03-08T17:00:29+00:00\",\"mainEntityOfPage\":{\"@id\":\"https:\/\/www.savemybrain.net\/v2\/2013\/03\/08\/strasbourg-180020640\/\"},\"wordCount\":318,\"commentCount\":0,\"image\":{\"@id\":\"https:\/\/www.savemybrain.net\/v2\/2013\/03\/08\/strasbourg-180020640\/#primaryimage\"},\"thumbnailUrl\":\"https:\/\/www.savemybrain.net\/v2\/wp-content\/uploads\/2013\/03\/35048_417771404766_5782909_n.jpg\",\"keywords\":[\"Alsace\",\"Cath\u00e9drale\",\"strasbourg\",\"voyage\",\"week-end\"],\"articleSection\":[\"La chronique du bourlingueur\"],\"inLanguage\":\"fr-FR\",\"potentialAction\":[{\"@type\":\"CommentAction\",\"name\":\"Comment\",\"target\":[\"https:\/\/www.savemybrain.net\/v2\/2013\/03\/08\/strasbourg-180020640\/#respond\"]}]},{\"@type\":\"WebPage\",\"@id\":\"https:\/\/www.savemybrain.net\/v2\/2013\/03\/08\/strasbourg-180020640\/\",\"url\":\"https:\/\/www.savemybrain.net\/v2\/2013\/03\/08\/strasbourg-180020640\/\",\"name\":\"Strasbourg - Save my brain\",\"isPartOf\":{\"@id\":\"https:\/\/www.savemybrain.net\/v2\/#website\"},\"primaryImageOfPage\":{\"@id\":\"https:\/\/www.savemybrain.net\/v2\/2013\/03\/08\/strasbourg-180020640\/#primaryimage\"},\"image\":{\"@id\":\"https:\/\/www.savemybrain.net\/v2\/2013\/03\/08\/strasbourg-180020640\/#primaryimage\"},\"thumbnailUrl\":\"https:\/\/www.savemybrain.net\/v2\/wp-content\/uploads\/2013\/03\/35048_417771404766_5782909_n.jpg\",\"datePublished\":\"2013-03-08T17:00:29+00:00\",\"author\":{\"@id\":\"https:\/\/www.savemybrain.net\/v2\/#\/schema\/person\/47b6414b968cee69eded3314c13c0576\"},\"inLanguage\":\"fr-FR\",\"potentialAction\":[{\"@type\":\"ReadAction\",\"target\":[\"https:\/\/www.savemybrain.net\/v2\/2013\/03\/08\/strasbourg-180020640\/\"]}]},{\"@type\":\"ImageObject\",\"inLanguage\":\"fr-FR\",\"@id\":\"https:\/\/www.savemybrain.net\/v2\/2013\/03\/08\/strasbourg-180020640\/#primaryimage\",\"url\":\"https:\/\/www.savemybrain.net\/v2\/wp-content\/uploads\/2013\/03\/35048_417771404766_5782909_n.jpg\",\"contentUrl\":\"https:\/\/www.savemybrain.net\/v2\/wp-content\/uploads\/2013\/03\/35048_417771404766_5782909_n.jpg\",\"width\":536,\"height\":720},{\"@type\":\"WebSite\",\"@id\":\"https:\/\/www.savemybrain.net\/v2\/#website\",\"url\":\"https:\/\/www.savemybrain.net\/v2\/\",\"name\":\"Save my brain\",\"description\":\"Magazine lifestyle et culturel (depuis 2007)\",\"potentialAction\":[{\"@type\":\"SearchAction\",\"target\":{\"@type\":\"EntryPoint\",\"urlTemplate\":\"https:\/\/www.savemybrain.net\/v2\/?s={search_term_string}\"},\"query-input\":{\"@type\":\"PropertyValueSpecification\",\"valueRequired\":true,\"valueName\":\"search_term_string\"}}],\"inLanguage\":\"fr-FR\"},{\"@type\":\"Person\",\"@id\":\"https:\/\/www.savemybrain.net\/v2\/#\/schema\/person\/47b6414b968cee69eded3314c13c0576\",\"name\":\"Miss Cycy\",\"description\":\"Communicante et photographe \u00e0 Strasbourg, ici je te propose de d\u00e9couvrir mes coups de c\u0153urs aussi bien en litt\u00e9rature - musique - spectacle.\",\"sameAs\":[\"https:\/\/www.instagram.com\/stageviewbycycy\/\"],\"url\":\"https:\/\/www.savemybrain.net\/v2\/author\/misscycy\/\"}]}<\/script>\n<!-- \/ Yoast SEO plugin. -->","yoast_head_json":{"title":"Strasbourg  - Save my brain","robots":{"index":"index","follow":"follow","max-snippet":"max-snippet:-1","max-image-preview":"max-image-preview:large","max-video-preview":"max-video-preview:-1"},"canonical":"https:\/\/www.savemybrain.net\/v2\/2013\/03\/08\/strasbourg-180020640\/","og_locale":"fr_FR","og_type":"article","og_title":"Strasbourg  - Save my brain","og_description":"Au mois de janvier je vous avez parl\u00e9 de la Su\u00e8de, aujourd&rsquo;hui direction Strasbourg. Si vous venez dans cette magnifique ville le temps d&rsquo;un week-end voil\u00e0 les choses \u00e0 faire&#8230;","og_url":"https:\/\/www.savemybrain.net\/v2\/2013\/03\/08\/strasbourg-180020640\/","og_site_name":"Save my brain","article_published_time":"2013-03-08T17:00:29+00:00","og_image":[{"width":536,"height":720,"url":"https:\/\/www.savemybrain.net\/v2\/wp-content\/uploads\/2013\/03\/35048_417771404766_5782909_n.jpg","type":"image\/jpeg"}],"author":"Miss Cycy","twitter_card":"summary_large_image","twitter_misc":{"\u00c9crit par":"Miss Cycy","Dur\u00e9e de lecture estim\u00e9e":"2 minutes","Written by":"Miss Cycy"},"schema":{"@context":"https:\/\/schema.org","@graph":[{"@type":"Article","@id":"https:\/\/www.savemybrain.net\/v2\/2013\/03\/08\/strasbourg-180020640\/#article","isPartOf":{"@id":"https:\/\/www.savemybrain.net\/v2\/2013\/03\/08\/strasbourg-180020640\/"},"author":{"name":"Miss Cycy","@id":"https:\/\/www.savemybrain.net\/v2\/#\/schema\/person\/47b6414b968cee69eded3314c13c0576"},"headline":"Strasbourg","datePublished":"2013-03-08T17:00:29+00:00","mainEntityOfPage":{"@id":"https:\/\/www.savemybrain.net\/v2\/2013\/03\/08\/strasbourg-180020640\/"},"wordCount":318,"commentCount":0,"image":{"@id":"https:\/\/www.savemybrain.net\/v2\/2013\/03\/08\/strasbourg-180020640\/#primaryimage"},"thumbnailUrl":"https:\/\/www.savemybrain.net\/v2\/wp-content\/uploads\/2013\/03\/35048_417771404766_5782909_n.jpg","keywords":["Alsace","Cath\u00e9drale","strasbourg","voyage","week-end"],"articleSection":["La chronique du bourlingueur"],"inLanguage":"fr-FR","potentialAction":[{"@type":"CommentAction","name":"Comment","target":["https:\/\/www.savemybrain.net\/v2\/2013\/03\/08\/strasbourg-180020640\/#respond"]}]},{"@type":"WebPage","@id":"https:\/\/www.savemybrain.net\/v2\/2013\/03\/08\/strasbourg-180020640\/","url":"https:\/\/www.savemybrain.net\/v2\/2013\/03\/08\/strasbourg-180020640\/","name":"Strasbourg - Save my brain","isPartOf":{"@id":"https:\/\/www.savemybrain.net\/v2\/#website"},"primaryImageOfPage":{"@id":"https:\/\/www.savemybrain.net\/v2\/2013\/03\/08\/strasbourg-180020640\/#primaryimage"},"image":{"@id":"https:\/\/www.savemybrain.net\/v2\/2013\/03\/08\/strasbourg-180020640\/#primaryimage"},"thumbnailUrl":"https:\/\/www.savemybrain.net\/v2\/wp-content\/uploads\/2013\/03\/35048_417771404766_5782909_n.jpg","datePublished":"2013-03-08T17:00:29+00:00","author":{"@id":"https:\/\/www.savemybrain.net\/v2\/#\/schema\/person\/47b6414b968cee69eded3314c13c0576"},"inLanguage":"fr-FR","potentialAction":[{"@type":"ReadAction","target":["https:\/\/www.savemybrain.net\/v2\/2013\/03\/08\/strasbourg-180020640\/"]}]},{"@type":"ImageObject","inLanguage":"fr-FR","@id":"https:\/\/www.savemybrain.net\/v2\/2013\/03\/08\/strasbourg-180020640\/#primaryimage","url":"https:\/\/www.savemybrain.net\/v2\/wp-content\/uploads\/2013\/03\/35048_417771404766_5782909_n.jpg","contentUrl":"https:\/\/www.savemybrain.net\/v2\/wp-content\/uploads\/2013\/03\/35048_417771404766_5782909_n.jpg","width":536,"height":720},{"@type":"WebSite","@id":"https:\/\/www.savemybrain.net\/v2\/#website","url":"https:\/\/www.savemybrain.net\/v2\/","name":"Save my brain","description":"Magazine lifestyle et culturel (depuis 2007)","potentialAction":[{"@type":"SearchAction","target":{"@type":"EntryPoint","urlTemplate":"https:\/\/www.savemybrain.net\/v2\/?s={search_term_string}"},"query-input":{"@type":"PropertyValueSpecification","valueRequired":true,"valueName":"search_term_string"}}],"inLanguage":"fr-FR"},{"@type":"Person","@id":"https:\/\/www.savemybrain.net\/v2\/#\/schema\/person\/47b6414b968cee69eded3314c13c0576","name":"Miss Cycy","description":"Communicante et photographe \u00e0 Strasbourg, ici je te propose de d\u00e9couvrir mes coups de c\u0153urs aussi bien en litt\u00e9rature - musique - spectacle.","sameAs":["https:\/\/www.instagram.com\/stageviewbycycy\/"],"url":"https:\/\/www.savemybrain.net\/v2\/author\/misscycy\/"}]}},"jetpack_featured_media_url":"https:\/\/www.savemybrain.net\/v2\/wp-content\/uploads\/2013\/03\/35048_417771404766_5782909_n.jpg","jetpack_sharing_enabled":true,"_links":{"self":[{"href":"https:\/\/www.savemybrain.net\/v2\/wp-json\/wp\/v2\/posts\/20640","targetHints":{"allow":["GET"]}}],"collection":[{"href":"https:\/\/www.savemybrain.net\/v2\/wp-json\/wp\/v2\/posts"}],"about":[{"href":"https:\/\/www.savemybrain.net\/v2\/wp-json\/wp\/v2\/types\/post"}],"author":[{"embeddable":true,"href":"https:\/\/www.savemybrain.net\/v2\/wp-json\/wp\/v2\/users\/97"}],"replies":[{"embeddable":true,"href":"https:\/\/www.savemybrain.net\/v2\/wp-json\/wp\/v2\/comments?post=20640"}],"version-history":[{"count":0,"href":"https:\/\/www.savemybrain.net\/v2\/wp-json\/wp\/v2\/posts\/20640\/revisions"}],"wp:featuredmedia":[{"embeddable":true,"href":"https:\/\/www.savemybrain.net\/v2\/wp-json\/wp\/v2\/media\/20641"}],"wp:attachment":[{"href":"https:\/\/www.savemybrain.net\/v2\/wp-json\/wp\/v2\/media?parent=20640"}],"wp:term":[{"taxonomy":"category","embeddable":true,"href":"https:\/\/www.savemybrain.net\/v2\/wp-json\/wp\/v2\/categories?post=20640"},{"taxonomy":"post_tag","embeddable":true,"href":"https:\/\/www.savemybrain.net\/v2\/wp-json\/wp\/v2\/tags?post=20640"},{"taxonomy":"author","embeddable":true,"href":"https:\/\/www.savemybrain.net\/v2\/wp-json\/wp\/v2\/coauthors?post=20640"}],"curies":[{"name":"wp","href":"https:\/\/api.w.org\/{rel}","templated":true}]}}