{"id":1845,"date":"2009-02-26T09:40:36","date_gmt":"2009-02-26T08:40:36","guid":{"rendered":"http:\/\/savemybrain.net\/v2\/?p=1845"},"modified":"2011-10-16T21:22:53","modified_gmt":"2011-10-16T19:22:53","slug":"le-sac-des-filles","status":"publish","type":"post","link":"https:\/\/www.savemybrain.net\/v2\/2009\/02\/26\/le-sac-des-filles-09401845\/","title":{"rendered":"Le sac des filles"},"content":{"rendered":"<p align=\"justify\">Ne soyez pas \u00e9tonn\u00e9es de l&rsquo;utilisation du singulier pour le terme sac, un sac pour une fille, c&rsquo;est avant tout un concept.<!--more--><\/p>\n<p align=\"center\"><img loading=\"lazy\" decoding=\"async\" class=\"aligncenter size-medium wp-image-1846\" title=\"illusacfille-2\" src=\"http:\/\/savemybrain.net\/v2\/wp-content\/uploads\/2009\/02\/illusacfille-2.jpg\" alt=\"\" width=\"500\" height=\"500\" srcset=\"https:\/\/www.savemybrain.net\/v2\/wp-content\/uploads\/2009\/02\/illusacfille-2.jpg 500w, https:\/\/www.savemybrain.net\/v2\/wp-content\/uploads\/2009\/02\/illusacfille-2-150x150.jpg 150w, https:\/\/www.savemybrain.net\/v2\/wp-content\/uploads\/2009\/02\/illusacfille-2-160x160.jpg 160w, https:\/\/www.savemybrain.net\/v2\/wp-content\/uploads\/2009\/02\/illusacfille-2-320x320.jpg 320w\" sizes=\"auto, (max-width: 500px) 100vw, 500px\" \/><\/p>\n<p align=\"justify\">Vous est-il d\u00e9j\u00e0 arriv\u00e9 de sortir quelques minutes, pour raccompagner quelqu&rsquo;un par exemple, sans prendre votre sac ? Non ? Et bien sortez nue, juste v\u00eatue d&rsquo;une tong -m\u00eame pas deux, et vous verrez l&rsquo;effet que \u00e7a fait. En plus d&rsquo;\u00eatre une situation tr\u00e8s peu confortable, vous vous sentez particuli\u00e8rement ridicule \u00e0 jouer de l&rsquo;\u00e9paule comme le font certains personnages de sc\u00e8ne politico t\u00e9l\u00e9visuelle ou \u00e0 ne pas savoir que faire de vos mains. Dans les poches, c&rsquo;est impoli. Si vous les mettez dans vos cheveux, ils graissent tellement qu&rsquo;on peut faire un plat frites-nuggets avec. Dans les oreilles, \u00e7a fait louche. Dans le nez, c&rsquo;est sale. Vous pouvez tout de m\u00eame essayer sous les bras si vous avez confiance en votre d\u00e9o.<\/p>\n<p align=\"justify\">Mais l\u00e0 n&rsquo;est pas le sujet puisque des sacs, vous en avez. Et vous n&rsquo;avez m\u00eame pas assez des bulbes de poils sur le mollet droit pour les compter. Pour preuve, \u00e0 chaque tentative d&rsquo;en extraire un de la pile sacr\u00e9e, une fermeture \u00e9clair, une anse, un crampon ou m\u00eame le sac entier semblent vouloir votre peau en vous tombant sur le coin du nez, ou du front, c&rsquo;est selon. Non, quand on aime ses sacs et qu&rsquo;on en a beaucoup, on ne les met pas en haut d&rsquo;une armoire, en vrac ; un sac, \u00e7a respire, \u00e7a vit et \u00e7a a besoin de son espace vital. Surtout qu&rsquo;un sac, on ne l&rsquo;ach\u00e8te pas comme on ach\u00e8terait un t-shirt noir col V pour mettre sous un pull l&rsquo;hiver. Vous l&rsquo;avez rep\u00e9r\u00e9, vous l&rsquo;avez achet\u00e9. Apr\u00e8s un temps -personnel- de r\u00e9flexion, mais c&rsquo;est souvent un achat non pr\u00e9m\u00e9dit\u00e9. Il est donc charg\u00e9 de sens, et c&rsquo;est certainement ce qui le diff\u00e9rencie de tous les autres.<\/p>\n<p align=\"justify\">Seulement, s&rsquo;il n&rsquo;\u00e9tait charg\u00e9 que de sens, \u00e7a se saurait. La mode \u00e9tant aux tr\u00e8s grands sacs, vous vous sentez une \u00e2me d&rsquo;escargot qui porte sa maison sur son dos. Enfin, pas sur le dos parce que c&rsquo;est has been, mais c&rsquo;\u00e9tait pour la rime. Le trio portable-portefeuille-clefs se comprend. Regardez comment fait chouchou, la vie parait tr\u00e8s simple quand on a les mains libres. Or, chouchou en question ne se cultive pas en lisant un bouquin dans le m\u00e9tro, n&rsquo;a jamais de r\u00e8gles douloureuses et n&rsquo;a donc pas besoin d&rsquo;une pharmacie miniature, ne note jamais ses rendez-vous et ne trimballe donc pas son agenda offert par cosmo\/glamour, ne voit pas toujours l&rsquo;utilit\u00e9 de changer de sous-v\u00eatements d&rsquo;un jour \u00e0 l&rsquo;autre et ne prom\u00e8ne pas de petite culotte propre dans la poche int\u00e9rieure. Et c&rsquo;est le premier \u00e0 rigoler quand vous vous d\u00e9menez pour trouver vos clefs. En attendant, quand il a besoin d&rsquo;un trombone pour une raison x ou y, il sait \u00e0 qui s&rsquo;adresser.<\/p>\n<p align=\"justify\">Alors amies Mary Poppins, d\u00e9culpabilisons. Oui, un jour les tickets de carte bleue qui tapissent le fond de nos sacs serviront \u00e0 quelque chose. Comment \u00e7a vous n&rsquo;avez jamais connu une p\u00e9nurie de Kleenex ?<\/p>\n<p align=\"justify\">P.S: Lectrice avertie ou nouvellement int\u00e9ress\u00e9e par la sauvegarde des cerveaux, sachez qu&rsquo;aujourd&rsquo;hui, c&rsquo;est l&rsquo;anniversaire de notre R\u00e9dac&rsquo; Chef ador\u00e9e et v\u00e9n\u00e9r\u00e9e ! Alors, \u00e0 vos claviers !<\/p>\n","protected":false},"excerpt":{"rendered":"<p>Ne soyez pas \u00e9tonn\u00e9es de l&rsquo;utilisation du singulier pour le terme sac, un sac pour une fille, c&rsquo;est avant tout un concept.<\/p>\n","protected":false},"author":100,"featured_media":1846,"comment_status":"open","ping_status":"open","sticky":false,"template":"","format":"standard","meta":{"_jetpack_memberships_contains_paid_content":false,"footnotes":""},"categories":[26,25],"tags":[534,281],"coauthors":[5416],"class_list":["post-1845","post","type-post","status-publish","format-standard","has-post-thumbnail","hentry","category-chroniques-ordinaires","category-chroniques-feminines-humeurs","tag-fille","tag-sac"],"yoast_head":"<!-- This site is optimized with the Yoast SEO plugin v27.2 - https:\/\/yoast.com\/product\/yoast-seo-wordpress\/ -->\n<title>Le sac des filles - Save my brain<\/title>\n<meta name=\"robots\" content=\"index, follow, max-snippet:-1, max-image-preview:large, max-video-preview:-1\" \/>\n<link rel=\"canonical\" href=\"https:\/\/www.savemybrain.net\/v2\/2009\/02\/26\/le-sac-des-filles-09401845\/\" \/>\n<meta property=\"og:locale\" content=\"fr_FR\" \/>\n<meta property=\"og:type\" content=\"article\" \/>\n<meta property=\"og:title\" content=\"Le sac des filles - Save my brain\" \/>\n<meta property=\"og:description\" content=\"Ne soyez pas \u00e9tonn\u00e9es de l&rsquo;utilisation du singulier pour le terme sac, un sac pour une fille, c&rsquo;est avant tout un concept.\" \/>\n<meta property=\"og:url\" content=\"https:\/\/www.savemybrain.net\/v2\/2009\/02\/26\/le-sac-des-filles-09401845\/\" \/>\n<meta property=\"og:site_name\" content=\"Save my brain\" \/>\n<meta property=\"article:published_time\" content=\"2009-02-26T08:40:36+00:00\" \/>\n<meta property=\"article:modified_time\" content=\"2011-10-16T19:22:53+00:00\" \/>\n<meta property=\"og:image\" content=\"https:\/\/www.savemybrain.net\/v2\/wp-content\/uploads\/2009\/02\/illusacfille-2.jpg\" \/>\n\t<meta property=\"og:image:width\" content=\"500\" \/>\n\t<meta property=\"og:image:height\" content=\"500\" \/>\n\t<meta property=\"og:image:type\" content=\"image\/jpeg\" \/>\n<meta name=\"author\" content=\"Margot\" \/>\n<meta name=\"twitter:card\" content=\"summary_large_image\" \/>\n<meta name=\"twitter:label1\" content=\"\u00c9crit par\" \/>\n\t<meta name=\"twitter:data1\" content=\"Margot\" \/>\n\t<meta name=\"twitter:label2\" content=\"Dur\u00e9e de lecture estim\u00e9e\" \/>\n\t<meta name=\"twitter:data2\" content=\"3 minutes\" \/>\n\t<meta name=\"twitter:label3\" content=\"Written by\" \/>\n\t<meta name=\"twitter:data3\" content=\"Margot\" \/>\n<script type=\"application\/ld+json\" class=\"yoast-schema-graph\">{\"@context\":\"https:\/\/schema.org\",\"@graph\":[{\"@type\":\"Article\",\"@id\":\"https:\/\/www.savemybrain.net\/v2\/2009\/02\/26\/le-sac-des-filles-09401845\/#article\",\"isPartOf\":{\"@id\":\"https:\/\/www.savemybrain.net\/v2\/2009\/02\/26\/le-sac-des-filles-09401845\/\"},\"author\":{\"name\":\"Margot\",\"@id\":\"https:\/\/www.savemybrain.net\/v2\/#\/schema\/person\/fb06254e7f1f78cd7db830c404fda9a6\"},\"headline\":\"Le sac des filles\",\"datePublished\":\"2009-02-26T08:40:36+00:00\",\"dateModified\":\"2011-10-16T19:22:53+00:00\",\"mainEntityOfPage\":{\"@id\":\"https:\/\/www.savemybrain.net\/v2\/2009\/02\/26\/le-sac-des-filles-09401845\/\"},\"wordCount\":573,\"commentCount\":5,\"image\":{\"@id\":\"https:\/\/www.savemybrain.net\/v2\/2009\/02\/26\/le-sac-des-filles-09401845\/#primaryimage\"},\"thumbnailUrl\":\"https:\/\/www.savemybrain.net\/v2\/wp-content\/uploads\/2009\/02\/illusacfille-2.jpg\",\"keywords\":[\"fille\",\"sac\"],\"articleSection\":[\"Chroniques ordinaires\",\"Humeurs\"],\"inLanguage\":\"fr-FR\",\"potentialAction\":[{\"@type\":\"CommentAction\",\"name\":\"Comment\",\"target\":[\"https:\/\/www.savemybrain.net\/v2\/2009\/02\/26\/le-sac-des-filles-09401845\/#respond\"]}]},{\"@type\":\"WebPage\",\"@id\":\"https:\/\/www.savemybrain.net\/v2\/2009\/02\/26\/le-sac-des-filles-09401845\/\",\"url\":\"https:\/\/www.savemybrain.net\/v2\/2009\/02\/26\/le-sac-des-filles-09401845\/\",\"name\":\"Le sac des filles - Save my brain\",\"isPartOf\":{\"@id\":\"https:\/\/www.savemybrain.net\/v2\/#website\"},\"primaryImageOfPage\":{\"@id\":\"https:\/\/www.savemybrain.net\/v2\/2009\/02\/26\/le-sac-des-filles-09401845\/#primaryimage\"},\"image\":{\"@id\":\"https:\/\/www.savemybrain.net\/v2\/2009\/02\/26\/le-sac-des-filles-09401845\/#primaryimage\"},\"thumbnailUrl\":\"https:\/\/www.savemybrain.net\/v2\/wp-content\/uploads\/2009\/02\/illusacfille-2.jpg\",\"datePublished\":\"2009-02-26T08:40:36+00:00\",\"dateModified\":\"2011-10-16T19:22:53+00:00\",\"author\":{\"@id\":\"https:\/\/www.savemybrain.net\/v2\/#\/schema\/person\/fb06254e7f1f78cd7db830c404fda9a6\"},\"inLanguage\":\"fr-FR\",\"potentialAction\":[{\"@type\":\"ReadAction\",\"target\":[\"https:\/\/www.savemybrain.net\/v2\/2009\/02\/26\/le-sac-des-filles-09401845\/\"]}]},{\"@type\":\"ImageObject\",\"inLanguage\":\"fr-FR\",\"@id\":\"https:\/\/www.savemybrain.net\/v2\/2009\/02\/26\/le-sac-des-filles-09401845\/#primaryimage\",\"url\":\"https:\/\/www.savemybrain.net\/v2\/wp-content\/uploads\/2009\/02\/illusacfille-2.jpg\",\"contentUrl\":\"https:\/\/www.savemybrain.net\/v2\/wp-content\/uploads\/2009\/02\/illusacfille-2.jpg\",\"width\":500,\"height\":500},{\"@type\":\"WebSite\",\"@id\":\"https:\/\/www.savemybrain.net\/v2\/#website\",\"url\":\"https:\/\/www.savemybrain.net\/v2\/\",\"name\":\"Save my brain\",\"description\":\"Magazine lifestyle et culturel (depuis 2007)\",\"potentialAction\":[{\"@type\":\"SearchAction\",\"target\":{\"@type\":\"EntryPoint\",\"urlTemplate\":\"https:\/\/www.savemybrain.net\/v2\/?s={search_term_string}\"},\"query-input\":{\"@type\":\"PropertyValueSpecification\",\"valueRequired\":true,\"valueName\":\"search_term_string\"}}],\"inLanguage\":\"fr-FR\"},{\"@type\":\"Person\",\"@id\":\"https:\/\/www.savemybrain.net\/v2\/#\/schema\/person\/fb06254e7f1f78cd7db830c404fda9a6\",\"name\":\"Margot\",\"url\":\"https:\/\/www.savemybrain.net\/v2\/author\/margot\/\"}]}<\/script>\n<!-- \/ Yoast SEO plugin. -->","yoast_head_json":{"title":"Le sac des filles - Save my brain","robots":{"index":"index","follow":"follow","max-snippet":"max-snippet:-1","max-image-preview":"max-image-preview:large","max-video-preview":"max-video-preview:-1"},"canonical":"https:\/\/www.savemybrain.net\/v2\/2009\/02\/26\/le-sac-des-filles-09401845\/","og_locale":"fr_FR","og_type":"article","og_title":"Le sac des filles - Save my brain","og_description":"Ne soyez pas \u00e9tonn\u00e9es de l&rsquo;utilisation du singulier pour le terme sac, un sac pour une fille, c&rsquo;est avant tout un concept.","og_url":"https:\/\/www.savemybrain.net\/v2\/2009\/02\/26\/le-sac-des-filles-09401845\/","og_site_name":"Save my brain","article_published_time":"2009-02-26T08:40:36+00:00","article_modified_time":"2011-10-16T19:22:53+00:00","og_image":[{"width":500,"height":500,"url":"https:\/\/www.savemybrain.net\/v2\/wp-content\/uploads\/2009\/02\/illusacfille-2.jpg","type":"image\/jpeg"}],"author":"Margot","twitter_card":"summary_large_image","twitter_misc":{"\u00c9crit par":"Margot","Dur\u00e9e de lecture estim\u00e9e":"3 minutes","Written by":"Margot"},"schema":{"@context":"https:\/\/schema.org","@graph":[{"@type":"Article","@id":"https:\/\/www.savemybrain.net\/v2\/2009\/02\/26\/le-sac-des-filles-09401845\/#article","isPartOf":{"@id":"https:\/\/www.savemybrain.net\/v2\/2009\/02\/26\/le-sac-des-filles-09401845\/"},"author":{"name":"Margot","@id":"https:\/\/www.savemybrain.net\/v2\/#\/schema\/person\/fb06254e7f1f78cd7db830c404fda9a6"},"headline":"Le sac des filles","datePublished":"2009-02-26T08:40:36+00:00","dateModified":"2011-10-16T19:22:53+00:00","mainEntityOfPage":{"@id":"https:\/\/www.savemybrain.net\/v2\/2009\/02\/26\/le-sac-des-filles-09401845\/"},"wordCount":573,"commentCount":5,"image":{"@id":"https:\/\/www.savemybrain.net\/v2\/2009\/02\/26\/le-sac-des-filles-09401845\/#primaryimage"},"thumbnailUrl":"https:\/\/www.savemybrain.net\/v2\/wp-content\/uploads\/2009\/02\/illusacfille-2.jpg","keywords":["fille","sac"],"articleSection":["Chroniques ordinaires","Humeurs"],"inLanguage":"fr-FR","potentialAction":[{"@type":"CommentAction","name":"Comment","target":["https:\/\/www.savemybrain.net\/v2\/2009\/02\/26\/le-sac-des-filles-09401845\/#respond"]}]},{"@type":"WebPage","@id":"https:\/\/www.savemybrain.net\/v2\/2009\/02\/26\/le-sac-des-filles-09401845\/","url":"https:\/\/www.savemybrain.net\/v2\/2009\/02\/26\/le-sac-des-filles-09401845\/","name":"Le sac des filles - Save my brain","isPartOf":{"@id":"https:\/\/www.savemybrain.net\/v2\/#website"},"primaryImageOfPage":{"@id":"https:\/\/www.savemybrain.net\/v2\/2009\/02\/26\/le-sac-des-filles-09401845\/#primaryimage"},"image":{"@id":"https:\/\/www.savemybrain.net\/v2\/2009\/02\/26\/le-sac-des-filles-09401845\/#primaryimage"},"thumbnailUrl":"https:\/\/www.savemybrain.net\/v2\/wp-content\/uploads\/2009\/02\/illusacfille-2.jpg","datePublished":"2009-02-26T08:40:36+00:00","dateModified":"2011-10-16T19:22:53+00:00","author":{"@id":"https:\/\/www.savemybrain.net\/v2\/#\/schema\/person\/fb06254e7f1f78cd7db830c404fda9a6"},"inLanguage":"fr-FR","potentialAction":[{"@type":"ReadAction","target":["https:\/\/www.savemybrain.net\/v2\/2009\/02\/26\/le-sac-des-filles-09401845\/"]}]},{"@type":"ImageObject","inLanguage":"fr-FR","@id":"https:\/\/www.savemybrain.net\/v2\/2009\/02\/26\/le-sac-des-filles-09401845\/#primaryimage","url":"https:\/\/www.savemybrain.net\/v2\/wp-content\/uploads\/2009\/02\/illusacfille-2.jpg","contentUrl":"https:\/\/www.savemybrain.net\/v2\/wp-content\/uploads\/2009\/02\/illusacfille-2.jpg","width":500,"height":500},{"@type":"WebSite","@id":"https:\/\/www.savemybrain.net\/v2\/#website","url":"https:\/\/www.savemybrain.net\/v2\/","name":"Save my brain","description":"Magazine lifestyle et culturel (depuis 2007)","potentialAction":[{"@type":"SearchAction","target":{"@type":"EntryPoint","urlTemplate":"https:\/\/www.savemybrain.net\/v2\/?s={search_term_string}"},"query-input":{"@type":"PropertyValueSpecification","valueRequired":true,"valueName":"search_term_string"}}],"inLanguage":"fr-FR"},{"@type":"Person","@id":"https:\/\/www.savemybrain.net\/v2\/#\/schema\/person\/fb06254e7f1f78cd7db830c404fda9a6","name":"Margot","url":"https:\/\/www.savemybrain.net\/v2\/author\/margot\/"}]}},"jetpack_featured_media_url":"https:\/\/www.savemybrain.net\/v2\/wp-content\/uploads\/2009\/02\/illusacfille-2.jpg","jetpack_sharing_enabled":true,"_links":{"self":[{"href":"https:\/\/www.savemybrain.net\/v2\/wp-json\/wp\/v2\/posts\/1845","targetHints":{"allow":["GET"]}}],"collection":[{"href":"https:\/\/www.savemybrain.net\/v2\/wp-json\/wp\/v2\/posts"}],"about":[{"href":"https:\/\/www.savemybrain.net\/v2\/wp-json\/wp\/v2\/types\/post"}],"author":[{"embeddable":true,"href":"https:\/\/www.savemybrain.net\/v2\/wp-json\/wp\/v2\/users\/100"}],"replies":[{"embeddable":true,"href":"https:\/\/www.savemybrain.net\/v2\/wp-json\/wp\/v2\/comments?post=1845"}],"version-history":[{"count":0,"href":"https:\/\/www.savemybrain.net\/v2\/wp-json\/wp\/v2\/posts\/1845\/revisions"}],"wp:featuredmedia":[{"embeddable":true,"href":"https:\/\/www.savemybrain.net\/v2\/wp-json\/wp\/v2\/media\/1846"}],"wp:attachment":[{"href":"https:\/\/www.savemybrain.net\/v2\/wp-json\/wp\/v2\/media?parent=1845"}],"wp:term":[{"taxonomy":"category","embeddable":true,"href":"https:\/\/www.savemybrain.net\/v2\/wp-json\/wp\/v2\/categories?post=1845"},{"taxonomy":"post_tag","embeddable":true,"href":"https:\/\/www.savemybrain.net\/v2\/wp-json\/wp\/v2\/tags?post=1845"},{"taxonomy":"author","embeddable":true,"href":"https:\/\/www.savemybrain.net\/v2\/wp-json\/wp\/v2\/coauthors?post=1845"}],"curies":[{"name":"wp","href":"https:\/\/api.w.org\/{rel}","templated":true}]}}