{"id":17955,"date":"2012-06-22T20:00:15","date_gmt":"2012-06-22T18:00:15","guid":{"rendered":"http:\/\/savemybrain.net\/v2\/?p=17955"},"modified":"2012-06-26T21:37:19","modified_gmt":"2012-06-26T19:37:19","slug":"le-braquage-toulousain","status":"publish","type":"post","link":"https:\/\/www.savemybrain.net\/v2\/2012\/06\/22\/le-braquage-toulousain-200017955\/","title":{"rendered":"Le braquage toulousain"},"content":{"rendered":"<p>Mercredi 20 Juin, la plupart des \u00e9tudiants passaient le baccalaur\u00e9at. Sujet r\u00e9current pour les m\u00e9dias qui, comme chaque ann\u00e9e, nous rab\u00e2chent le sujet. Seulement, ce mercredi 20 Juin 2012, tous les m\u00e9dias n&rsquo;ont parl\u00e9 que d&rsquo;un seul sujet\u00a0: La prise d&rsquo;otage dans une banque toulousaine.<!--more--><\/p>\n<p><img loading=\"lazy\" decoding=\"async\" class=\"aligncenter size-medium wp-image-17976\" title=\"Banque CIC Toulouse\" src=\"http:\/\/savemybrain.net\/v2\/wp-content\/uploads\/2012\/06\/1722044_3_da74_la-succursale-de-la-cic-ou-a-eu-lieu-l-assaut_ac569122b5c09b8bc1661b4f04b5e0ad-500x250.jpg\" alt=\"\" width=\"500\" height=\"250\" srcset=\"https:\/\/www.savemybrain.net\/v2\/wp-content\/uploads\/2012\/06\/1722044_3_da74_la-succursale-de-la-cic-ou-a-eu-lieu-l-assaut_ac569122b5c09b8bc1661b4f04b5e0ad-500x250.jpg 500w, https:\/\/www.savemybrain.net\/v2\/wp-content\/uploads\/2012\/06\/1722044_3_da74_la-succursale-de-la-cic-ou-a-eu-lieu-l-assaut_ac569122b5c09b8bc1661b4f04b5e0ad.jpg 540w\" sizes=\"auto, (max-width: 500px) 100vw, 500px\" \/><\/p>\n<p>Mercredi, aux alentours de 11 heures, un homme, Fethi Boumaza, 26 ans, rentre dans la banque CIC du quartier de la C\u00f4te Pav\u00e9e. Il aurait dans un premier temps r\u00e9clam\u00e9 de l&rsquo;argent mais comme personne ne le prenait au s\u00e9rieux, l&rsquo;homme aurait ensuite sorti son arme et pris en guise d&rsquo;otages 4 employ\u00e9s de la banque. Deux heures plus tard, le Groupe d&rsquo;Intervention de la Police Nationale (GIPN) est arriv\u00e9 sur les lieux. Le quartier, d&rsquo;ordinaire calme, a tr\u00e8s vite \u00e9t\u00e9 \u00e9vacu\u00e9 et la police arrive \u00e0 prendre contact avec l&rsquo;agresseur. Suite au dialogue, un premier otage a \u00e9t\u00e9 lib\u00e9r\u00e9 \u00e0 14h40, puis un second aux alentours de 16 heures. \u00c0 16h45, l&rsquo;assaut du GIPN est lanc\u00e9 et, quinze minutes plus tard, apr\u00e8s une s\u00e9rie de coup de feu, Fethi Boumaza, bless\u00e9 \u00e0 la cuisse, est arr\u00eat\u00e9. Il a ensuite \u00e9t\u00e9 transport\u00e9 \u00e0 l\u2019h\u00f4pital le plus proche sous la surveillance de la police.<\/p>\n<p>L&rsquo;histoire aurait pu s&rsquo;arr\u00eater l\u00e0, mais certains points de cette histoire m\u00e9ritent qu&rsquo;on s&rsquo;attarde un peu dessus. Dans un premier temps, le braqueur \u00e9tait connu pour \u00eatre schizophr\u00e8ne et il fr\u00e9quentait souvent l&rsquo;h\u00f4pital Marchant, en particulier le service psychiatrique, mais il \u00e9tait en rupture de traitement. Sa s\u0153ur elle-m\u00eame avait d\u00e9clar\u00e9 \u00e0 la police qu&rsquo;il avait des troubles mentaux. On pourrait alors croire que c&rsquo;est le refus lorsqu&rsquo;il demandait de l&rsquo;argent qui l&rsquo;aurait contrari\u00e9 et l&rsquo;aurait pouss\u00e9 \u00e0 agir de la sorte. Cependant, lors du dialogue par t\u00e9l\u00e9phone avec la police, le forcen\u00e9 aurait d\u00e9clar\u00e9 ne pas avoir agi pour l&rsquo;argent et qu&rsquo;en plus il se d\u00e9clarait appartenir au groupe Al-Qa\u00efda.<\/p>\n<p>Lors de la prise d&rsquo;otage, Fethi Boumaza a d\u00e9clar\u00e9 vouloir parler aux membres du Raid qui \u00e9taient intervenus en mars et qui avaient tu\u00e9 Mohamed Merah, l&rsquo;homme responsable des tueries de Toulouse et Montauban, lui m\u00eame agissant pour le compte d&rsquo;Al-Qa\u00efda. Ajoutons \u00e0 cela le fait que ces \u00e9v\u00e8nements ont eu lieu dans une banque CIC qui se trouve \u00e0 une rue de l\u00e0 o\u00f9 avait \u00e9t\u00e9 tu\u00e9 Merah. Les liens du braqueur avec le groupe terroriste et le tueur semblent flous pour les policiers tout comme pour le procureur. Cela ressemble plus \u00e0 un braquage rat\u00e9 qu&rsquo;\u00e0 un acte terroriste selon eux. La s\u0153ur de Fethi Boumaza, quant \u00e0 elle, affirme que son fr\u00e8re est un musulman certes, mais pas un int\u00e9griste avant d&rsquo;expliquer\u00a0: \u00abNous sommes sortis en bo\u00eete, nous avons bu de l&rsquo;alcool\u00bb .<\/p>\n<p>Du c\u00f4t\u00e9 des policiers, le pr\u00e9sident de la R\u00e9publique a f\u00e9licit\u00e9 leur sang-froid ainsi que leur efficacit\u00e9, \u00e0 savoir la rapidit\u00e9 de l&rsquo;assaut final et le fait qu&rsquo;il n&rsquo;y ait eu aucune victime. Cependant, Fethi Boumaza, \u00e9tait-il vraiment dangereux\u00a0? Lors de la prise d&rsquo;otage, il n&rsquo;a tir\u00e9 que pour se d\u00e9fendre.. avec un pistolet qui contenait des balles en caoutchouc. Il ne sera donc pas jug\u00e9 pour tentative de meutre, mais pour violence avec arme sur un agent de police.<\/p>\n","protected":false},"excerpt":{"rendered":"<p>Mercredi 20 Juin, la plupart des \u00e9tudiants passaient le baccalaur\u00e9at. Sujet r\u00e9current pour les m\u00e9dias qui, comme chaque ann\u00e9e, nous rab\u00e2chent le sujet. Seulement, ce mercredi 20 Juin 2012, tous les m\u00e9dias n&rsquo;ont parl\u00e9 que d&rsquo;un seul sujet\u00a0: La prise d&rsquo;otage dans une banque toulousaine.<\/p>\n","protected":false},"author":70,"featured_media":17976,"comment_status":"open","ping_status":"closed","sticky":false,"template":"","format":"standard","meta":{"_jetpack_memberships_contains_paid_content":false,"footnotes":""},"categories":[2850],"tags":[],"coauthors":[3714],"class_list":["post-17955","post","type-post","status-publish","format-standard","has-post-thumbnail","hentry","category-brainstorming"],"yoast_head":"<!-- This site is optimized with the Yoast SEO plugin v27.2 - https:\/\/yoast.com\/product\/yoast-seo-wordpress\/ -->\n<title>Le braquage toulousain - Save my brain<\/title>\n<meta name=\"robots\" content=\"index, follow, max-snippet:-1, max-image-preview:large, max-video-preview:-1\" \/>\n<link rel=\"canonical\" href=\"https:\/\/www.savemybrain.net\/v2\/2012\/06\/22\/le-braquage-toulousain-200017955\/\" \/>\n<meta property=\"og:locale\" content=\"fr_FR\" \/>\n<meta property=\"og:type\" content=\"article\" \/>\n<meta property=\"og:title\" content=\"Le braquage toulousain - Save my brain\" \/>\n<meta property=\"og:description\" content=\"Mercredi 20 Juin, la plupart des \u00e9tudiants passaient le baccalaur\u00e9at. Sujet r\u00e9current pour les m\u00e9dias qui, comme chaque ann\u00e9e, nous rab\u00e2chent le sujet. Seulement, ce mercredi 20 Juin 2012, tous les m\u00e9dias n&rsquo;ont parl\u00e9 que d&rsquo;un seul sujet\u00a0: La prise d&rsquo;otage dans une banque toulousaine.\" \/>\n<meta property=\"og:url\" content=\"https:\/\/www.savemybrain.net\/v2\/2012\/06\/22\/le-braquage-toulousain-200017955\/\" \/>\n<meta property=\"og:site_name\" content=\"Save my brain\" \/>\n<meta property=\"article:published_time\" content=\"2012-06-22T18:00:15+00:00\" \/>\n<meta property=\"article:modified_time\" content=\"2012-06-26T19:37:19+00:00\" \/>\n<meta property=\"og:image\" content=\"https:\/\/www.savemybrain.net\/v2\/wp-content\/uploads\/2012\/06\/1722044_3_da74_la-succursale-de-la-cic-ou-a-eu-lieu-l-assaut_ac569122b5c09b8bc1661b4f04b5e0ad.jpg\" \/>\n\t<meta property=\"og:image:width\" content=\"540\" \/>\n\t<meta property=\"og:image:height\" content=\"270\" \/>\n\t<meta property=\"og:image:type\" content=\"image\/jpeg\" \/>\n<meta name=\"author\" content=\"Olivier Raimond\" \/>\n<meta name=\"twitter:card\" content=\"summary_large_image\" \/>\n<meta name=\"twitter:label1\" content=\"\u00c9crit par\" \/>\n\t<meta name=\"twitter:data1\" content=\"Olivier Raimond\" \/>\n\t<meta name=\"twitter:label2\" content=\"Dur\u00e9e de lecture estim\u00e9e\" \/>\n\t<meta name=\"twitter:data2\" content=\"3 minutes\" \/>\n\t<meta name=\"twitter:label3\" content=\"Written by\" \/>\n\t<meta name=\"twitter:data3\" content=\"Olivier Raimond\" \/>\n<script type=\"application\/ld+json\" class=\"yoast-schema-graph\">{\"@context\":\"https:\/\/schema.org\",\"@graph\":[{\"@type\":\"Article\",\"@id\":\"https:\/\/www.savemybrain.net\/v2\/2012\/06\/22\/le-braquage-toulousain-200017955\/#article\",\"isPartOf\":{\"@id\":\"https:\/\/www.savemybrain.net\/v2\/2012\/06\/22\/le-braquage-toulousain-200017955\/\"},\"author\":{\"name\":\"Olivier Raimond\",\"@id\":\"https:\/\/www.savemybrain.net\/v2\/#\/schema\/person\/4e458090a599be0fb5d0cac94d0ecb53\"},\"headline\":\"Le braquage toulousain\",\"datePublished\":\"2012-06-22T18:00:15+00:00\",\"dateModified\":\"2012-06-26T19:37:19+00:00\",\"mainEntityOfPage\":{\"@id\":\"https:\/\/www.savemybrain.net\/v2\/2012\/06\/22\/le-braquage-toulousain-200017955\/\"},\"wordCount\":552,\"commentCount\":0,\"image\":{\"@id\":\"https:\/\/www.savemybrain.net\/v2\/2012\/06\/22\/le-braquage-toulousain-200017955\/#primaryimage\"},\"thumbnailUrl\":\"https:\/\/www.savemybrain.net\/v2\/wp-content\/uploads\/2012\/06\/1722044_3_da74_la-succursale-de-la-cic-ou-a-eu-lieu-l-assaut_ac569122b5c09b8bc1661b4f04b5e0ad.jpg\",\"articleSection\":[\"Brainstorming\"],\"inLanguage\":\"fr-FR\",\"potentialAction\":[{\"@type\":\"CommentAction\",\"name\":\"Comment\",\"target\":[\"https:\/\/www.savemybrain.net\/v2\/2012\/06\/22\/le-braquage-toulousain-200017955\/#respond\"]}]},{\"@type\":\"WebPage\",\"@id\":\"https:\/\/www.savemybrain.net\/v2\/2012\/06\/22\/le-braquage-toulousain-200017955\/\",\"url\":\"https:\/\/www.savemybrain.net\/v2\/2012\/06\/22\/le-braquage-toulousain-200017955\/\",\"name\":\"Le braquage toulousain - Save my brain\",\"isPartOf\":{\"@id\":\"https:\/\/www.savemybrain.net\/v2\/#website\"},\"primaryImageOfPage\":{\"@id\":\"https:\/\/www.savemybrain.net\/v2\/2012\/06\/22\/le-braquage-toulousain-200017955\/#primaryimage\"},\"image\":{\"@id\":\"https:\/\/www.savemybrain.net\/v2\/2012\/06\/22\/le-braquage-toulousain-200017955\/#primaryimage\"},\"thumbnailUrl\":\"https:\/\/www.savemybrain.net\/v2\/wp-content\/uploads\/2012\/06\/1722044_3_da74_la-succursale-de-la-cic-ou-a-eu-lieu-l-assaut_ac569122b5c09b8bc1661b4f04b5e0ad.jpg\",\"datePublished\":\"2012-06-22T18:00:15+00:00\",\"dateModified\":\"2012-06-26T19:37:19+00:00\",\"author\":{\"@id\":\"https:\/\/www.savemybrain.net\/v2\/#\/schema\/person\/4e458090a599be0fb5d0cac94d0ecb53\"},\"inLanguage\":\"fr-FR\",\"potentialAction\":[{\"@type\":\"ReadAction\",\"target\":[\"https:\/\/www.savemybrain.net\/v2\/2012\/06\/22\/le-braquage-toulousain-200017955\/\"]}]},{\"@type\":\"ImageObject\",\"inLanguage\":\"fr-FR\",\"@id\":\"https:\/\/www.savemybrain.net\/v2\/2012\/06\/22\/le-braquage-toulousain-200017955\/#primaryimage\",\"url\":\"https:\/\/www.savemybrain.net\/v2\/wp-content\/uploads\/2012\/06\/1722044_3_da74_la-succursale-de-la-cic-ou-a-eu-lieu-l-assaut_ac569122b5c09b8bc1661b4f04b5e0ad.jpg\",\"contentUrl\":\"https:\/\/www.savemybrain.net\/v2\/wp-content\/uploads\/2012\/06\/1722044_3_da74_la-succursale-de-la-cic-ou-a-eu-lieu-l-assaut_ac569122b5c09b8bc1661b4f04b5e0ad.jpg\",\"width\":540,\"height\":270},{\"@type\":\"WebSite\",\"@id\":\"https:\/\/www.savemybrain.net\/v2\/#website\",\"url\":\"https:\/\/www.savemybrain.net\/v2\/\",\"name\":\"Save my brain\",\"description\":\"Magazine lifestyle et culturel (depuis 2007)\",\"potentialAction\":[{\"@type\":\"SearchAction\",\"target\":{\"@type\":\"EntryPoint\",\"urlTemplate\":\"https:\/\/www.savemybrain.net\/v2\/?s={search_term_string}\"},\"query-input\":{\"@type\":\"PropertyValueSpecification\",\"valueRequired\":true,\"valueName\":\"search_term_string\"}}],\"inLanguage\":\"fr-FR\"},{\"@type\":\"Person\",\"@id\":\"https:\/\/www.savemybrain.net\/v2\/#\/schema\/person\/4e458090a599be0fb5d0cac94d0ecb53\",\"name\":\"Olivier Raimond\",\"url\":\"https:\/\/www.savemybrain.net\/v2\/author\/olivierraimond\/\"}]}<\/script>\n<!-- \/ Yoast SEO plugin. -->","yoast_head_json":{"title":"Le braquage toulousain - Save my brain","robots":{"index":"index","follow":"follow","max-snippet":"max-snippet:-1","max-image-preview":"max-image-preview:large","max-video-preview":"max-video-preview:-1"},"canonical":"https:\/\/www.savemybrain.net\/v2\/2012\/06\/22\/le-braquage-toulousain-200017955\/","og_locale":"fr_FR","og_type":"article","og_title":"Le braquage toulousain - Save my brain","og_description":"Mercredi 20 Juin, la plupart des \u00e9tudiants passaient le baccalaur\u00e9at. Sujet r\u00e9current pour les m\u00e9dias qui, comme chaque ann\u00e9e, nous rab\u00e2chent le sujet. Seulement, ce mercredi 20 Juin 2012, tous les m\u00e9dias n&rsquo;ont parl\u00e9 que d&rsquo;un seul sujet\u00a0: La prise d&rsquo;otage dans une banque toulousaine.","og_url":"https:\/\/www.savemybrain.net\/v2\/2012\/06\/22\/le-braquage-toulousain-200017955\/","og_site_name":"Save my brain","article_published_time":"2012-06-22T18:00:15+00:00","article_modified_time":"2012-06-26T19:37:19+00:00","og_image":[{"width":540,"height":270,"url":"https:\/\/www.savemybrain.net\/v2\/wp-content\/uploads\/2012\/06\/1722044_3_da74_la-succursale-de-la-cic-ou-a-eu-lieu-l-assaut_ac569122b5c09b8bc1661b4f04b5e0ad.jpg","type":"image\/jpeg"}],"author":"Olivier Raimond","twitter_card":"summary_large_image","twitter_misc":{"\u00c9crit par":"Olivier Raimond","Dur\u00e9e de lecture estim\u00e9e":"3 minutes","Written by":"Olivier Raimond"},"schema":{"@context":"https:\/\/schema.org","@graph":[{"@type":"Article","@id":"https:\/\/www.savemybrain.net\/v2\/2012\/06\/22\/le-braquage-toulousain-200017955\/#article","isPartOf":{"@id":"https:\/\/www.savemybrain.net\/v2\/2012\/06\/22\/le-braquage-toulousain-200017955\/"},"author":{"name":"Olivier Raimond","@id":"https:\/\/www.savemybrain.net\/v2\/#\/schema\/person\/4e458090a599be0fb5d0cac94d0ecb53"},"headline":"Le braquage toulousain","datePublished":"2012-06-22T18:00:15+00:00","dateModified":"2012-06-26T19:37:19+00:00","mainEntityOfPage":{"@id":"https:\/\/www.savemybrain.net\/v2\/2012\/06\/22\/le-braquage-toulousain-200017955\/"},"wordCount":552,"commentCount":0,"image":{"@id":"https:\/\/www.savemybrain.net\/v2\/2012\/06\/22\/le-braquage-toulousain-200017955\/#primaryimage"},"thumbnailUrl":"https:\/\/www.savemybrain.net\/v2\/wp-content\/uploads\/2012\/06\/1722044_3_da74_la-succursale-de-la-cic-ou-a-eu-lieu-l-assaut_ac569122b5c09b8bc1661b4f04b5e0ad.jpg","articleSection":["Brainstorming"],"inLanguage":"fr-FR","potentialAction":[{"@type":"CommentAction","name":"Comment","target":["https:\/\/www.savemybrain.net\/v2\/2012\/06\/22\/le-braquage-toulousain-200017955\/#respond"]}]},{"@type":"WebPage","@id":"https:\/\/www.savemybrain.net\/v2\/2012\/06\/22\/le-braquage-toulousain-200017955\/","url":"https:\/\/www.savemybrain.net\/v2\/2012\/06\/22\/le-braquage-toulousain-200017955\/","name":"Le braquage toulousain - Save my brain","isPartOf":{"@id":"https:\/\/www.savemybrain.net\/v2\/#website"},"primaryImageOfPage":{"@id":"https:\/\/www.savemybrain.net\/v2\/2012\/06\/22\/le-braquage-toulousain-200017955\/#primaryimage"},"image":{"@id":"https:\/\/www.savemybrain.net\/v2\/2012\/06\/22\/le-braquage-toulousain-200017955\/#primaryimage"},"thumbnailUrl":"https:\/\/www.savemybrain.net\/v2\/wp-content\/uploads\/2012\/06\/1722044_3_da74_la-succursale-de-la-cic-ou-a-eu-lieu-l-assaut_ac569122b5c09b8bc1661b4f04b5e0ad.jpg","datePublished":"2012-06-22T18:00:15+00:00","dateModified":"2012-06-26T19:37:19+00:00","author":{"@id":"https:\/\/www.savemybrain.net\/v2\/#\/schema\/person\/4e458090a599be0fb5d0cac94d0ecb53"},"inLanguage":"fr-FR","potentialAction":[{"@type":"ReadAction","target":["https:\/\/www.savemybrain.net\/v2\/2012\/06\/22\/le-braquage-toulousain-200017955\/"]}]},{"@type":"ImageObject","inLanguage":"fr-FR","@id":"https:\/\/www.savemybrain.net\/v2\/2012\/06\/22\/le-braquage-toulousain-200017955\/#primaryimage","url":"https:\/\/www.savemybrain.net\/v2\/wp-content\/uploads\/2012\/06\/1722044_3_da74_la-succursale-de-la-cic-ou-a-eu-lieu-l-assaut_ac569122b5c09b8bc1661b4f04b5e0ad.jpg","contentUrl":"https:\/\/www.savemybrain.net\/v2\/wp-content\/uploads\/2012\/06\/1722044_3_da74_la-succursale-de-la-cic-ou-a-eu-lieu-l-assaut_ac569122b5c09b8bc1661b4f04b5e0ad.jpg","width":540,"height":270},{"@type":"WebSite","@id":"https:\/\/www.savemybrain.net\/v2\/#website","url":"https:\/\/www.savemybrain.net\/v2\/","name":"Save my brain","description":"Magazine lifestyle et culturel (depuis 2007)","potentialAction":[{"@type":"SearchAction","target":{"@type":"EntryPoint","urlTemplate":"https:\/\/www.savemybrain.net\/v2\/?s={search_term_string}"},"query-input":{"@type":"PropertyValueSpecification","valueRequired":true,"valueName":"search_term_string"}}],"inLanguage":"fr-FR"},{"@type":"Person","@id":"https:\/\/www.savemybrain.net\/v2\/#\/schema\/person\/4e458090a599be0fb5d0cac94d0ecb53","name":"Olivier Raimond","url":"https:\/\/www.savemybrain.net\/v2\/author\/olivierraimond\/"}]}},"jetpack_featured_media_url":"https:\/\/www.savemybrain.net\/v2\/wp-content\/uploads\/2012\/06\/1722044_3_da74_la-succursale-de-la-cic-ou-a-eu-lieu-l-assaut_ac569122b5c09b8bc1661b4f04b5e0ad.jpg","jetpack_sharing_enabled":true,"_links":{"self":[{"href":"https:\/\/www.savemybrain.net\/v2\/wp-json\/wp\/v2\/posts\/17955","targetHints":{"allow":["GET"]}}],"collection":[{"href":"https:\/\/www.savemybrain.net\/v2\/wp-json\/wp\/v2\/posts"}],"about":[{"href":"https:\/\/www.savemybrain.net\/v2\/wp-json\/wp\/v2\/types\/post"}],"author":[{"embeddable":true,"href":"https:\/\/www.savemybrain.net\/v2\/wp-json\/wp\/v2\/users\/70"}],"replies":[{"embeddable":true,"href":"https:\/\/www.savemybrain.net\/v2\/wp-json\/wp\/v2\/comments?post=17955"}],"version-history":[{"count":0,"href":"https:\/\/www.savemybrain.net\/v2\/wp-json\/wp\/v2\/posts\/17955\/revisions"}],"wp:featuredmedia":[{"embeddable":true,"href":"https:\/\/www.savemybrain.net\/v2\/wp-json\/wp\/v2\/media\/17976"}],"wp:attachment":[{"href":"https:\/\/www.savemybrain.net\/v2\/wp-json\/wp\/v2\/media?parent=17955"}],"wp:term":[{"taxonomy":"category","embeddable":true,"href":"https:\/\/www.savemybrain.net\/v2\/wp-json\/wp\/v2\/categories?post=17955"},{"taxonomy":"post_tag","embeddable":true,"href":"https:\/\/www.savemybrain.net\/v2\/wp-json\/wp\/v2\/tags?post=17955"},{"taxonomy":"author","embeddable":true,"href":"https:\/\/www.savemybrain.net\/v2\/wp-json\/wp\/v2\/coauthors?post=17955"}],"curies":[{"name":"wp","href":"https:\/\/api.w.org\/{rel}","templated":true}]}}