{"id":16912,"date":"2012-03-04T18:00:10","date_gmt":"2012-03-04T17:00:10","guid":{"rendered":"http:\/\/savemybrain.net\/v2\/?p=16912"},"modified":"2012-03-04T15:10:54","modified_gmt":"2012-03-04T14:10:54","slug":"les-fatals-picards-au-cabaret-sauvage","status":"publish","type":"post","link":"https:\/\/www.savemybrain.net\/v2\/2012\/03\/04\/les-fatals-picards-au-cabaret-sauvage-180016912\/","title":{"rendered":"Les Fatals Picards au Cabaret Sauvage"},"content":{"rendered":"<p>Mardi 28 f\u00e9vrier 2012, 19h30, Parc de la Villette, Cabaret Sauvage.<!--more--><\/p>\n<p><img loading=\"lazy\" decoding=\"async\" class=\"aligncenter size-medium wp-image-16913\" title=\"Les Fatals Picards au Cabaret Sauvage\" src=\"http:\/\/savemybrain.net\/v2\/wp-content\/uploads\/2012\/03\/fatals-picards-concert-500x221.jpg\" alt=\"\" width=\"500\" height=\"221\" \/><\/p>\n<p>Devant la salle de concert se dresse une file d\u2019attente assez impressionnante, qui pourrait en faire fuir plus d\u2019un. Et pourtant la foule n\u2019en d\u00e9mord pas, elle reste l\u00e0, empreinte d\u2019un doux m\u00e9lange de patience et d\u2019impatience. Hormis le nombre de personnes pr\u00e9sentes, on ne manque pas de remarquer la diversit\u00e9 du public rassembl\u00e9. Familles au complet, adolescents, trentenaires, quadra motiv\u00e9s et au del\u00e0. Mais qui peut brasser une foule aussi nombreuse et diversifi\u00e9e ? Il s\u2019agit d\u2019un groupe que l\u2019on connait bien \u00e0 Save My Brain, un groupe qui depuis plusieurs ann\u00e9es rempli les plus grandes salles de France et de Navarre, sans pour autant b\u00e9n\u00e9ficier d\u2019une grande couverture m\u00e9diatique: Les <a href=\"http:\/\/savemybrain.net\/v2\/tag\/fatals-picards\/\">Fatals Picards<\/a>. Les \u00abFatals\u00bb n\u2019ont pas besoin de cela, hormis quelques buzz comme la chanson sur la <a href=\"http:\/\/savemybrain.net\/v2\/2009\/01\/11\/les-fatals-picards-le-jour-de-la-mort-de-johnny\/\">mort de Johnny<\/a> ou leur participation \u00e0 l\u2019Eurovision, ils se sont forg\u00e9s une r\u00e9putation de b\u00eates de sc\u00e8ne au fil de leurs nombreux concerts, partout dans l\u2019hexagone mais aussi en Belgique et au Qu\u00e9bec.<\/p>\n<p>Forts de leur dernier album <a href=\"http:\/\/savemybrain.net\/v2\/2011\/03\/10\/interview-le-coming-out-des-fatals-picards\/\">Coming Out<\/a> sorti le 14 mars 2011, les Fatals ont entam\u00e9 une nouvelle tourn\u00e9e qui ce soir les am\u00e8ne jusqu\u2019au Cabaret Sauvage. C\u2019est dans une ambiance d\u00e9contract\u00e9e que le concert commence apr\u00e8s les premi\u00e8res parties de Bagdad Rod\u00e9o et Le Vrai Terrien (gagnant du concours Plemi.com), qui ont bien chauff\u00e9 la salle.<\/p>\n<p>Nouveau set mais avec les m\u00eames acteurs : Laurent (et sa moustache) \u00e0 la guitare, Jean-Marc \u00e0 la batterie, Yves \u00e0 la basse et Paul au chant.\u00a0Le concert d\u00e9bute avec Noir(s), medley de plusieurs chansons sur le th\u00e8me de l\u2019Auvergnat de Brassens, reprenant Salut \u00e0 Toi des Berruriers Noirs, Comme elle Vient de Noir D\u00e9sir ou encore Mala Vida de la Mano Negra. Un hommage \u00e0 tous les anarchistes de la chanson qui sonne bien le th\u00e8me de la soir\u00e9e : du rock, de la bonne humeur et une tendance politique plut\u00f4t \u00e0 gauche, clairement m\u00eame.<\/p>\n<p>Pour les fans de la premi\u00e8re heure, on retrouve ensuite Les Bourgeois qui renvoie aux premiers albums des Fatals (Picardia Independenza, en l\u2019occurence). Mais la majorit\u00e9 du set est un savoureux m\u00e9lange de chansons du dernier album (Coming Out, Hasta XXL, La France du Petit Nicolas ou le Retour \u00e0 la Terre) et de ses pr\u00e9d\u00e9c\u00e9sseurs : Le Sens de la Gravit\u00e9 (C\u2019est l\u2019Histoire d\u2019une Meuf, Prince du Parc, Le Combat Ordinaire ou encore Boom,hommage poignant au groupe Superbus) et Pamplemousse M\u00e9canique (Bernard Lavilliers, Punk \u00e0 Chien ou encore Mon P\u00e8re \u00e9tait tellement de Gauche).<\/p>\n<p>Le m\u00e9lange des diff\u00e9rents albums ne d\u00e9range aucunement, le set est bien construit, tout en puissance et en \u00e9nergie. Le public novice peut d\u00e9couvrir tout le panel artistique des Fatals, qui d\u00e9noncent, se moquent, pointent du doigt et abordent des th\u00e8mes socio-politiques avec toujours autant de talent, d\u2019humour et de punch ! Au milieu d\u2019un concert bien rock\u2019n\u2019roll, une petite session acoustique permet de d\u00e9couvrir la voix de Jean-Marc, le batteur, qui reprend Mon P\u00e8re \u00e9tait tellement de Gauche avec passion, ou encore L\u2019amour \u00e0 la Fran\u00e7aise dans une version tout en douceur. On remarque que beaucoup d\u2019anciennes chansons ont \u00e9t\u00e9 revues musicalement, avec des couleurs musicales plus rock, sans pour autant en changer la trame principale. Les transitions alambiqu\u00e9es de Paul ont parfois du mal \u00e0 passer, mais elles font partie du show des Fatals! Le public semble ravi et reprend souvent en coeur les paroles, parfois m\u00eame avant Paul qui en perd le fil! Ecouter les Fatals Picards donne toujours autant de baume au coeur, \u00e0 en voir les sourires, \u00e0 \u00e9couter les commentaires du public ou \u00e0 en sentir l\u2019odeur de transpiration.<\/p>\n<p>Bref, si vous \u00eates amateurs de rock, d\u2019humour grin\u00e7ant et de chanson fran\u00e7aise, Les Fatals sont une valeur s\u00fbre pour passer une bonne soir\u00e9e, ce qui fut le cas au Cabaret Sauvage. Ils seront prochainement \u00e0 la Cigale, le 11 mars, et un peu partout en France (les dates sont annonc\u00e9es jusqu\u2019en d\u00e9cembre 2012). A coup sur ils passeront pr\u00e8s de chez vous! Et je n\u2019ai qu\u2019un conseil \u00e0 vous donner, courez-y!<\/p>\n<p>A \u00e9couter:<br \/>\nLe Combat Ordinaire<br \/>\nMon P\u00e8re \u00e9tait tellement de Gauche<br \/>\nComing Out<br \/>\nC\u2019est l\u2019Histoire d\u2019une meuf<\/p>\n<p><a href=\"http:\/\/www.fatalspicards.com\/\" target=\"_blank\">http:\/\/www.fatalspicards.com\/<\/a><\/p>\n","protected":false},"excerpt":{"rendered":"<p>Mardi 28 f\u00e9vrier 2012, 19h30, Parc de la Villette, Cabaret Sauvage.<\/p>\n","protected":false},"author":12,"featured_media":16913,"comment_status":"open","ping_status":"closed","sticky":false,"template":"","format":"standard","meta":{"_jetpack_memberships_contains_paid_content":false,"footnotes":""},"categories":[3],"tags":[83,372],"coauthors":[3737],"class_list":["post-16912","post","type-post","status-publish","format-standard","has-post-thumbnail","hentry","category-a-la-une","tag-concert","tag-fatals-picards"],"yoast_head":"<!-- This site is optimized with the Yoast SEO plugin v27.2 - https:\/\/yoast.com\/product\/yoast-seo-wordpress\/ -->\n<title>Les Fatals Picards au Cabaret Sauvage - Save my brain<\/title>\n<meta name=\"robots\" content=\"index, follow, max-snippet:-1, max-image-preview:large, max-video-preview:-1\" \/>\n<link rel=\"canonical\" href=\"https:\/\/www.savemybrain.net\/v2\/2012\/03\/04\/les-fatals-picards-au-cabaret-sauvage-180016912\/\" \/>\n<meta property=\"og:locale\" content=\"fr_FR\" \/>\n<meta property=\"og:type\" content=\"article\" \/>\n<meta property=\"og:title\" content=\"Les Fatals Picards au Cabaret Sauvage - Save my brain\" \/>\n<meta property=\"og:description\" content=\"Mardi 28 f\u00e9vrier 2012, 19h30, Parc de la Villette, Cabaret Sauvage.\" \/>\n<meta property=\"og:url\" content=\"https:\/\/www.savemybrain.net\/v2\/2012\/03\/04\/les-fatals-picards-au-cabaret-sauvage-180016912\/\" \/>\n<meta property=\"og:site_name\" content=\"Save my brain\" \/>\n<meta property=\"article:published_time\" content=\"2012-03-04T17:00:10+00:00\" \/>\n<meta property=\"og:image\" content=\"https:\/\/www.savemybrain.net\/v2\/wp-content\/uploads\/2012\/03\/fatals-picards-concert.jpg\" \/>\n\t<meta property=\"og:image:width\" content=\"863\" \/>\n\t<meta property=\"og:image:height\" content=\"383\" \/>\n\t<meta property=\"og:image:type\" content=\"image\/jpeg\" \/>\n<meta name=\"author\" content=\"Charl\u00e8ne Colinet\" \/>\n<meta name=\"twitter:card\" content=\"summary_large_image\" \/>\n<meta name=\"twitter:label1\" content=\"\u00c9crit par\" \/>\n\t<meta name=\"twitter:data1\" content=\"Charl\u00e8ne Colinet\" \/>\n\t<meta name=\"twitter:label2\" content=\"Dur\u00e9e de lecture estim\u00e9e\" \/>\n\t<meta name=\"twitter:data2\" content=\"4 minutes\" \/>\n\t<meta name=\"twitter:label3\" content=\"Written by\" \/>\n\t<meta name=\"twitter:data3\" content=\"Charl\u00e8ne Colinet\" \/>\n<script type=\"application\/ld+json\" class=\"yoast-schema-graph\">{\"@context\":\"https:\/\/schema.org\",\"@graph\":[{\"@type\":\"Article\",\"@id\":\"https:\/\/www.savemybrain.net\/v2\/2012\/03\/04\/les-fatals-picards-au-cabaret-sauvage-180016912\/#article\",\"isPartOf\":{\"@id\":\"https:\/\/www.savemybrain.net\/v2\/2012\/03\/04\/les-fatals-picards-au-cabaret-sauvage-180016912\/\"},\"author\":{\"name\":\"Charl\u00e8ne Colinet\",\"@id\":\"https:\/\/www.savemybrain.net\/v2\/#\/schema\/person\/2e79daa6866cfffafea3d25da694044c\"},\"headline\":\"Les Fatals Picards au Cabaret Sauvage\",\"datePublished\":\"2012-03-04T17:00:10+00:00\",\"mainEntityOfPage\":{\"@id\":\"https:\/\/www.savemybrain.net\/v2\/2012\/03\/04\/les-fatals-picards-au-cabaret-sauvage-180016912\/\"},\"wordCount\":771,\"commentCount\":1,\"image\":{\"@id\":\"https:\/\/www.savemybrain.net\/v2\/2012\/03\/04\/les-fatals-picards-au-cabaret-sauvage-180016912\/#primaryimage\"},\"thumbnailUrl\":\"https:\/\/www.savemybrain.net\/v2\/wp-content\/uploads\/2012\/03\/fatals-picards-concert.jpg\",\"keywords\":[\"concert\",\"fatals picards\"],\"articleSection\":[\"A la Une\"],\"inLanguage\":\"fr-FR\",\"potentialAction\":[{\"@type\":\"CommentAction\",\"name\":\"Comment\",\"target\":[\"https:\/\/www.savemybrain.net\/v2\/2012\/03\/04\/les-fatals-picards-au-cabaret-sauvage-180016912\/#respond\"]}]},{\"@type\":\"WebPage\",\"@id\":\"https:\/\/www.savemybrain.net\/v2\/2012\/03\/04\/les-fatals-picards-au-cabaret-sauvage-180016912\/\",\"url\":\"https:\/\/www.savemybrain.net\/v2\/2012\/03\/04\/les-fatals-picards-au-cabaret-sauvage-180016912\/\",\"name\":\"Les Fatals Picards au Cabaret Sauvage - Save my brain\",\"isPartOf\":{\"@id\":\"https:\/\/www.savemybrain.net\/v2\/#website\"},\"primaryImageOfPage\":{\"@id\":\"https:\/\/www.savemybrain.net\/v2\/2012\/03\/04\/les-fatals-picards-au-cabaret-sauvage-180016912\/#primaryimage\"},\"image\":{\"@id\":\"https:\/\/www.savemybrain.net\/v2\/2012\/03\/04\/les-fatals-picards-au-cabaret-sauvage-180016912\/#primaryimage\"},\"thumbnailUrl\":\"https:\/\/www.savemybrain.net\/v2\/wp-content\/uploads\/2012\/03\/fatals-picards-concert.jpg\",\"datePublished\":\"2012-03-04T17:00:10+00:00\",\"author\":{\"@id\":\"https:\/\/www.savemybrain.net\/v2\/#\/schema\/person\/2e79daa6866cfffafea3d25da694044c\"},\"inLanguage\":\"fr-FR\",\"potentialAction\":[{\"@type\":\"ReadAction\",\"target\":[\"https:\/\/www.savemybrain.net\/v2\/2012\/03\/04\/les-fatals-picards-au-cabaret-sauvage-180016912\/\"]}]},{\"@type\":\"ImageObject\",\"inLanguage\":\"fr-FR\",\"@id\":\"https:\/\/www.savemybrain.net\/v2\/2012\/03\/04\/les-fatals-picards-au-cabaret-sauvage-180016912\/#primaryimage\",\"url\":\"https:\/\/www.savemybrain.net\/v2\/wp-content\/uploads\/2012\/03\/fatals-picards-concert.jpg\",\"contentUrl\":\"https:\/\/www.savemybrain.net\/v2\/wp-content\/uploads\/2012\/03\/fatals-picards-concert.jpg\",\"width\":863,\"height\":383},{\"@type\":\"WebSite\",\"@id\":\"https:\/\/www.savemybrain.net\/v2\/#website\",\"url\":\"https:\/\/www.savemybrain.net\/v2\/\",\"name\":\"Save my brain\",\"description\":\"Magazine lifestyle et culturel (depuis 2007)\",\"potentialAction\":[{\"@type\":\"SearchAction\",\"target\":{\"@type\":\"EntryPoint\",\"urlTemplate\":\"https:\/\/www.savemybrain.net\/v2\/?s={search_term_string}\"},\"query-input\":{\"@type\":\"PropertyValueSpecification\",\"valueRequired\":true,\"valueName\":\"search_term_string\"}}],\"inLanguage\":\"fr-FR\"},{\"@type\":\"Person\",\"@id\":\"https:\/\/www.savemybrain.net\/v2\/#\/schema\/person\/2e79daa6866cfffafea3d25da694044c\",\"name\":\"Charl\u00e8ne Colinet\",\"sameAs\":[\"http:\/\/\"],\"url\":\"https:\/\/www.savemybrain.net\/v2\/author\/charlenecolinet\/\"}]}<\/script>\n<!-- \/ Yoast SEO plugin. -->","yoast_head_json":{"title":"Les Fatals Picards au Cabaret Sauvage - Save my brain","robots":{"index":"index","follow":"follow","max-snippet":"max-snippet:-1","max-image-preview":"max-image-preview:large","max-video-preview":"max-video-preview:-1"},"canonical":"https:\/\/www.savemybrain.net\/v2\/2012\/03\/04\/les-fatals-picards-au-cabaret-sauvage-180016912\/","og_locale":"fr_FR","og_type":"article","og_title":"Les Fatals Picards au Cabaret Sauvage - Save my brain","og_description":"Mardi 28 f\u00e9vrier 2012, 19h30, Parc de la Villette, Cabaret Sauvage.","og_url":"https:\/\/www.savemybrain.net\/v2\/2012\/03\/04\/les-fatals-picards-au-cabaret-sauvage-180016912\/","og_site_name":"Save my brain","article_published_time":"2012-03-04T17:00:10+00:00","og_image":[{"width":863,"height":383,"url":"https:\/\/www.savemybrain.net\/v2\/wp-content\/uploads\/2012\/03\/fatals-picards-concert.jpg","type":"image\/jpeg"}],"author":"Charl\u00e8ne Colinet","twitter_card":"summary_large_image","twitter_misc":{"\u00c9crit par":"Charl\u00e8ne Colinet","Dur\u00e9e de lecture estim\u00e9e":"4 minutes","Written by":"Charl\u00e8ne Colinet"},"schema":{"@context":"https:\/\/schema.org","@graph":[{"@type":"Article","@id":"https:\/\/www.savemybrain.net\/v2\/2012\/03\/04\/les-fatals-picards-au-cabaret-sauvage-180016912\/#article","isPartOf":{"@id":"https:\/\/www.savemybrain.net\/v2\/2012\/03\/04\/les-fatals-picards-au-cabaret-sauvage-180016912\/"},"author":{"name":"Charl\u00e8ne Colinet","@id":"https:\/\/www.savemybrain.net\/v2\/#\/schema\/person\/2e79daa6866cfffafea3d25da694044c"},"headline":"Les Fatals Picards au Cabaret Sauvage","datePublished":"2012-03-04T17:00:10+00:00","mainEntityOfPage":{"@id":"https:\/\/www.savemybrain.net\/v2\/2012\/03\/04\/les-fatals-picards-au-cabaret-sauvage-180016912\/"},"wordCount":771,"commentCount":1,"image":{"@id":"https:\/\/www.savemybrain.net\/v2\/2012\/03\/04\/les-fatals-picards-au-cabaret-sauvage-180016912\/#primaryimage"},"thumbnailUrl":"https:\/\/www.savemybrain.net\/v2\/wp-content\/uploads\/2012\/03\/fatals-picards-concert.jpg","keywords":["concert","fatals picards"],"articleSection":["A la Une"],"inLanguage":"fr-FR","potentialAction":[{"@type":"CommentAction","name":"Comment","target":["https:\/\/www.savemybrain.net\/v2\/2012\/03\/04\/les-fatals-picards-au-cabaret-sauvage-180016912\/#respond"]}]},{"@type":"WebPage","@id":"https:\/\/www.savemybrain.net\/v2\/2012\/03\/04\/les-fatals-picards-au-cabaret-sauvage-180016912\/","url":"https:\/\/www.savemybrain.net\/v2\/2012\/03\/04\/les-fatals-picards-au-cabaret-sauvage-180016912\/","name":"Les Fatals Picards au Cabaret Sauvage - Save my brain","isPartOf":{"@id":"https:\/\/www.savemybrain.net\/v2\/#website"},"primaryImageOfPage":{"@id":"https:\/\/www.savemybrain.net\/v2\/2012\/03\/04\/les-fatals-picards-au-cabaret-sauvage-180016912\/#primaryimage"},"image":{"@id":"https:\/\/www.savemybrain.net\/v2\/2012\/03\/04\/les-fatals-picards-au-cabaret-sauvage-180016912\/#primaryimage"},"thumbnailUrl":"https:\/\/www.savemybrain.net\/v2\/wp-content\/uploads\/2012\/03\/fatals-picards-concert.jpg","datePublished":"2012-03-04T17:00:10+00:00","author":{"@id":"https:\/\/www.savemybrain.net\/v2\/#\/schema\/person\/2e79daa6866cfffafea3d25da694044c"},"inLanguage":"fr-FR","potentialAction":[{"@type":"ReadAction","target":["https:\/\/www.savemybrain.net\/v2\/2012\/03\/04\/les-fatals-picards-au-cabaret-sauvage-180016912\/"]}]},{"@type":"ImageObject","inLanguage":"fr-FR","@id":"https:\/\/www.savemybrain.net\/v2\/2012\/03\/04\/les-fatals-picards-au-cabaret-sauvage-180016912\/#primaryimage","url":"https:\/\/www.savemybrain.net\/v2\/wp-content\/uploads\/2012\/03\/fatals-picards-concert.jpg","contentUrl":"https:\/\/www.savemybrain.net\/v2\/wp-content\/uploads\/2012\/03\/fatals-picards-concert.jpg","width":863,"height":383},{"@type":"WebSite","@id":"https:\/\/www.savemybrain.net\/v2\/#website","url":"https:\/\/www.savemybrain.net\/v2\/","name":"Save my brain","description":"Magazine lifestyle et culturel (depuis 2007)","potentialAction":[{"@type":"SearchAction","target":{"@type":"EntryPoint","urlTemplate":"https:\/\/www.savemybrain.net\/v2\/?s={search_term_string}"},"query-input":{"@type":"PropertyValueSpecification","valueRequired":true,"valueName":"search_term_string"}}],"inLanguage":"fr-FR"},{"@type":"Person","@id":"https:\/\/www.savemybrain.net\/v2\/#\/schema\/person\/2e79daa6866cfffafea3d25da694044c","name":"Charl\u00e8ne Colinet","sameAs":["http:\/\/"],"url":"https:\/\/www.savemybrain.net\/v2\/author\/charlenecolinet\/"}]}},"jetpack_featured_media_url":"https:\/\/www.savemybrain.net\/v2\/wp-content\/uploads\/2012\/03\/fatals-picards-concert.jpg","jetpack_sharing_enabled":true,"_links":{"self":[{"href":"https:\/\/www.savemybrain.net\/v2\/wp-json\/wp\/v2\/posts\/16912","targetHints":{"allow":["GET"]}}],"collection":[{"href":"https:\/\/www.savemybrain.net\/v2\/wp-json\/wp\/v2\/posts"}],"about":[{"href":"https:\/\/www.savemybrain.net\/v2\/wp-json\/wp\/v2\/types\/post"}],"author":[{"embeddable":true,"href":"https:\/\/www.savemybrain.net\/v2\/wp-json\/wp\/v2\/users\/12"}],"replies":[{"embeddable":true,"href":"https:\/\/www.savemybrain.net\/v2\/wp-json\/wp\/v2\/comments?post=16912"}],"version-history":[{"count":0,"href":"https:\/\/www.savemybrain.net\/v2\/wp-json\/wp\/v2\/posts\/16912\/revisions"}],"wp:featuredmedia":[{"embeddable":true,"href":"https:\/\/www.savemybrain.net\/v2\/wp-json\/wp\/v2\/media\/16913"}],"wp:attachment":[{"href":"https:\/\/www.savemybrain.net\/v2\/wp-json\/wp\/v2\/media?parent=16912"}],"wp:term":[{"taxonomy":"category","embeddable":true,"href":"https:\/\/www.savemybrain.net\/v2\/wp-json\/wp\/v2\/categories?post=16912"},{"taxonomy":"post_tag","embeddable":true,"href":"https:\/\/www.savemybrain.net\/v2\/wp-json\/wp\/v2\/tags?post=16912"},{"taxonomy":"author","embeddable":true,"href":"https:\/\/www.savemybrain.net\/v2\/wp-json\/wp\/v2\/coauthors?post=16912"}],"curies":[{"name":"wp","href":"https:\/\/api.w.org\/{rel}","templated":true}]}}