{"id":15908,"date":"2011-12-28T08:00:30","date_gmt":"2011-12-28T07:00:30","guid":{"rendered":"http:\/\/savemybrain.net\/v2\/?p=15908"},"modified":"2011-12-28T11:54:07","modified_gmt":"2011-12-28T10:54:07","slug":"les-coups-de-coeur-de-la-redaction-2011-dans-les-salles-obscures","status":"publish","type":"post","link":"https:\/\/www.savemybrain.net\/v2\/2011\/12\/28\/les-coups-de-coeur-de-la-redaction-2011-dans-les-salles-obscures-080015908\/","title":{"rendered":"Les coups de c\u0153ur de la r\u00e9daction 2011 : dans les salles obscures"},"content":{"rendered":"<p style=\"text-align: justify;\">Une bonne part de la r\u00e9daction de Save My Brain aime \u00e0 s&rsquo;enfermer dans des salles sombres. Mais pas sans raison ! Voici pourquoi&#8230;<br \/>\n<!--more--><\/p>\n<p style=\"text-align: justify;\"><img loading=\"lazy\" decoding=\"async\" class=\"aligncenter size-medium wp-image-15910\" title=\"Intouchables\" src=\"http:\/\/savemybrain.net\/v2\/wp-content\/uploads\/2011\/12\/Intouchables-367x500.jpg\" alt=\"\" width=\"367\" height=\"500\" \/><\/p>\n<p style=\"text-align: justify;\"><strong>Olivier :<\/strong> <em><a href=\"http:\/\/savemybrain.net\/v2\/2011\/11\/08\/intouchables\/\" target=\"_blank\">Intouchables<\/a><\/em> et <em><a href=\"http:\/\/savemybrain.net\/v2\/2011\/10\/27\/les-aventures-de-tintin-le-secret-de-la-licorne\/\" target=\"_blank\">Tintin<\/a><\/em>. Le premier parce qu&rsquo;on est tous un peu touch\u00e9s par cette histoire, et le second parce que c&rsquo;est toute mon enfance remis \u00e0 la sauce Spielberg-Jackson<\/p>\n<p style=\"text-align: justify;\"><strong>J\u00e9r\u00f4me :<\/strong> <em>V pour Vendetta<\/em>. Oui, je sais, je retarde. Oui, je mets toujours du temps \u00e0 \u00e9noncer les \u00e9vidences, \u00e0 comprendre les choses, \u00e0 visionner les chefs d\u2019\u0153uvres que d\u2019autres avant moi ont d\u00e9couvert et port\u00e9 aux nues ! Mais bon, je ne suis qu\u2019un homme\u2026 Certes, tr\u00e8s cultiv\u00e9, d\u2019un humour renversant (c&rsquo;est-\u00e0-dire qu\u2019en entendant mes blagues, on a envie de me renverser avec une voiture) et furieusement s\u00e9duisant, mais je ne suis qu\u2019un homme quand m\u00eame. Aussi vais-je sans ambages vous faire part de ce film que j\u2019ai d\u00e9couvert tout r\u00e9cemment.<\/p>\n<p style=\"text-align: justify;\"><em>V pour Vendetta<\/em> est un film am\u00e9ricain datant de 2006, adapt\u00e9 au cin\u00e9ma par DC Comics. Il s\u2019agissait au d\u00e9part d\u2019une bande dessin\u00e9e, publi\u00e9e pour la premi\u00e8re fois en 1981, puis reprise dans un roman qu\u2019a utilis\u00e9 DC Comics. L\u2019histoire se d\u00e9roule dans la Grande Bretagne du XXI\u00e8 si\u00e8cle. Sous la f\u00e9rule d\u2019un chancelier tout puissant, la dictature r\u00e8gne. Evey Hammon (interpr\u00e9t\u00e9e par la tr\u00e8s jolie Natalie Portman, de ce genre de beaut\u00e9 qui affirme l\u2019existence de Dieu) se fait arr\u00eater apr\u00e8s le couvre-feu par les miliciens du chancelier. Promise \u00e0 un viol collectif, elle doit son salut \u00e0 un myst\u00e9rieux homme masqu\u00e9 qui dit s\u2019appeler V. Celui-ci a entrepris de rendre sa libert\u00e9 au peuple en sapant l\u2019autorit\u00e9 du chancelier et en faisant prendre conscience que les gouvernements sont au service de leurs concitoyens et non l\u2019inverse. De cet homme, nous ne saurons rien d\u2019autre que son pass\u00e9, sa foi en sa cause et sa voix, mais quel charisme ! Elle sera pour lui \u00e0 la fois son \u00e9l\u00e8ve et son \u00e2me s\u0153ur, mais aussi la seule raison de ne pas basculer dans la folie.<\/p>\n<p style=\"text-align: justify;\"><a href=\"http:\/\/savemybrain.net\/v2\/wp-content\/uploads\/2011\/12\/V-pour-Vendetta.jpg\"><img loading=\"lazy\" decoding=\"async\" class=\"aligncenter size-medium wp-image-15909\" title=\"V pour Vendetta\" src=\"http:\/\/savemybrain.net\/v2\/wp-content\/uploads\/2011\/12\/V-pour-Vendetta-352x500.jpg\" alt=\"\" width=\"352\" height=\"500\" srcset=\"https:\/\/www.savemybrain.net\/v2\/wp-content\/uploads\/2011\/12\/V-pour-Vendetta-352x500.jpg 352w, https:\/\/www.savemybrain.net\/v2\/wp-content\/uploads\/2011\/12\/V-pour-Vendetta-768x1090.jpg 768w, https:\/\/www.savemybrain.net\/v2\/wp-content\/uploads\/2011\/12\/V-pour-Vendetta-722x1024.jpg 722w, https:\/\/www.savemybrain.net\/v2\/wp-content\/uploads\/2011\/12\/V-pour-Vendetta.jpg 1000w\" sizes=\"auto, (max-width: 352px) 100vw, 352px\" \/><\/a><\/p>\n<p style=\"text-align: justify;\">J\u2019ai ador\u00e9 ce film parce que, d\u00e9j\u00e0, j\u2019adore les films d\u2019anticipation, surtout ceux qui montrent une r\u00e9alit\u00e9 que nous pourrions subir, mais aussi pour l\u2019interpr\u00e9tation des acteurs. Hugo Weaving, dans son r\u00f4le de V, est \u00e9poustouflant. Il n\u2019est pas seulement un personnage derri\u00e8re son masque, il est une id\u00e9e, un principe, et, en tant que tel, immortel. Weaving, par son jeu d\u2019acteur, rend V \u00e0 la fois proche de chacun de nous (qui ne r\u00eave pas d\u2019\u00eatre un rebelle ?) et, en m\u00eame temps, tellement impersonnel qu\u2019on arrive \u00e0 se demander si il est humain. Ajoutez \u00e0 cela une bande originale du feu de dieu, avec en point d\u2019orgue, l\u2019Ouverture 1812 de Tcha\u00efkovsky, et vous avez un film qui envoie du bois !<\/p>\n<p style=\"text-align: justify;\"><em>V pour Vendetta<\/em> est certes un film de science-fiction, il a quand m\u00eame suffisamment d\u2019accroches dans la r\u00e9alit\u00e9 (un chancelier tout puissant avec des troupes en noir, \u00e7a ne vous rappelle rien ?) pour que la vison du film soit des plus plausibles. La peur a permis l\u2019arriv\u00e9e au pouvoir de ce tyran, qui a certes remis de l\u2019ordre, mais au prix du silence sur les m\u00e9thodes employ\u00e9es. Dans ce monde o\u00f9 la peur fait loi (peur de la crise, de perdre son taf, peur de l\u2019autre\u2026) ce genre d\u2019individus pourrait exister. Esp\u00e9rons \u00e0 ce moment-l\u00e0 qu\u2019il y aura un V pour se lever contre sa tyrannie\u2026<\/p>\n<p style=\"text-align: justify;\"><img loading=\"lazy\" decoding=\"async\" class=\"aligncenter size-medium wp-image-15911\" title=\"Black Swan\" src=\"http:\/\/savemybrain.net\/v2\/wp-content\/uploads\/2011\/12\/Black-Swan-500x338.jpg\" alt=\"\" width=\"500\" height=\"338\" srcset=\"https:\/\/www.savemybrain.net\/v2\/wp-content\/uploads\/2011\/12\/Black-Swan-500x338.jpg 500w, https:\/\/www.savemybrain.net\/v2\/wp-content\/uploads\/2011\/12\/Black-Swan.jpg 541w\" sizes=\"auto, (max-width: 500px) 100vw, 500px\" \/><\/p>\n<p style=\"text-align: justify;\"><strong>Laura :<\/strong> C\u00f4t\u00e9 cin\u00e9ma, le magistral <em><a href=\"http:\/\/savemybrain.net\/v2\/2011\/05\/04\/black-swan\/\" target=\"_blank\">Black Swan<\/a><\/em> occupe la place num\u00e9ro 1 sur la liste de mes coups de c\u0153ur de l\u2019ann\u00e9e 2011.<\/p>\n<p style=\"text-align: justify;\"><strong>Audrey :<\/strong> Pour le cin\u00e9ma, il y a bien s\u00fbr <em>Intouchables<\/em> comme beaucoup de personnes, mais mon v\u00e9ritable coup de c\u0153ur c&rsquo;est le dernier film d&rsquo;Olivier Marchal, <em>Les Lyonnais<\/em>. D&rsquo;abord parce que je suis lyonnaise mais aussi parce que j&rsquo;aime l&rsquo;univers violent mais jamais gratuit de ce r\u00e9alisateur. Dans le film, on est du c\u00f4t\u00e9 des m\u00e9chants, on voit comment ils \u00e9voluent, leur fa\u00e7on de pr\u00e9parer un \u00ab\u00a0coup\u00a0\u00bb mais en m\u00eame temps, le film se passe dans les ann\u00e9es 60-70 et on voit qu&rsquo;\u00e0 cette \u00e9poque m\u00eame si le Gang des Lyonnais braquait un peu partout en France, ses membres avaient un code d&rsquo;honneur et qu&rsquo;ils ne tuaient pas sans raison. Et en plus, ma s\u0153ur est figurante dans le film !<\/p>\n<p style=\"text-align: justify;\"><img loading=\"lazy\" decoding=\"async\" class=\"aligncenter size-medium wp-image-15912\" title=\"Les Lyonnais\" src=\"http:\/\/savemybrain.net\/v2\/wp-content\/uploads\/2011\/12\/Les-Lyonnais-368x500.jpg\" alt=\"\" width=\"368\" height=\"500\" srcset=\"https:\/\/www.savemybrain.net\/v2\/wp-content\/uploads\/2011\/12\/Les-Lyonnais-368x500.jpg 368w, https:\/\/www.savemybrain.net\/v2\/wp-content\/uploads\/2011\/12\/Les-Lyonnais-768x1043.jpg 768w, https:\/\/www.savemybrain.net\/v2\/wp-content\/uploads\/2011\/12\/Les-Lyonnais-754x1024.jpg 754w, https:\/\/www.savemybrain.net\/v2\/wp-content\/uploads\/2011\/12\/Les-Lyonnais.jpg 880w\" sizes=\"auto, (max-width: 368px) 100vw, 368px\" \/><\/p>\n<p style=\"text-align: justify;\"><strong>Laurence :<\/strong> <em>Le discours d&rsquo;un roi<\/em> sorti en f\u00e9vrier 2011, d\u2019apr\u00e8s l\u2019histoire vraie et m\u00e9connue du p\u00e8re de l\u2019actuelle Reine Elisabeth, qui va devenir, contraint et forc\u00e9, le Roi George VI (<a href=\"http:\/\/savemybrain.net\/v2\/2011\/03\/08\/colin-firth-acteur-de-lannee\/\" target=\"_blank\">Colin Firth<\/a>), suite \u00e0 l\u2019abdication de son fr\u00e8re Edouard VIII (Guy Pearce). D\u2019apparence fragile, incapable de s\u2019exprimer en public, consid\u00e9r\u00e9 par certains comme inapte \u00e0 la fonction, George VI tentera de surmonter son handicap gr\u00e2ce au soutien ind\u00e9fectible de sa femme (Helena Bonham Carter) et d\u2019affronter ses peurs avec l\u2019aide d\u2019un th\u00e9rapeute du langage (Geoffrey Rush) aux m\u00e9thodes peu conventionnelles. Il devra vaincre son b\u00e9gaiement pour assumer pleinement son r\u00f4le, et faire de son empire le premier rempart contre l\u2019Allemagne nazie.<\/p>\n<p style=\"text-align: justify;\"><img loading=\"lazy\" decoding=\"async\" class=\"aligncenter size-medium wp-image-15913\" title=\"Le Discours d'un roi\" src=\"http:\/\/savemybrain.net\/v2\/wp-content\/uploads\/2011\/12\/Le-Discours-dun-roi-378x500.jpg\" alt=\"\" width=\"378\" height=\"500\" srcset=\"https:\/\/www.savemybrain.net\/v2\/wp-content\/uploads\/2011\/12\/Le-Discours-dun-roi-378x500.jpg 378w, https:\/\/www.savemybrain.net\/v2\/wp-content\/uploads\/2011\/12\/Le-Discours-dun-roi.jpg 620w\" sizes=\"auto, (max-width: 378px) 100vw, 378px\" \/><\/p>\n<p style=\"text-align: justify;\"><strong>Marie :<\/strong> <em>La conqu\u00eate<\/em> de Xavier Durringer. On aime ou non les films traitant de la politique fran\u00e7aise mais ce qui est bluffant, c\u2019est la performance de Denis Podalyd\u00e8s.<\/p>\n<p style=\"text-align: justify;\"><strong>Patchouli :<\/strong> <em><a href=\"http:\/\/www.patchouliblog.fr\/article_commentaire_cine.php?art_ID_cine=29\" target=\"_blank\">Black Swan<\/a><\/em>, de Darren Aronofsky. On fr\u00e9mit, on r\u00eave, on angoisse, on plane\u2026 ce film nous entra\u00eene dans un univers \u00e0 la fois f\u00e9\u00e9rique et effrayant dans lequel Natalie Portman, plus envoutante que jamais, nous r\u00e9v\u00e8le l&rsquo;\u00e9tendue de son talent !<\/p>\n<p style=\"text-align: justify;\"><em><a href=\"http:\/\/www.patchouliblog.fr\/article_commentaire_cine.php?art_ID_cine=62\" target=\"_blank\">Melancholia<\/a><\/em>, de Lars von Trier. Vous avez pris pour habitude de fuir les films de Lars von Trier car ils vous donnent envie de vous jeter par la fen\u00eatre ? N\u2019ayez crainte. Cette fois-ci le r\u00e9alisateur met sa d\u00e9pression de c\u00f4t\u00e9 pour nous offrir l\u2019un des meilleurs moments de cin\u00e9ma de l\u2019ann\u00e9e.<\/p>\n<p style=\"text-align: justify;\"><img loading=\"lazy\" decoding=\"async\" class=\"aligncenter size-medium wp-image-15914\" title=\"Melancholia\" src=\"http:\/\/savemybrain.net\/v2\/wp-content\/uploads\/2011\/12\/Melancholia-367x500.jpg\" alt=\"\" width=\"367\" height=\"500\" \/><\/p>\n<p style=\"text-align: justify;\"><em><a href=\"http:\/\/www.patchouliblog.fr\/article_commentaire_cine.php?art_ID_cine=69\" target=\"_blank\">Polisse<\/a><\/em>, de Ma\u00efwenn. Vous n&rsquo;avez jamais support\u00e9 NTM et leur Benz benz benz ? Ce film vous r\u00e9conciliera avec Joey Starr. Il se trouve que le rappeur a un r\u00e9el don pour le cin\u00e9ma. On en redemande !<\/p>\n<p style=\"text-align: justify;\"><em><a href=\"http:\/\/www.patchouliblog.fr\/article_commentaire_cine.php?art_ID_cine=69\" target=\"_blank\">Drive<\/a><\/em>, de Nicolas Winding Refn. Un beau gosse, une bande son excellente, des sc\u00e8nes de voiture \u00e0 couper le souffle, et tout \u00e7a sans un sc\u00e9nario pourri \u00e0 la Fast and Furious\u2026 Qui dit mieux ?<\/p>\n","protected":false},"excerpt":{"rendered":"<p>Une bonne part de la r\u00e9daction de Save My Brain aime \u00e0 s&rsquo;enfermer dans des salles sombres. Mais pas sans raison ! Voici pourquoi&#8230;<\/p>\n","protected":false},"author":6,"featured_media":15915,"comment_status":"open","ping_status":"closed","sticky":false,"template":"","format":"standard","meta":{"_jetpack_memberships_contains_paid_content":false,"footnotes":""},"categories":[3,41,2722],"tags":[3071,2931,3492,1213,3457],"coauthors":[],"class_list":["post-15908","post","type-post","status-publish","format-standard","has-post-thumbnail","hentry","category-a-la-une","category-cinema","category-dossiers","tag-black-swan","tag-colin-firth","tag-intouchables","tag-nathalie-portman","tag-tintin"],"yoast_head":"<!-- This site is optimized with the Yoast SEO plugin v27.2 - https:\/\/yoast.com\/product\/yoast-seo-wordpress\/ -->\n<title>Les coups de c\u0153ur de la r\u00e9daction 2011 : dans les salles obscures - Save my brain<\/title>\n<meta name=\"robots\" content=\"index, follow, max-snippet:-1, max-image-preview:large, max-video-preview:-1\" \/>\n<link rel=\"canonical\" href=\"https:\/\/www.savemybrain.net\/v2\/2011\/12\/28\/les-coups-de-coeur-de-la-redaction-2011-dans-les-salles-obscures-080015908\/\" \/>\n<meta property=\"og:locale\" content=\"fr_FR\" \/>\n<meta property=\"og:type\" content=\"article\" \/>\n<meta property=\"og:title\" content=\"Les coups de c\u0153ur de la r\u00e9daction 2011 : dans les salles obscures - Save my brain\" \/>\n<meta property=\"og:description\" content=\"Une bonne part de la r\u00e9daction de Save My Brain aime \u00e0 s&rsquo;enfermer dans des salles sombres. Mais pas sans raison ! Voici pourquoi&#8230;\" \/>\n<meta property=\"og:url\" content=\"https:\/\/www.savemybrain.net\/v2\/2011\/12\/28\/les-coups-de-coeur-de-la-redaction-2011-dans-les-salles-obscures-080015908\/\" \/>\n<meta property=\"og:site_name\" content=\"Save my brain\" \/>\n<meta property=\"article:published_time\" content=\"2011-12-28T07:00:30+00:00\" \/>\n<meta property=\"article:modified_time\" content=\"2011-12-28T10:54:07+00:00\" \/>\n<meta property=\"og:image\" content=\"https:\/\/www.savemybrain.net\/v2\/wp-content\/uploads\/2011\/12\/Black-Swan-affiche.jpg\" \/>\n\t<meta property=\"og:image:width\" content=\"519\" \/>\n\t<meta property=\"og:image:height\" content=\"768\" \/>\n\t<meta property=\"og:image:type\" content=\"image\/jpeg\" \/>\n<meta name=\"author\" content=\"Nicolas Meunier\" \/>\n<meta name=\"twitter:card\" content=\"summary_large_image\" \/>\n<meta name=\"twitter:label1\" content=\"\u00c9crit par\" \/>\n\t<meta name=\"twitter:data1\" content=\"Nicolas Meunier\" \/>\n\t<meta name=\"twitter:label2\" content=\"Dur\u00e9e de lecture estim\u00e9e\" \/>\n\t<meta name=\"twitter:data2\" content=\"6 minutes\" \/>\n\t<meta name=\"twitter:label3\" content=\"Written by\" \/>\n\t<meta name=\"twitter:data3\" content=\"Nicolas Meunier\" \/>\n<script type=\"application\/ld+json\" class=\"yoast-schema-graph\">{\"@context\":\"https:\/\/schema.org\",\"@graph\":[{\"@type\":\"Article\",\"@id\":\"https:\/\/www.savemybrain.net\/v2\/2011\/12\/28\/les-coups-de-coeur-de-la-redaction-2011-dans-les-salles-obscures-080015908\/#article\",\"isPartOf\":{\"@id\":\"https:\/\/www.savemybrain.net\/v2\/2011\/12\/28\/les-coups-de-coeur-de-la-redaction-2011-dans-les-salles-obscures-080015908\/\"},\"author\":{\"name\":\"Nicolas Meunier\",\"@id\":\"https:\/\/www.savemybrain.net\/v2\/#\/schema\/person\/adca4eceb0e4cf34ed857f24f64af640\"},\"headline\":\"Les coups de c\u0153ur de la r\u00e9daction 2011 : dans les salles obscures\",\"datePublished\":\"2011-12-28T07:00:30+00:00\",\"dateModified\":\"2011-12-28T10:54:07+00:00\",\"mainEntityOfPage\":{\"@id\":\"https:\/\/www.savemybrain.net\/v2\/2011\/12\/28\/les-coups-de-coeur-de-la-redaction-2011-dans-les-salles-obscures-080015908\/\"},\"wordCount\":1135,\"commentCount\":0,\"image\":{\"@id\":\"https:\/\/www.savemybrain.net\/v2\/2011\/12\/28\/les-coups-de-coeur-de-la-redaction-2011-dans-les-salles-obscures-080015908\/#primaryimage\"},\"thumbnailUrl\":\"https:\/\/www.savemybrain.net\/v2\/wp-content\/uploads\/2011\/12\/Black-Swan-affiche.jpg\",\"keywords\":[\"Black Swan\",\"Colin Firth\",\"intouchables\",\"nathalie portman\",\"tintin\"],\"articleSection\":[\"A la Une\",\"Cin\u00e9ma\",\"Dossiers\"],\"inLanguage\":\"fr-FR\",\"potentialAction\":[{\"@type\":\"CommentAction\",\"name\":\"Comment\",\"target\":[\"https:\/\/www.savemybrain.net\/v2\/2011\/12\/28\/les-coups-de-coeur-de-la-redaction-2011-dans-les-salles-obscures-080015908\/#respond\"]}]},{\"@type\":\"WebPage\",\"@id\":\"https:\/\/www.savemybrain.net\/v2\/2011\/12\/28\/les-coups-de-coeur-de-la-redaction-2011-dans-les-salles-obscures-080015908\/\",\"url\":\"https:\/\/www.savemybrain.net\/v2\/2011\/12\/28\/les-coups-de-coeur-de-la-redaction-2011-dans-les-salles-obscures-080015908\/\",\"name\":\"Les coups de c\u0153ur de la r\u00e9daction 2011 : dans les salles obscures - Save my brain\",\"isPartOf\":{\"@id\":\"https:\/\/www.savemybrain.net\/v2\/#website\"},\"primaryImageOfPage\":{\"@id\":\"https:\/\/www.savemybrain.net\/v2\/2011\/12\/28\/les-coups-de-coeur-de-la-redaction-2011-dans-les-salles-obscures-080015908\/#primaryimage\"},\"image\":{\"@id\":\"https:\/\/www.savemybrain.net\/v2\/2011\/12\/28\/les-coups-de-coeur-de-la-redaction-2011-dans-les-salles-obscures-080015908\/#primaryimage\"},\"thumbnailUrl\":\"https:\/\/www.savemybrain.net\/v2\/wp-content\/uploads\/2011\/12\/Black-Swan-affiche.jpg\",\"datePublished\":\"2011-12-28T07:00:30+00:00\",\"dateModified\":\"2011-12-28T10:54:07+00:00\",\"author\":{\"@id\":\"https:\/\/www.savemybrain.net\/v2\/#\/schema\/person\/adca4eceb0e4cf34ed857f24f64af640\"},\"inLanguage\":\"fr-FR\",\"potentialAction\":[{\"@type\":\"ReadAction\",\"target\":[\"https:\/\/www.savemybrain.net\/v2\/2011\/12\/28\/les-coups-de-coeur-de-la-redaction-2011-dans-les-salles-obscures-080015908\/\"]}]},{\"@type\":\"ImageObject\",\"inLanguage\":\"fr-FR\",\"@id\":\"https:\/\/www.savemybrain.net\/v2\/2011\/12\/28\/les-coups-de-coeur-de-la-redaction-2011-dans-les-salles-obscures-080015908\/#primaryimage\",\"url\":\"https:\/\/www.savemybrain.net\/v2\/wp-content\/uploads\/2011\/12\/Black-Swan-affiche.jpg\",\"contentUrl\":\"https:\/\/www.savemybrain.net\/v2\/wp-content\/uploads\/2011\/12\/Black-Swan-affiche.jpg\",\"width\":519,\"height\":768},{\"@type\":\"WebSite\",\"@id\":\"https:\/\/www.savemybrain.net\/v2\/#website\",\"url\":\"https:\/\/www.savemybrain.net\/v2\/\",\"name\":\"Save my brain\",\"description\":\"Magazine lifestyle et culturel (depuis 2007)\",\"potentialAction\":[{\"@type\":\"SearchAction\",\"target\":{\"@type\":\"EntryPoint\",\"urlTemplate\":\"https:\/\/www.savemybrain.net\/v2\/?s={search_term_string}\"},\"query-input\":{\"@type\":\"PropertyValueSpecification\",\"valueRequired\":true,\"valueName\":\"search_term_string\"}}],\"inLanguage\":\"fr-FR\"},{\"@type\":\"Person\",\"@id\":\"https:\/\/www.savemybrain.net\/v2\/#\/schema\/person\/adca4eceb0e4cf34ed857f24f64af640\",\"name\":\"Nicolas Meunier\",\"sameAs\":[\"http:\/\/www.leblogauto.com\/author\/nicolas-meunier\/\"],\"url\":\"https:\/\/www.savemybrain.net\/v2\/author\/nicolasmeunier\/\"}]}<\/script>\n<!-- \/ Yoast SEO plugin. -->","yoast_head_json":{"title":"Les coups de c\u0153ur de la r\u00e9daction 2011 : dans les salles obscures - Save my brain","robots":{"index":"index","follow":"follow","max-snippet":"max-snippet:-1","max-image-preview":"max-image-preview:large","max-video-preview":"max-video-preview:-1"},"canonical":"https:\/\/www.savemybrain.net\/v2\/2011\/12\/28\/les-coups-de-coeur-de-la-redaction-2011-dans-les-salles-obscures-080015908\/","og_locale":"fr_FR","og_type":"article","og_title":"Les coups de c\u0153ur de la r\u00e9daction 2011 : dans les salles obscures - Save my brain","og_description":"Une bonne part de la r\u00e9daction de Save My Brain aime \u00e0 s&rsquo;enfermer dans des salles sombres. Mais pas sans raison ! Voici pourquoi&#8230;","og_url":"https:\/\/www.savemybrain.net\/v2\/2011\/12\/28\/les-coups-de-coeur-de-la-redaction-2011-dans-les-salles-obscures-080015908\/","og_site_name":"Save my brain","article_published_time":"2011-12-28T07:00:30+00:00","article_modified_time":"2011-12-28T10:54:07+00:00","og_image":[{"width":519,"height":768,"url":"https:\/\/www.savemybrain.net\/v2\/wp-content\/uploads\/2011\/12\/Black-Swan-affiche.jpg","type":"image\/jpeg"}],"author":"Nicolas Meunier","twitter_card":"summary_large_image","twitter_misc":{"\u00c9crit par":"Nicolas Meunier","Dur\u00e9e de lecture estim\u00e9e":"6 minutes","Written by":"Nicolas Meunier"},"schema":{"@context":"https:\/\/schema.org","@graph":[{"@type":"Article","@id":"https:\/\/www.savemybrain.net\/v2\/2011\/12\/28\/les-coups-de-coeur-de-la-redaction-2011-dans-les-salles-obscures-080015908\/#article","isPartOf":{"@id":"https:\/\/www.savemybrain.net\/v2\/2011\/12\/28\/les-coups-de-coeur-de-la-redaction-2011-dans-les-salles-obscures-080015908\/"},"author":{"name":"Nicolas Meunier","@id":"https:\/\/www.savemybrain.net\/v2\/#\/schema\/person\/adca4eceb0e4cf34ed857f24f64af640"},"headline":"Les coups de c\u0153ur de la r\u00e9daction 2011 : dans les salles obscures","datePublished":"2011-12-28T07:00:30+00:00","dateModified":"2011-12-28T10:54:07+00:00","mainEntityOfPage":{"@id":"https:\/\/www.savemybrain.net\/v2\/2011\/12\/28\/les-coups-de-coeur-de-la-redaction-2011-dans-les-salles-obscures-080015908\/"},"wordCount":1135,"commentCount":0,"image":{"@id":"https:\/\/www.savemybrain.net\/v2\/2011\/12\/28\/les-coups-de-coeur-de-la-redaction-2011-dans-les-salles-obscures-080015908\/#primaryimage"},"thumbnailUrl":"https:\/\/www.savemybrain.net\/v2\/wp-content\/uploads\/2011\/12\/Black-Swan-affiche.jpg","keywords":["Black Swan","Colin Firth","intouchables","nathalie portman","tintin"],"articleSection":["A la Une","Cin\u00e9ma","Dossiers"],"inLanguage":"fr-FR","potentialAction":[{"@type":"CommentAction","name":"Comment","target":["https:\/\/www.savemybrain.net\/v2\/2011\/12\/28\/les-coups-de-coeur-de-la-redaction-2011-dans-les-salles-obscures-080015908\/#respond"]}]},{"@type":"WebPage","@id":"https:\/\/www.savemybrain.net\/v2\/2011\/12\/28\/les-coups-de-coeur-de-la-redaction-2011-dans-les-salles-obscures-080015908\/","url":"https:\/\/www.savemybrain.net\/v2\/2011\/12\/28\/les-coups-de-coeur-de-la-redaction-2011-dans-les-salles-obscures-080015908\/","name":"Les coups de c\u0153ur de la r\u00e9daction 2011 : dans les salles obscures - Save my brain","isPartOf":{"@id":"https:\/\/www.savemybrain.net\/v2\/#website"},"primaryImageOfPage":{"@id":"https:\/\/www.savemybrain.net\/v2\/2011\/12\/28\/les-coups-de-coeur-de-la-redaction-2011-dans-les-salles-obscures-080015908\/#primaryimage"},"image":{"@id":"https:\/\/www.savemybrain.net\/v2\/2011\/12\/28\/les-coups-de-coeur-de-la-redaction-2011-dans-les-salles-obscures-080015908\/#primaryimage"},"thumbnailUrl":"https:\/\/www.savemybrain.net\/v2\/wp-content\/uploads\/2011\/12\/Black-Swan-affiche.jpg","datePublished":"2011-12-28T07:00:30+00:00","dateModified":"2011-12-28T10:54:07+00:00","author":{"@id":"https:\/\/www.savemybrain.net\/v2\/#\/schema\/person\/adca4eceb0e4cf34ed857f24f64af640"},"inLanguage":"fr-FR","potentialAction":[{"@type":"ReadAction","target":["https:\/\/www.savemybrain.net\/v2\/2011\/12\/28\/les-coups-de-coeur-de-la-redaction-2011-dans-les-salles-obscures-080015908\/"]}]},{"@type":"ImageObject","inLanguage":"fr-FR","@id":"https:\/\/www.savemybrain.net\/v2\/2011\/12\/28\/les-coups-de-coeur-de-la-redaction-2011-dans-les-salles-obscures-080015908\/#primaryimage","url":"https:\/\/www.savemybrain.net\/v2\/wp-content\/uploads\/2011\/12\/Black-Swan-affiche.jpg","contentUrl":"https:\/\/www.savemybrain.net\/v2\/wp-content\/uploads\/2011\/12\/Black-Swan-affiche.jpg","width":519,"height":768},{"@type":"WebSite","@id":"https:\/\/www.savemybrain.net\/v2\/#website","url":"https:\/\/www.savemybrain.net\/v2\/","name":"Save my brain","description":"Magazine lifestyle et culturel (depuis 2007)","potentialAction":[{"@type":"SearchAction","target":{"@type":"EntryPoint","urlTemplate":"https:\/\/www.savemybrain.net\/v2\/?s={search_term_string}"},"query-input":{"@type":"PropertyValueSpecification","valueRequired":true,"valueName":"search_term_string"}}],"inLanguage":"fr-FR"},{"@type":"Person","@id":"https:\/\/www.savemybrain.net\/v2\/#\/schema\/person\/adca4eceb0e4cf34ed857f24f64af640","name":"Nicolas Meunier","sameAs":["http:\/\/www.leblogauto.com\/author\/nicolas-meunier\/"],"url":"https:\/\/www.savemybrain.net\/v2\/author\/nicolasmeunier\/"}]}},"jetpack_featured_media_url":"https:\/\/www.savemybrain.net\/v2\/wp-content\/uploads\/2011\/12\/Black-Swan-affiche.jpg","jetpack_sharing_enabled":true,"_links":{"self":[{"href":"https:\/\/www.savemybrain.net\/v2\/wp-json\/wp\/v2\/posts\/15908","targetHints":{"allow":["GET"]}}],"collection":[{"href":"https:\/\/www.savemybrain.net\/v2\/wp-json\/wp\/v2\/posts"}],"about":[{"href":"https:\/\/www.savemybrain.net\/v2\/wp-json\/wp\/v2\/types\/post"}],"author":[{"embeddable":true,"href":"https:\/\/www.savemybrain.net\/v2\/wp-json\/wp\/v2\/users\/6"}],"replies":[{"embeddable":true,"href":"https:\/\/www.savemybrain.net\/v2\/wp-json\/wp\/v2\/comments?post=15908"}],"version-history":[{"count":0,"href":"https:\/\/www.savemybrain.net\/v2\/wp-json\/wp\/v2\/posts\/15908\/revisions"}],"wp:featuredmedia":[{"embeddable":true,"href":"https:\/\/www.savemybrain.net\/v2\/wp-json\/wp\/v2\/media\/15915"}],"wp:attachment":[{"href":"https:\/\/www.savemybrain.net\/v2\/wp-json\/wp\/v2\/media?parent=15908"}],"wp:term":[{"taxonomy":"category","embeddable":true,"href":"https:\/\/www.savemybrain.net\/v2\/wp-json\/wp\/v2\/categories?post=15908"},{"taxonomy":"post_tag","embeddable":true,"href":"https:\/\/www.savemybrain.net\/v2\/wp-json\/wp\/v2\/tags?post=15908"},{"taxonomy":"author","embeddable":true,"href":"https:\/\/www.savemybrain.net\/v2\/wp-json\/wp\/v2\/coauthors?post=15908"}],"curies":[{"name":"wp","href":"https:\/\/api.w.org\/{rel}","templated":true}]}}