{"id":1320,"date":"2010-07-24T08:30:16","date_gmt":"2010-07-24T06:30:16","guid":{"rendered":"http:\/\/savemybrain.net\/v2\/?p=1320"},"modified":"2010-07-12T11:33:16","modified_gmt":"2010-07-12T09:33:16","slug":"hair-bande-originale","status":"publish","type":"post","link":"https:\/\/www.savemybrain.net\/v2\/2010\/07\/24\/hair-bande-originale-08301320\/","title":{"rendered":"Hair &#8211; Bande Originale"},"content":{"rendered":"<p style=\"text-align: center;\"><img decoding=\"async\" class=\"aligncenter\" src=\"http:\/\/savemybrain.net\/medias\/cd_hair.jpg\" alt=\"\" \/><\/p>\n<p>Qui n&rsquo;a jamais entendu \u00ab\u00a0Let The Sunshine In\u00a0\u00bb ? Repris en fran\u00e7ais par Julien Clerc -alors tout jeune chanteur-, \u00e7a donnait \u00ab\u00a0Laissons entrer le soleil\u00a0\u00bb. Et du soleil, avec cette bande originale du film \u00ab\u00a0Hair\u00a0\u00bb, on en a plein les oreilles. Univers rock et terriblement rythm\u00e9 (pour s&rsquo;accorder aux nombreuses chor\u00e9graphies de la com\u00e9die musicale comme du film de Milos Forman), chansons interpr\u00e9t\u00e9es brillamment par les acteurs, odes aux valeurs hippies, tout est fait pour nous plonger dans une ambiance tr\u00e8s ann\u00e9es soixante, avec un ravissement des plus plaisants pour nos oreilles. Si la musique semble avoir l\u00e9g\u00e8rement vieilli, pas de panique, c&rsquo;est ce qui lui donne un charme encore plus certain et dont on ne saurait se lasser ! Alors, laissez pousser vos cheveux, mettez-y quelques fleurs, respirez et &#8230; laissez entrer le soleil avec ces vingt-sept fabuleux morceaux !<\/p>\n<p>A \u00e9couter : \u00ab\u00a0Hair\u00a0\u00bb &#8211; \u00ab\u00a0I got life\u00a0\u00bb &#8211; \u00ab\u00a0Ain&rsquo;t got\/I&rsquo;m black\u00a0\u00bb &#8211; \u00ab\u00a03 &#8211; 5 &#8211; 0 &#8211; 0\u00a0\u00bb<\/p>\n<p style=\"text-align: left;\"><em>* <a href=\"http:\/\/savemybrain.net\/v2\/category\/numeros\/cahier-de-vacances\/\" target=\"_self\">Cahier de vacances<\/a> 2010 \u2013 Article initialement  publi\u00e9  le <\/em><em><strong> <\/strong><\/em><em><span id=\"timestamp\"><strong>31 mars 2008<\/strong><\/span><\/em><\/p>\n","protected":false},"excerpt":{"rendered":"<p>Qui n&rsquo;a jamais entendu \u00ab\u00a0Let The Sunshine In\u00a0\u00bb ? Repris en fran\u00e7ais par Julien Clerc -alors tout jeune chanteur-, \u00e7a donnait \u00ab\u00a0Laissons entrer le soleil\u00a0\u00bb. Et du soleil, avec cette bande originale du film \u00ab\u00a0Hair\u00a0\u00bb, on en a plein les oreilles. Univers rock et terriblement rythm\u00e9 (pour s&rsquo;accorder aux nombreuses chor\u00e9graphies de la com\u00e9die musicale comme du film de Milos Forman), chansons interpr\u00e9t\u00e9es brillamment par les acteurs, odes aux valeurs hippies, tout est fait pour nous plonger dans une ambiance tr\u00e8s ann\u00e9es soixante, avec un ravissement des plus plaisants pour nos oreilles. Si la musique semble avoir l\u00e9g\u00e8rement vieilli, pas de panique, c&rsquo;est ce qui lui donne un charme encore plus certain et dont on ne saurait se lasser ! Alors, laissez pousser vos cheveux, mettez-y quelques fleurs, respirez et &#8230; laissez entrer le soleil avec ces vingt-sept fabuleux morceaux ! A \u00e9couter : \u00ab\u00a0Hair\u00a0\u00bb &#8211; \u00ab\u00a0I got life\u00a0\u00bb &#8211; \u00ab\u00a0Ain&rsquo;t got\/I&rsquo;m black\u00a0\u00bb &#8211; \u00ab\u00a03 &#8211; 5 &#8211; 0 &#8211; 0\u00a0\u00bb * Cahier de vacances 2010 \u2013 Article initialement publi\u00e9 le 31 mars 2008<\/p>\n","protected":false},"author":2,"featured_media":0,"comment_status":"open","ping_status":"open","sticky":false,"template":"","format":"standard","meta":{"_jetpack_memberships_contains_paid_content":false,"footnotes":""},"categories":[47],"tags":[388,387,389],"coauthors":[],"class_list":["post-1320","post","type-post","status-publish","format-standard","hentry","category-chroniques-cd","tag-comedie-musicale","tag-hair","tag-milos-forman"],"yoast_head":"<!-- This site is optimized with the Yoast SEO plugin v27.2 - https:\/\/yoast.com\/product\/yoast-seo-wordpress\/ -->\n<title>Hair - Bande Originale - Save my brain<\/title>\n<meta name=\"robots\" content=\"index, follow, max-snippet:-1, max-image-preview:large, max-video-preview:-1\" \/>\n<link rel=\"canonical\" href=\"https:\/\/www.savemybrain.net\/v2\/2010\/07\/24\/hair-bande-originale-08301320\/\" \/>\n<meta property=\"og:locale\" content=\"fr_FR\" \/>\n<meta property=\"og:type\" content=\"article\" \/>\n<meta property=\"og:title\" content=\"Hair - Bande Originale - Save my brain\" \/>\n<meta property=\"og:description\" content=\"Qui n&rsquo;a jamais entendu \u00ab\u00a0Let The Sunshine In\u00a0\u00bb ? Repris en fran\u00e7ais par Julien Clerc -alors tout jeune chanteur-, \u00e7a donnait \u00ab\u00a0Laissons entrer le soleil\u00a0\u00bb. Et du soleil, avec cette bande originale du film \u00ab\u00a0Hair\u00a0\u00bb, on en a plein les oreilles. Univers rock et terriblement rythm\u00e9 (pour s&rsquo;accorder aux nombreuses chor\u00e9graphies de la com\u00e9die musicale comme du film de Milos Forman), chansons interpr\u00e9t\u00e9es brillamment par les acteurs, odes aux valeurs hippies, tout est fait pour nous plonger dans une ambiance tr\u00e8s ann\u00e9es soixante, avec un ravissement des plus plaisants pour nos oreilles. Si la musique semble avoir l\u00e9g\u00e8rement vieilli, pas de panique, c&rsquo;est ce qui lui donne un charme encore plus certain et dont on ne saurait se lasser ! Alors, laissez pousser vos cheveux, mettez-y quelques fleurs, respirez et &#8230; laissez entrer le soleil avec ces vingt-sept fabuleux morceaux ! A \u00e9couter : \u00ab\u00a0Hair\u00a0\u00bb &#8211; \u00ab\u00a0I got life\u00a0\u00bb &#8211; \u00ab\u00a0Ain&rsquo;t got\/I&rsquo;m black\u00a0\u00bb &#8211; \u00ab\u00a03 &#8211; 5 &#8211; 0 &#8211; 0\u00a0\u00bb * Cahier de vacances 2010 \u2013 Article initialement publi\u00e9 le 31 mars 2008\" \/>\n<meta property=\"og:url\" content=\"https:\/\/www.savemybrain.net\/v2\/2010\/07\/24\/hair-bande-originale-08301320\/\" \/>\n<meta property=\"og:site_name\" content=\"Save my brain\" \/>\n<meta property=\"article:published_time\" content=\"2010-07-24T06:30:16+00:00\" \/>\n<meta property=\"og:image\" content=\"http:\/\/savemybrain.net\/medias\/cd_hair.jpg\" \/>\n<meta name=\"author\" content=\"Nelly Glassmann\" \/>\n<meta name=\"twitter:card\" content=\"summary_large_image\" \/>\n<meta name=\"twitter:label1\" content=\"\u00c9crit par\" \/>\n\t<meta name=\"twitter:data1\" content=\"Nelly Glassmann\" \/>\n\t<meta name=\"twitter:label2\" content=\"Dur\u00e9e de lecture estim\u00e9e\" \/>\n\t<meta name=\"twitter:data2\" content=\"1 minute\" \/>\n\t<meta name=\"twitter:label3\" content=\"Written by\" \/>\n\t<meta name=\"twitter:data3\" content=\"Nelly Glassmann\" \/>\n<script type=\"application\/ld+json\" class=\"yoast-schema-graph\">{\"@context\":\"https:\/\/schema.org\",\"@graph\":[{\"@type\":\"Article\",\"@id\":\"https:\/\/www.savemybrain.net\/v2\/2010\/07\/24\/hair-bande-originale-08301320\/#article\",\"isPartOf\":{\"@id\":\"https:\/\/www.savemybrain.net\/v2\/2010\/07\/24\/hair-bande-originale-08301320\/\"},\"author\":{\"name\":\"Nelly Glassmann\",\"@id\":\"https:\/\/www.savemybrain.net\/v2\/#\/schema\/person\/b28d4c5c288c90b3556cd04ff103091a\"},\"headline\":\"Hair &#8211; Bande Originale\",\"datePublished\":\"2010-07-24T06:30:16+00:00\",\"mainEntityOfPage\":{\"@id\":\"https:\/\/www.savemybrain.net\/v2\/2010\/07\/24\/hair-bande-originale-08301320\/\"},\"wordCount\":174,\"commentCount\":0,\"image\":{\"@id\":\"https:\/\/www.savemybrain.net\/v2\/2010\/07\/24\/hair-bande-originale-08301320\/#primaryimage\"},\"thumbnailUrl\":\"http:\/\/savemybrain.net\/medias\/cd_hair.jpg\",\"keywords\":[\"com\u00e9die musicale\",\"hair\",\"milos forman\"],\"articleSection\":[\"CD\"],\"inLanguage\":\"fr-FR\",\"potentialAction\":[{\"@type\":\"CommentAction\",\"name\":\"Comment\",\"target\":[\"https:\/\/www.savemybrain.net\/v2\/2010\/07\/24\/hair-bande-originale-08301320\/#respond\"]}]},{\"@type\":\"WebPage\",\"@id\":\"https:\/\/www.savemybrain.net\/v2\/2010\/07\/24\/hair-bande-originale-08301320\/\",\"url\":\"https:\/\/www.savemybrain.net\/v2\/2010\/07\/24\/hair-bande-originale-08301320\/\",\"name\":\"Hair - Bande Originale - Save my brain\",\"isPartOf\":{\"@id\":\"https:\/\/www.savemybrain.net\/v2\/#website\"},\"primaryImageOfPage\":{\"@id\":\"https:\/\/www.savemybrain.net\/v2\/2010\/07\/24\/hair-bande-originale-08301320\/#primaryimage\"},\"image\":{\"@id\":\"https:\/\/www.savemybrain.net\/v2\/2010\/07\/24\/hair-bande-originale-08301320\/#primaryimage\"},\"thumbnailUrl\":\"http:\/\/savemybrain.net\/medias\/cd_hair.jpg\",\"datePublished\":\"2010-07-24T06:30:16+00:00\",\"author\":{\"@id\":\"https:\/\/www.savemybrain.net\/v2\/#\/schema\/person\/b28d4c5c288c90b3556cd04ff103091a\"},\"inLanguage\":\"fr-FR\",\"potentialAction\":[{\"@type\":\"ReadAction\",\"target\":[\"https:\/\/www.savemybrain.net\/v2\/2010\/07\/24\/hair-bande-originale-08301320\/\"]}]},{\"@type\":\"ImageObject\",\"inLanguage\":\"fr-FR\",\"@id\":\"https:\/\/www.savemybrain.net\/v2\/2010\/07\/24\/hair-bande-originale-08301320\/#primaryimage\",\"url\":\"http:\/\/savemybrain.net\/medias\/cd_hair.jpg\",\"contentUrl\":\"http:\/\/savemybrain.net\/medias\/cd_hair.jpg\"},{\"@type\":\"WebSite\",\"@id\":\"https:\/\/www.savemybrain.net\/v2\/#website\",\"url\":\"https:\/\/www.savemybrain.net\/v2\/\",\"name\":\"Save my brain\",\"description\":\"Magazine lifestyle et culturel (depuis 2007)\",\"potentialAction\":[{\"@type\":\"SearchAction\",\"target\":{\"@type\":\"EntryPoint\",\"urlTemplate\":\"https:\/\/www.savemybrain.net\/v2\/?s={search_term_string}\"},\"query-input\":{\"@type\":\"PropertyValueSpecification\",\"valueRequired\":true,\"valueName\":\"search_term_string\"}}],\"inLanguage\":\"fr-FR\"},{\"@type\":\"Person\",\"@id\":\"https:\/\/www.savemybrain.net\/v2\/#\/schema\/person\/b28d4c5c288c90b3556cd04ff103091a\",\"name\":\"Nelly Glassmann\",\"description\":\"Sainte r\u00e9dac chef de Save My Brain depuis 2007.\",\"sameAs\":[\"http:\/\/nellyglassmann.fr\/\"],\"url\":\"https:\/\/www.savemybrain.net\/v2\/author\/nelly\/\"}]}<\/script>\n<!-- \/ Yoast SEO plugin. -->","yoast_head_json":{"title":"Hair - Bande Originale - Save my brain","robots":{"index":"index","follow":"follow","max-snippet":"max-snippet:-1","max-image-preview":"max-image-preview:large","max-video-preview":"max-video-preview:-1"},"canonical":"https:\/\/www.savemybrain.net\/v2\/2010\/07\/24\/hair-bande-originale-08301320\/","og_locale":"fr_FR","og_type":"article","og_title":"Hair - Bande Originale - Save my brain","og_description":"Qui n&rsquo;a jamais entendu \u00ab\u00a0Let The Sunshine In\u00a0\u00bb ? Repris en fran\u00e7ais par Julien Clerc -alors tout jeune chanteur-, \u00e7a donnait \u00ab\u00a0Laissons entrer le soleil\u00a0\u00bb. Et du soleil, avec cette bande originale du film \u00ab\u00a0Hair\u00a0\u00bb, on en a plein les oreilles. Univers rock et terriblement rythm\u00e9 (pour s&rsquo;accorder aux nombreuses chor\u00e9graphies de la com\u00e9die musicale comme du film de Milos Forman), chansons interpr\u00e9t\u00e9es brillamment par les acteurs, odes aux valeurs hippies, tout est fait pour nous plonger dans une ambiance tr\u00e8s ann\u00e9es soixante, avec un ravissement des plus plaisants pour nos oreilles. Si la musique semble avoir l\u00e9g\u00e8rement vieilli, pas de panique, c&rsquo;est ce qui lui donne un charme encore plus certain et dont on ne saurait se lasser ! Alors, laissez pousser vos cheveux, mettez-y quelques fleurs, respirez et &#8230; laissez entrer le soleil avec ces vingt-sept fabuleux morceaux ! A \u00e9couter : \u00ab\u00a0Hair\u00a0\u00bb &#8211; \u00ab\u00a0I got life\u00a0\u00bb &#8211; \u00ab\u00a0Ain&rsquo;t got\/I&rsquo;m black\u00a0\u00bb &#8211; \u00ab\u00a03 &#8211; 5 &#8211; 0 &#8211; 0\u00a0\u00bb * Cahier de vacances 2010 \u2013 Article initialement publi\u00e9 le 31 mars 2008","og_url":"https:\/\/www.savemybrain.net\/v2\/2010\/07\/24\/hair-bande-originale-08301320\/","og_site_name":"Save my brain","article_published_time":"2010-07-24T06:30:16+00:00","og_image":[{"url":"http:\/\/savemybrain.net\/medias\/cd_hair.jpg","type":"","width":"","height":""}],"author":"Nelly Glassmann","twitter_card":"summary_large_image","twitter_misc":{"\u00c9crit par":"Nelly Glassmann","Dur\u00e9e de lecture estim\u00e9e":"1 minute","Written by":"Nelly Glassmann"},"schema":{"@context":"https:\/\/schema.org","@graph":[{"@type":"Article","@id":"https:\/\/www.savemybrain.net\/v2\/2010\/07\/24\/hair-bande-originale-08301320\/#article","isPartOf":{"@id":"https:\/\/www.savemybrain.net\/v2\/2010\/07\/24\/hair-bande-originale-08301320\/"},"author":{"name":"Nelly Glassmann","@id":"https:\/\/www.savemybrain.net\/v2\/#\/schema\/person\/b28d4c5c288c90b3556cd04ff103091a"},"headline":"Hair &#8211; Bande Originale","datePublished":"2010-07-24T06:30:16+00:00","mainEntityOfPage":{"@id":"https:\/\/www.savemybrain.net\/v2\/2010\/07\/24\/hair-bande-originale-08301320\/"},"wordCount":174,"commentCount":0,"image":{"@id":"https:\/\/www.savemybrain.net\/v2\/2010\/07\/24\/hair-bande-originale-08301320\/#primaryimage"},"thumbnailUrl":"http:\/\/savemybrain.net\/medias\/cd_hair.jpg","keywords":["com\u00e9die musicale","hair","milos forman"],"articleSection":["CD"],"inLanguage":"fr-FR","potentialAction":[{"@type":"CommentAction","name":"Comment","target":["https:\/\/www.savemybrain.net\/v2\/2010\/07\/24\/hair-bande-originale-08301320\/#respond"]}]},{"@type":"WebPage","@id":"https:\/\/www.savemybrain.net\/v2\/2010\/07\/24\/hair-bande-originale-08301320\/","url":"https:\/\/www.savemybrain.net\/v2\/2010\/07\/24\/hair-bande-originale-08301320\/","name":"Hair - Bande Originale - Save my brain","isPartOf":{"@id":"https:\/\/www.savemybrain.net\/v2\/#website"},"primaryImageOfPage":{"@id":"https:\/\/www.savemybrain.net\/v2\/2010\/07\/24\/hair-bande-originale-08301320\/#primaryimage"},"image":{"@id":"https:\/\/www.savemybrain.net\/v2\/2010\/07\/24\/hair-bande-originale-08301320\/#primaryimage"},"thumbnailUrl":"http:\/\/savemybrain.net\/medias\/cd_hair.jpg","datePublished":"2010-07-24T06:30:16+00:00","author":{"@id":"https:\/\/www.savemybrain.net\/v2\/#\/schema\/person\/b28d4c5c288c90b3556cd04ff103091a"},"inLanguage":"fr-FR","potentialAction":[{"@type":"ReadAction","target":["https:\/\/www.savemybrain.net\/v2\/2010\/07\/24\/hair-bande-originale-08301320\/"]}]},{"@type":"ImageObject","inLanguage":"fr-FR","@id":"https:\/\/www.savemybrain.net\/v2\/2010\/07\/24\/hair-bande-originale-08301320\/#primaryimage","url":"http:\/\/savemybrain.net\/medias\/cd_hair.jpg","contentUrl":"http:\/\/savemybrain.net\/medias\/cd_hair.jpg"},{"@type":"WebSite","@id":"https:\/\/www.savemybrain.net\/v2\/#website","url":"https:\/\/www.savemybrain.net\/v2\/","name":"Save my brain","description":"Magazine lifestyle et culturel (depuis 2007)","potentialAction":[{"@type":"SearchAction","target":{"@type":"EntryPoint","urlTemplate":"https:\/\/www.savemybrain.net\/v2\/?s={search_term_string}"},"query-input":{"@type":"PropertyValueSpecification","valueRequired":true,"valueName":"search_term_string"}}],"inLanguage":"fr-FR"},{"@type":"Person","@id":"https:\/\/www.savemybrain.net\/v2\/#\/schema\/person\/b28d4c5c288c90b3556cd04ff103091a","name":"Nelly Glassmann","description":"Sainte r\u00e9dac chef de Save My Brain depuis 2007.","sameAs":["http:\/\/nellyglassmann.fr\/"],"url":"https:\/\/www.savemybrain.net\/v2\/author\/nelly\/"}]}},"jetpack_featured_media_url":"","jetpack_sharing_enabled":true,"_links":{"self":[{"href":"https:\/\/www.savemybrain.net\/v2\/wp-json\/wp\/v2\/posts\/1320","targetHints":{"allow":["GET"]}}],"collection":[{"href":"https:\/\/www.savemybrain.net\/v2\/wp-json\/wp\/v2\/posts"}],"about":[{"href":"https:\/\/www.savemybrain.net\/v2\/wp-json\/wp\/v2\/types\/post"}],"author":[{"embeddable":true,"href":"https:\/\/www.savemybrain.net\/v2\/wp-json\/wp\/v2\/users\/2"}],"replies":[{"embeddable":true,"href":"https:\/\/www.savemybrain.net\/v2\/wp-json\/wp\/v2\/comments?post=1320"}],"version-history":[{"count":0,"href":"https:\/\/www.savemybrain.net\/v2\/wp-json\/wp\/v2\/posts\/1320\/revisions"}],"wp:attachment":[{"href":"https:\/\/www.savemybrain.net\/v2\/wp-json\/wp\/v2\/media?parent=1320"}],"wp:term":[{"taxonomy":"category","embeddable":true,"href":"https:\/\/www.savemybrain.net\/v2\/wp-json\/wp\/v2\/categories?post=1320"},{"taxonomy":"post_tag","embeddable":true,"href":"https:\/\/www.savemybrain.net\/v2\/wp-json\/wp\/v2\/tags?post=1320"},{"taxonomy":"author","embeddable":true,"href":"https:\/\/www.savemybrain.net\/v2\/wp-json\/wp\/v2\/coauthors?post=1320"}],"curies":[{"name":"wp","href":"https:\/\/api.w.org\/{rel}","templated":true}]}}