{"id":13126,"date":"2011-10-13T15:00:10","date_gmt":"2011-10-13T13:00:10","guid":{"rendered":"http:\/\/savemybrain.net\/v2\/?p=13126"},"modified":"2011-10-16T17:46:54","modified_gmt":"2011-10-16T15:46:54","slug":"hussein-chalayan-au-musee-de-la-mode","status":"publish","type":"post","link":"https:\/\/www.savemybrain.net\/v2\/2011\/10\/13\/hussein-chalayan-au-musee-de-la-mode-150013126\/","title":{"rendered":"Hussein Chalayan au mus\u00e9e de la mode"},"content":{"rendered":"<p style=\"text-align: justify;\">Le dernier cr\u00e9ateur choisi par le Mus\u00e9e des Arts D\u00e9co est Hussein Chalayan. Si l\u2019exposition se montre remarquable, elle pr\u00e9sente avant tout le m\u00e9rite de mettre en avant les trouvailles extraordinaires du styliste d\u2019origine chypriote, impossibles \u00e0 saisir avec une simple galerie photo.<!--more--><\/p>\n<p style=\"text-align: justify;\"><img loading=\"lazy\" decoding=\"async\" class=\"aligncenter size-full wp-image-13165\" title=\"Hussein Chalayan (4)\" src=\"http:\/\/savemybrain.net\/v2\/wp-content\/uploads\/2011\/10\/Hussein-Chalayan-4.jpg\" alt=\"\" width=\"315\" height=\"479\" \/><\/p>\n<p style=\"text-align: justify;\">J\u2019ai en m\u00e9moire une photo d\u2019un d\u00e9fil\u00e9 d\u2019Hussein Chalayan. Un clich\u00e9 qui se trouve au fond de mes archives et qui m\u2019a toujours interpell\u00e9 par sa singularit\u00e9. Celui-ci fait voir une femme enti\u00e8rement nue, simplement v\u00eatue d\u2019un chapeau aux formes OVNIesques, qui ressemble plus \u00e0 un luminaire sign\u00e9 Philippe Stark qu\u2019\u00e0 un canotier charmant. Je m\u2019\u00e9tais toujours interrog\u00e9 quant \u00e0 l\u2019int\u00e9r\u00eat de cette silhouette\u00a0: le chapeau n\u2019apportait rien puisque port\u00e9 par d\u2019autres mod\u00e8les. Quant \u00e0 la tenue\u2026 Elle brillait par son absence et n\u2019avait par cons\u00e9quent rien \u00e0 d\u00e9montrer. Si cette interrogation est rest\u00e9e en suspens si longtemps chez moi, c\u2019est qu\u2019il me manquait un \u00e9l\u00e9ment cl\u00e9\u00a0: une vid\u00e9o du d\u00e9fil\u00e9.<\/p>\n<p style=\"text-align: justify;\">Au fond du premier \u00e9tage de la galerie du mus\u00e9e de la mode, la collection One Hundred and Eleven, du printemps-\u00e9t\u00e9 2007, se trouve pr\u00e9sent\u00e9e sous forme de vid\u00e9o. Absolument n\u00e9cessaire\u00a0: on y d\u00e9couvre tout d\u2019abord des pi\u00e8ces \u00e9l\u00e9gantes jouant d\u2019effets de transparence, une Agyness Deyn ang\u00e9lique dans une petite robe blanche faisant la part belle \u00e0 la dentelle, une extraordinaire robe faite de bulles de plastique transparent\u2026 Puis vient l\u2019\u00e9v\u00e9nement, sous la forme d\u2019une derni\u00e8re flop\u00e9e de looks \u00e0 g\u00e9om\u00e9trie variable. D\u2019abord, une robe victorienne qui se d\u00e9boutonne comme par magie. Puis un look extraterrestre form\u00e9 de plaques blanches, qui se d\u00e9sarticulent et se reforment avec des inserts m\u00e9talliques. Et finalement, une a\u00e9rienne robe de mousseline, tout bonnement aspir\u00e9 par le chapeau. Voil\u00e0 donc cette fameuse explication d\u2019un mannequin nu sur un podium, avec un chapeau pour seul v\u00eatement.<\/p>\n<p style=\"text-align: justify;\"><img loading=\"lazy\" decoding=\"async\" class=\"aligncenter size-full wp-image-13166\" title=\"Hussein Chalayan (2)\" src=\"http:\/\/savemybrain.net\/v2\/wp-content\/uploads\/2011\/10\/Hussein-Chalayan-2.jpg\" alt=\"\" width=\"500\" height=\"750\" srcset=\"https:\/\/www.savemybrain.net\/v2\/wp-content\/uploads\/2011\/10\/Hussein-Chalayan-2.jpg 500w, https:\/\/www.savemybrain.net\/v2\/wp-content\/uploads\/2011\/10\/Hussein-Chalayan-2-333x500.jpg 333w\" sizes=\"auto, (max-width: 500px) 100vw, 500px\" \/><\/p>\n<p style=\"text-align: justify;\">Assur\u00e9ment spectaculaire, cette collection n\u2019est qu\u2019un exemple du g\u00e9nie cr\u00e9atif d\u2019Hussein Chalayan. Dans tous les domaines du design, les stylistes doivent composer avec la philosophie de leur marque. Ainsi, le travail d\u2019un Christopher Bailey chez Burberry se confinera avant tout \u00e0 la r\u00e9interpr\u00e9tation des codes traditionnels d\u2019une maison centenaire. A l\u2019inverse, un cr\u00e9ateur dont la maison porte son nom pourra se permettre toutes les folies. C\u2019est le cas d\u2019Hussein Chalayan, qui m\u00eale avec brio pi\u00e8ces portables et looks r\u00e9volutionnaires dans une seule et m\u00eame collection. Mieux, le cr\u00e9ateur ne se contente pas de dessiner. Chaque collection correspond \u00e0 un th\u00e8me. Si la pratique est largement r\u00e9pandue dans le monde de la mode, les th\u00e8mes choisis par Hussein Chalayan ont souvent une port\u00e9e qui d\u00e9passe le cadre du v\u00eatement. Les th\u00e8mes des migrations, du cauchemar ou de la vitesse marquent \u00e0 ce point ses cr\u00e9ations qu\u2019il convient de les placer sur l\u2019exacte fronti\u00e8re qui existe entre la mode et l\u2019art contemporain.<\/p>\n<p style=\"text-align: justify;\"><img loading=\"lazy\" decoding=\"async\" class=\"aligncenter size-full wp-image-13167\" title=\"Hussein Chalayan (1)\" src=\"http:\/\/savemybrain.net\/v2\/wp-content\/uploads\/2011\/10\/Hussein-Chalayan-1.jpg\" alt=\"\" width=\"500\" height=\"457\" \/><\/p>\n<p style=\"text-align: justify;\">Au fil de la visite dans les galeries du mus\u00e9e de la mode, on d\u00e9couvre une robe qui tient dans une enveloppe de courrier postal \u00e0 envoyer par avion. Des r\u00e9f\u00e9rences \u00e0 des \u00e9v\u00e9nements politiques, comme le d\u00e9placement forc\u00e9 des Turcs chypriotes (d\u00e9fil\u00e9 Afterwords), des \u00e9toffes lac\u00e9r\u00e9es symboles de conflit arm\u00e9 (Manifest Destiny), des robes \u00ab\u00a0cin\u00e9tiques\u00a0\u00bb portant la trace de la vitesse dans leur volume comme si elles \u00e9taient issues d\u2019un dessin anim\u00e9 (Inertia) ou encore des tissus \u00e0 l\u2019aspect amical (\u00e0 mi chemin entre la toile de Jouy et la chemise hawa\u00efenne) qui repr\u00e9sentent en fait des sc\u00e8nes de guerre. Toutes ces significations ne se laissent d\u00e9couvrir qu\u2019apr\u00e8s examen, bien mieux mises en lumi\u00e8re dans des d\u00e9fil\u00e9s qui se r\u00e9v\u00e8lent comment de v\u00e9ritables happening.<\/p>\n<p style=\"text-align: justify;\"><img loading=\"lazy\" decoding=\"async\" class=\"aligncenter size-full wp-image-13168\" title=\"Hussein Chalayan (3)\" src=\"http:\/\/savemybrain.net\/v2\/wp-content\/uploads\/2011\/10\/Hussein-Chalayan-3.jpg\" alt=\"\" width=\"500\" height=\"762\" srcset=\"https:\/\/www.savemybrain.net\/v2\/wp-content\/uploads\/2011\/10\/Hussein-Chalayan-3.jpg 500w, https:\/\/www.savemybrain.net\/v2\/wp-content\/uploads\/2011\/10\/Hussein-Chalayan-3-328x500.jpg 328w\" sizes=\"auto, (max-width: 500px) 100vw, 500px\" \/><\/p>\n<p style=\"text-align: justify;\">En soulignant les divers aspects cr\u00e9atifs d\u2019Hussein Chalayan, ainsi que ses travaux dans le domaine de l\u2019art, le mus\u00e9e de la mode a su rendre gr\u00e2ce \u00e0 l\u2019inventivit\u00e9 du cr\u00e9ateur. Une exposition \u00e0 ne louper sous aucun pr\u00e9texte.<\/p>\n<p style=\"text-align: justify;\"><em>L\u2019exposition Hussein Chalayan court jusqu\u2019au 11 d\u00e9cembre 2011.<\/em><\/p>\n","protected":false},"excerpt":{"rendered":"<p>Le dernier cr\u00e9ateur choisi par le Mus\u00e9e des Arts D\u00e9co est Hussein Chalayan. Si l\u2019exposition se montre remarquable, elle pr\u00e9sente avant tout le m\u00e9rite de mettre en avant les trouvailles extraordinaires du styliste d\u2019origine chypriote, impossibles \u00e0 saisir avec une simple galerie photo.<\/p>\n","protected":false},"author":6,"featured_media":13167,"comment_status":"open","ping_status":"closed","sticky":false,"template":"","format":"standard","meta":{"_jetpack_memberships_contains_paid_content":false,"footnotes":""},"categories":[32],"tags":[3417,228,1908],"coauthors":[],"class_list":["post-13126","post","type-post","status-publish","format-standard","has-post-thumbnail","hentry","category-expositions-musees","tag-hussein-chalayan","tag-lexpo-du-mois","tag-musee-de-la-mode"],"yoast_head":"<!-- This site is optimized with the Yoast SEO plugin v27.2 - https:\/\/yoast.com\/product\/yoast-seo-wordpress\/ -->\n<title>Hussein Chalayan au mus\u00e9e de la mode - Save my brain<\/title>\n<meta name=\"robots\" content=\"index, follow, max-snippet:-1, max-image-preview:large, max-video-preview:-1\" \/>\n<link rel=\"canonical\" href=\"https:\/\/www.savemybrain.net\/v2\/2011\/10\/13\/hussein-chalayan-au-musee-de-la-mode-150013126\/\" \/>\n<meta property=\"og:locale\" content=\"fr_FR\" \/>\n<meta property=\"og:type\" content=\"article\" \/>\n<meta property=\"og:title\" content=\"Hussein Chalayan au mus\u00e9e de la mode - Save my brain\" \/>\n<meta property=\"og:description\" content=\"Le dernier cr\u00e9ateur choisi par le Mus\u00e9e des Arts D\u00e9co est Hussein Chalayan. Si l\u2019exposition se montre remarquable, elle pr\u00e9sente avant tout le m\u00e9rite de mettre en avant les trouvailles extraordinaires du styliste d\u2019origine chypriote, impossibles \u00e0 saisir avec une simple galerie photo.\" \/>\n<meta property=\"og:url\" content=\"https:\/\/www.savemybrain.net\/v2\/2011\/10\/13\/hussein-chalayan-au-musee-de-la-mode-150013126\/\" \/>\n<meta property=\"og:site_name\" content=\"Save my brain\" \/>\n<meta property=\"article:published_time\" content=\"2011-10-13T13:00:10+00:00\" \/>\n<meta property=\"article:modified_time\" content=\"2011-10-16T15:46:54+00:00\" \/>\n<meta property=\"og:image\" content=\"https:\/\/www.savemybrain.net\/v2\/wp-content\/uploads\/2011\/10\/Hussein-Chalayan-1.jpg\" \/>\n\t<meta property=\"og:image:width\" content=\"500\" \/>\n\t<meta property=\"og:image:height\" content=\"457\" \/>\n\t<meta property=\"og:image:type\" content=\"image\/jpeg\" \/>\n<meta name=\"author\" content=\"Nicolas Meunier\" \/>\n<meta name=\"twitter:card\" content=\"summary_large_image\" \/>\n<meta name=\"twitter:label1\" content=\"\u00c9crit par\" \/>\n\t<meta name=\"twitter:data1\" content=\"Nicolas Meunier\" \/>\n\t<meta name=\"twitter:label2\" content=\"Dur\u00e9e de lecture estim\u00e9e\" \/>\n\t<meta name=\"twitter:data2\" content=\"4 minutes\" \/>\n\t<meta name=\"twitter:label3\" content=\"Written by\" \/>\n\t<meta name=\"twitter:data3\" content=\"Nicolas Meunier\" \/>\n<script type=\"application\/ld+json\" class=\"yoast-schema-graph\">{\"@context\":\"https:\/\/schema.org\",\"@graph\":[{\"@type\":\"Article\",\"@id\":\"https:\/\/www.savemybrain.net\/v2\/2011\/10\/13\/hussein-chalayan-au-musee-de-la-mode-150013126\/#article\",\"isPartOf\":{\"@id\":\"https:\/\/www.savemybrain.net\/v2\/2011\/10\/13\/hussein-chalayan-au-musee-de-la-mode-150013126\/\"},\"author\":{\"name\":\"Nicolas Meunier\",\"@id\":\"https:\/\/www.savemybrain.net\/v2\/#\/schema\/person\/adca4eceb0e4cf34ed857f24f64af640\"},\"headline\":\"Hussein Chalayan au mus\u00e9e de la mode\",\"datePublished\":\"2011-10-13T13:00:10+00:00\",\"dateModified\":\"2011-10-16T15:46:54+00:00\",\"mainEntityOfPage\":{\"@id\":\"https:\/\/www.savemybrain.net\/v2\/2011\/10\/13\/hussein-chalayan-au-musee-de-la-mode-150013126\/\"},\"wordCount\":738,\"commentCount\":0,\"image\":{\"@id\":\"https:\/\/www.savemybrain.net\/v2\/2011\/10\/13\/hussein-chalayan-au-musee-de-la-mode-150013126\/#primaryimage\"},\"thumbnailUrl\":\"https:\/\/www.savemybrain.net\/v2\/wp-content\/uploads\/2011\/10\/Hussein-Chalayan-1.jpg\",\"keywords\":[\"Hussein Chalayan\",\"L'expo du mois\",\"Mus\u00e9e de la Mode\"],\"articleSection\":[\"Expositions\"],\"inLanguage\":\"fr-FR\",\"potentialAction\":[{\"@type\":\"CommentAction\",\"name\":\"Comment\",\"target\":[\"https:\/\/www.savemybrain.net\/v2\/2011\/10\/13\/hussein-chalayan-au-musee-de-la-mode-150013126\/#respond\"]}]},{\"@type\":\"WebPage\",\"@id\":\"https:\/\/www.savemybrain.net\/v2\/2011\/10\/13\/hussein-chalayan-au-musee-de-la-mode-150013126\/\",\"url\":\"https:\/\/www.savemybrain.net\/v2\/2011\/10\/13\/hussein-chalayan-au-musee-de-la-mode-150013126\/\",\"name\":\"Hussein Chalayan au mus\u00e9e de la mode - Save my brain\",\"isPartOf\":{\"@id\":\"https:\/\/www.savemybrain.net\/v2\/#website\"},\"primaryImageOfPage\":{\"@id\":\"https:\/\/www.savemybrain.net\/v2\/2011\/10\/13\/hussein-chalayan-au-musee-de-la-mode-150013126\/#primaryimage\"},\"image\":{\"@id\":\"https:\/\/www.savemybrain.net\/v2\/2011\/10\/13\/hussein-chalayan-au-musee-de-la-mode-150013126\/#primaryimage\"},\"thumbnailUrl\":\"https:\/\/www.savemybrain.net\/v2\/wp-content\/uploads\/2011\/10\/Hussein-Chalayan-1.jpg\",\"datePublished\":\"2011-10-13T13:00:10+00:00\",\"dateModified\":\"2011-10-16T15:46:54+00:00\",\"author\":{\"@id\":\"https:\/\/www.savemybrain.net\/v2\/#\/schema\/person\/adca4eceb0e4cf34ed857f24f64af640\"},\"inLanguage\":\"fr-FR\",\"potentialAction\":[{\"@type\":\"ReadAction\",\"target\":[\"https:\/\/www.savemybrain.net\/v2\/2011\/10\/13\/hussein-chalayan-au-musee-de-la-mode-150013126\/\"]}]},{\"@type\":\"ImageObject\",\"inLanguage\":\"fr-FR\",\"@id\":\"https:\/\/www.savemybrain.net\/v2\/2011\/10\/13\/hussein-chalayan-au-musee-de-la-mode-150013126\/#primaryimage\",\"url\":\"https:\/\/www.savemybrain.net\/v2\/wp-content\/uploads\/2011\/10\/Hussein-Chalayan-1.jpg\",\"contentUrl\":\"https:\/\/www.savemybrain.net\/v2\/wp-content\/uploads\/2011\/10\/Hussein-Chalayan-1.jpg\",\"width\":500,\"height\":457},{\"@type\":\"WebSite\",\"@id\":\"https:\/\/www.savemybrain.net\/v2\/#website\",\"url\":\"https:\/\/www.savemybrain.net\/v2\/\",\"name\":\"Save my brain\",\"description\":\"Magazine lifestyle et culturel (depuis 2007)\",\"potentialAction\":[{\"@type\":\"SearchAction\",\"target\":{\"@type\":\"EntryPoint\",\"urlTemplate\":\"https:\/\/www.savemybrain.net\/v2\/?s={search_term_string}\"},\"query-input\":{\"@type\":\"PropertyValueSpecification\",\"valueRequired\":true,\"valueName\":\"search_term_string\"}}],\"inLanguage\":\"fr-FR\"},{\"@type\":\"Person\",\"@id\":\"https:\/\/www.savemybrain.net\/v2\/#\/schema\/person\/adca4eceb0e4cf34ed857f24f64af640\",\"name\":\"Nicolas Meunier\",\"sameAs\":[\"http:\/\/www.leblogauto.com\/author\/nicolas-meunier\/\"],\"url\":\"https:\/\/www.savemybrain.net\/v2\/author\/nicolasmeunier\/\"}]}<\/script>\n<!-- \/ Yoast SEO plugin. -->","yoast_head_json":{"title":"Hussein Chalayan au mus\u00e9e de la mode - Save my brain","robots":{"index":"index","follow":"follow","max-snippet":"max-snippet:-1","max-image-preview":"max-image-preview:large","max-video-preview":"max-video-preview:-1"},"canonical":"https:\/\/www.savemybrain.net\/v2\/2011\/10\/13\/hussein-chalayan-au-musee-de-la-mode-150013126\/","og_locale":"fr_FR","og_type":"article","og_title":"Hussein Chalayan au mus\u00e9e de la mode - Save my brain","og_description":"Le dernier cr\u00e9ateur choisi par le Mus\u00e9e des Arts D\u00e9co est Hussein Chalayan. Si l\u2019exposition se montre remarquable, elle pr\u00e9sente avant tout le m\u00e9rite de mettre en avant les trouvailles extraordinaires du styliste d\u2019origine chypriote, impossibles \u00e0 saisir avec une simple galerie photo.","og_url":"https:\/\/www.savemybrain.net\/v2\/2011\/10\/13\/hussein-chalayan-au-musee-de-la-mode-150013126\/","og_site_name":"Save my brain","article_published_time":"2011-10-13T13:00:10+00:00","article_modified_time":"2011-10-16T15:46:54+00:00","og_image":[{"width":500,"height":457,"url":"https:\/\/www.savemybrain.net\/v2\/wp-content\/uploads\/2011\/10\/Hussein-Chalayan-1.jpg","type":"image\/jpeg"}],"author":"Nicolas Meunier","twitter_card":"summary_large_image","twitter_misc":{"\u00c9crit par":"Nicolas Meunier","Dur\u00e9e de lecture estim\u00e9e":"4 minutes","Written by":"Nicolas Meunier"},"schema":{"@context":"https:\/\/schema.org","@graph":[{"@type":"Article","@id":"https:\/\/www.savemybrain.net\/v2\/2011\/10\/13\/hussein-chalayan-au-musee-de-la-mode-150013126\/#article","isPartOf":{"@id":"https:\/\/www.savemybrain.net\/v2\/2011\/10\/13\/hussein-chalayan-au-musee-de-la-mode-150013126\/"},"author":{"name":"Nicolas Meunier","@id":"https:\/\/www.savemybrain.net\/v2\/#\/schema\/person\/adca4eceb0e4cf34ed857f24f64af640"},"headline":"Hussein Chalayan au mus\u00e9e de la mode","datePublished":"2011-10-13T13:00:10+00:00","dateModified":"2011-10-16T15:46:54+00:00","mainEntityOfPage":{"@id":"https:\/\/www.savemybrain.net\/v2\/2011\/10\/13\/hussein-chalayan-au-musee-de-la-mode-150013126\/"},"wordCount":738,"commentCount":0,"image":{"@id":"https:\/\/www.savemybrain.net\/v2\/2011\/10\/13\/hussein-chalayan-au-musee-de-la-mode-150013126\/#primaryimage"},"thumbnailUrl":"https:\/\/www.savemybrain.net\/v2\/wp-content\/uploads\/2011\/10\/Hussein-Chalayan-1.jpg","keywords":["Hussein Chalayan","L'expo du mois","Mus\u00e9e de la Mode"],"articleSection":["Expositions"],"inLanguage":"fr-FR","potentialAction":[{"@type":"CommentAction","name":"Comment","target":["https:\/\/www.savemybrain.net\/v2\/2011\/10\/13\/hussein-chalayan-au-musee-de-la-mode-150013126\/#respond"]}]},{"@type":"WebPage","@id":"https:\/\/www.savemybrain.net\/v2\/2011\/10\/13\/hussein-chalayan-au-musee-de-la-mode-150013126\/","url":"https:\/\/www.savemybrain.net\/v2\/2011\/10\/13\/hussein-chalayan-au-musee-de-la-mode-150013126\/","name":"Hussein Chalayan au mus\u00e9e de la mode - Save my brain","isPartOf":{"@id":"https:\/\/www.savemybrain.net\/v2\/#website"},"primaryImageOfPage":{"@id":"https:\/\/www.savemybrain.net\/v2\/2011\/10\/13\/hussein-chalayan-au-musee-de-la-mode-150013126\/#primaryimage"},"image":{"@id":"https:\/\/www.savemybrain.net\/v2\/2011\/10\/13\/hussein-chalayan-au-musee-de-la-mode-150013126\/#primaryimage"},"thumbnailUrl":"https:\/\/www.savemybrain.net\/v2\/wp-content\/uploads\/2011\/10\/Hussein-Chalayan-1.jpg","datePublished":"2011-10-13T13:00:10+00:00","dateModified":"2011-10-16T15:46:54+00:00","author":{"@id":"https:\/\/www.savemybrain.net\/v2\/#\/schema\/person\/adca4eceb0e4cf34ed857f24f64af640"},"inLanguage":"fr-FR","potentialAction":[{"@type":"ReadAction","target":["https:\/\/www.savemybrain.net\/v2\/2011\/10\/13\/hussein-chalayan-au-musee-de-la-mode-150013126\/"]}]},{"@type":"ImageObject","inLanguage":"fr-FR","@id":"https:\/\/www.savemybrain.net\/v2\/2011\/10\/13\/hussein-chalayan-au-musee-de-la-mode-150013126\/#primaryimage","url":"https:\/\/www.savemybrain.net\/v2\/wp-content\/uploads\/2011\/10\/Hussein-Chalayan-1.jpg","contentUrl":"https:\/\/www.savemybrain.net\/v2\/wp-content\/uploads\/2011\/10\/Hussein-Chalayan-1.jpg","width":500,"height":457},{"@type":"WebSite","@id":"https:\/\/www.savemybrain.net\/v2\/#website","url":"https:\/\/www.savemybrain.net\/v2\/","name":"Save my brain","description":"Magazine lifestyle et culturel (depuis 2007)","potentialAction":[{"@type":"SearchAction","target":{"@type":"EntryPoint","urlTemplate":"https:\/\/www.savemybrain.net\/v2\/?s={search_term_string}"},"query-input":{"@type":"PropertyValueSpecification","valueRequired":true,"valueName":"search_term_string"}}],"inLanguage":"fr-FR"},{"@type":"Person","@id":"https:\/\/www.savemybrain.net\/v2\/#\/schema\/person\/adca4eceb0e4cf34ed857f24f64af640","name":"Nicolas Meunier","sameAs":["http:\/\/www.leblogauto.com\/author\/nicolas-meunier\/"],"url":"https:\/\/www.savemybrain.net\/v2\/author\/nicolasmeunier\/"}]}},"jetpack_featured_media_url":"https:\/\/www.savemybrain.net\/v2\/wp-content\/uploads\/2011\/10\/Hussein-Chalayan-1.jpg","jetpack_sharing_enabled":true,"_links":{"self":[{"href":"https:\/\/www.savemybrain.net\/v2\/wp-json\/wp\/v2\/posts\/13126","targetHints":{"allow":["GET"]}}],"collection":[{"href":"https:\/\/www.savemybrain.net\/v2\/wp-json\/wp\/v2\/posts"}],"about":[{"href":"https:\/\/www.savemybrain.net\/v2\/wp-json\/wp\/v2\/types\/post"}],"author":[{"embeddable":true,"href":"https:\/\/www.savemybrain.net\/v2\/wp-json\/wp\/v2\/users\/6"}],"replies":[{"embeddable":true,"href":"https:\/\/www.savemybrain.net\/v2\/wp-json\/wp\/v2\/comments?post=13126"}],"version-history":[{"count":0,"href":"https:\/\/www.savemybrain.net\/v2\/wp-json\/wp\/v2\/posts\/13126\/revisions"}],"wp:featuredmedia":[{"embeddable":true,"href":"https:\/\/www.savemybrain.net\/v2\/wp-json\/wp\/v2\/media\/13167"}],"wp:attachment":[{"href":"https:\/\/www.savemybrain.net\/v2\/wp-json\/wp\/v2\/media?parent=13126"}],"wp:term":[{"taxonomy":"category","embeddable":true,"href":"https:\/\/www.savemybrain.net\/v2\/wp-json\/wp\/v2\/categories?post=13126"},{"taxonomy":"post_tag","embeddable":true,"href":"https:\/\/www.savemybrain.net\/v2\/wp-json\/wp\/v2\/tags?post=13126"},{"taxonomy":"author","embeddable":true,"href":"https:\/\/www.savemybrain.net\/v2\/wp-json\/wp\/v2\/coauthors?post=13126"}],"curies":[{"name":"wp","href":"https:\/\/api.w.org\/{rel}","templated":true}]}}