{"id":125,"date":"2008-11-19T08:00:58","date_gmt":"2008-11-19T07:00:58","guid":{"rendered":"http:\/\/savemybrain.net\/v2\/?p=125"},"modified":"2011-10-16T19:23:19","modified_gmt":"2011-10-16T17:23:19","slug":"les-lentilles-de-couleurs","status":"publish","type":"post","link":"https:\/\/www.savemybrain.net\/v2\/2008\/11\/19\/les-lentilles-de-couleurs-0800125\/","title":{"rendered":"Les lentilles de couleurs"},"content":{"rendered":"<p align=\"justify\">En mati\u00e8re d\u2019\u00a0\u00ab\u00a0ornements\u00a0\u00bb corporels, on peut trouver depuis la nuit des temps tout un tas d\u2019artifices qui nous affirment qu\u2019ils nous rendent \u00ab\u00a0plus\u00a0\u00bb. Plus quoi\u00a0? Plus belle, plus originale, plus sophistiqu\u00e9e et j\u2019en passe et des meilleures&#8230;<\/p>\n<p><!--more--><\/p>\n<p align=\"center\"><img loading=\"lazy\" decoding=\"async\" class=\"aligncenter size-full wp-image-145\" src=\"http:\/\/savemybrain.net\/v2\/wp-content\/uploads\/2008\/11\/lentillescouleur.jpg\" alt=\"\" width=\"400\" height=\"364\" \/><\/p>\n<p align=\"justify\">Dans le basique, on a le maquillage, la coloration capillaire, l\u2019autobronzant. Parfois m\u00eame les lunettes sont utilis\u00e9es en guise d\u2019accessoires.<\/p>\n<p align=\"justify\">Mais des lunettes, tout le monde n\u2019en veut pas forc\u00e9ment. Et c\u2019est l\u00e0 qu\u2019on se dirige vers les lentilles de contact, parce qu\u2019il faut bien admettre que c\u2019est pratique.<br \/>\nEt lors d\u2019une visite chez un opticien, outre les lunettes et lentilles classiques, on aper\u00e7oit souvent des bo\u00eetes avec des lentilles de diff\u00e9rentes couleurs.<\/p>\n<p align=\"justify\">\u00ab\u00a0Tiens, \u00e7a pourrait \u00eatre marrant, une jour les yeux bleus et le lendemain gris\u00a0!\u00a0\u00bb<\/p>\n<p align=\"justify\">Halte-l\u00e0 malheureuse!!! Les lentilles de couleurs n\u2019apportent qu\u2019un lot d\u2019ennuis en tous genres.<\/p>\n<p align=\"justify\">Explications\u00a0:<\/p>\n<p align=\"justify\">Imaginons que le jour o\u00f9 vous aviez d\u00e9cid\u00e9 de porter vos toutes nouvelles lentilles violettes, vous rencontriez l\u2019homme de votre vie, qui a craqu\u00e9 sur vos nouveaux yeux lagons-violets.<\/p>\n<p align=\"justify\">Vous vous revoyez, toujours lentill\u00e9e, et puis un beau matin, soit il vous retrouve les yeux marrons, soit les yeux gonfl\u00e9s et irrit\u00e9s parce que vous n\u2019aviez pas voulu retirer vos lentilles pour la nuit.<\/p>\n<p align=\"justify\">Et cerise sur le g\u00e2teau, vous vous retrouvez avec une conjonctivite horrible dont vous vous seriez ais\u00e9ment pass\u00e9e et un prince charming un peu d\u00e9boussol\u00e9 qui se demande avec qui vous avez \u00e9chang\u00e9 vos yeux\u2026<\/p>\n<p align=\"justify\">Imaginons maintenant que vous vouliez toujours vos lentilles bigarr\u00e9es, les couleurs sont tout bonnement trop voyantes et pas du tout r\u00e9alistes et discr\u00e8tes. Et tout le monde trouvera que vous avez des yeux bizarres. Bien s\u00fbr, tout le monde saura aussi que vous portez des lentilles de couleur moches.<\/p>\n<p align=\"justify\">Dernier argument, excellent en ces temps de crise, les lentilles, c\u2019est cher. 20\u20ac la bo\u00eete de 10 paires, ce n\u2019est pas vraiment bon march\u00e9. Ajoutez \u00e0 \u00e7a les frais de passage chez l\u2019ophtalmo et la facture a vite fait de grimper. Surtout si vous n\u2019avez pas de probl\u00e8mes de vue (bien qu\u2019un passage annuel soit fortement recommand\u00e9).<\/p>\n<p align=\"justify\">Apr\u00e8s ces quelques conseils, si j\u2019en vois une malheureuse \u00e0 cause de ses yeux de Huskies, qu\u2019elle ne vienne pas se plaindre\u00a0;)<\/p>\n","protected":false},"excerpt":{"rendered":"<p>En mati\u00e8re d\u2019\u00a0\u00ab\u00a0ornements\u00a0\u00bb corporels, on peut trouver depuis la nuit des temps tout un tas d\u2019artifices qui nous affirment qu\u2019ils nous rendent \u00ab\u00a0plus\u00a0\u00bb. Plus quoi\u00a0? Plus belle, plus originale, plus sophistiqu\u00e9e et j\u2019en passe et des meilleures&#8230;<\/p>\n","protected":false},"author":7,"featured_media":145,"comment_status":"open","ping_status":"open","sticky":false,"template":"","format":"standard","meta":{"_jetpack_memberships_contains_paid_content":false,"footnotes":""},"categories":[25,27],"tags":[20],"coauthors":[],"class_list":["post-125","post","type-post","status-publish","format-standard","has-post-thumbnail","hentry","category-chroniques-feminines-humeurs","category-je-nai-pas-teste-pour-vous","tag-lentilles"],"yoast_head":"<!-- This site is optimized with the Yoast SEO plugin v27.2 - https:\/\/yoast.com\/product\/yoast-seo-wordpress\/ -->\n<title>Les lentilles de couleurs - Save my brain<\/title>\n<meta name=\"robots\" content=\"index, follow, max-snippet:-1, max-image-preview:large, max-video-preview:-1\" \/>\n<link rel=\"canonical\" href=\"https:\/\/www.savemybrain.net\/v2\/2008\/11\/19\/les-lentilles-de-couleurs-0800125\/\" \/>\n<meta property=\"og:locale\" content=\"fr_FR\" \/>\n<meta property=\"og:type\" content=\"article\" \/>\n<meta property=\"og:title\" content=\"Les lentilles de couleurs - Save my brain\" \/>\n<meta property=\"og:description\" content=\"En mati\u00e8re d\u2019\u00a0\u00ab\u00a0ornements\u00a0\u00bb corporels, on peut trouver depuis la nuit des temps tout un tas d\u2019artifices qui nous affirment qu\u2019ils nous rendent \u00ab\u00a0plus\u00a0\u00bb. Plus quoi\u00a0? Plus belle, plus originale, plus sophistiqu\u00e9e et j\u2019en passe et des meilleures&#8230;\" \/>\n<meta property=\"og:url\" content=\"https:\/\/www.savemybrain.net\/v2\/2008\/11\/19\/les-lentilles-de-couleurs-0800125\/\" \/>\n<meta property=\"og:site_name\" content=\"Save my brain\" \/>\n<meta property=\"article:published_time\" content=\"2008-11-19T07:00:58+00:00\" \/>\n<meta property=\"article:modified_time\" content=\"2011-10-16T17:23:19+00:00\" \/>\n<meta property=\"og:image\" content=\"https:\/\/www.savemybrain.net\/v2\/wp-content\/uploads\/2008\/11\/lentillescouleur.jpg\" \/>\n\t<meta property=\"og:image:width\" content=\"400\" \/>\n\t<meta property=\"og:image:height\" content=\"364\" \/>\n\t<meta property=\"og:image:type\" content=\"image\/jpeg\" \/>\n<meta name=\"author\" content=\"Carine Rouzic\" \/>\n<meta name=\"twitter:card\" content=\"summary_large_image\" \/>\n<meta name=\"twitter:label1\" content=\"\u00c9crit par\" \/>\n\t<meta name=\"twitter:data1\" content=\"Carine Rouzic\" \/>\n\t<meta name=\"twitter:label2\" content=\"Dur\u00e9e de lecture estim\u00e9e\" \/>\n\t<meta name=\"twitter:data2\" content=\"2 minutes\" \/>\n\t<meta name=\"twitter:label3\" content=\"Written by\" \/>\n\t<meta name=\"twitter:data3\" content=\"Carine Rouzic\" \/>\n<script type=\"application\/ld+json\" class=\"yoast-schema-graph\">{\"@context\":\"https:\/\/schema.org\",\"@graph\":[{\"@type\":\"Article\",\"@id\":\"https:\/\/www.savemybrain.net\/v2\/2008\/11\/19\/les-lentilles-de-couleurs-0800125\/#article\",\"isPartOf\":{\"@id\":\"https:\/\/www.savemybrain.net\/v2\/2008\/11\/19\/les-lentilles-de-couleurs-0800125\/\"},\"author\":{\"name\":\"Carine Rouzic\",\"@id\":\"https:\/\/www.savemybrain.net\/v2\/#\/schema\/person\/5e0233164f187df02d6c83f553fe8b97\"},\"headline\":\"Les lentilles de couleurs\",\"datePublished\":\"2008-11-19T07:00:58+00:00\",\"dateModified\":\"2011-10-16T17:23:19+00:00\",\"mainEntityOfPage\":{\"@id\":\"https:\/\/www.savemybrain.net\/v2\/2008\/11\/19\/les-lentilles-de-couleurs-0800125\/\"},\"wordCount\":412,\"commentCount\":1,\"image\":{\"@id\":\"https:\/\/www.savemybrain.net\/v2\/2008\/11\/19\/les-lentilles-de-couleurs-0800125\/#primaryimage\"},\"thumbnailUrl\":\"https:\/\/www.savemybrain.net\/v2\/wp-content\/uploads\/2008\/11\/lentillescouleur.jpg\",\"keywords\":[\"lentilles\"],\"articleSection\":[\"Humeurs\",\"Je n'ai pas test\u00e9 pour vous\"],\"inLanguage\":\"fr-FR\",\"potentialAction\":[{\"@type\":\"CommentAction\",\"name\":\"Comment\",\"target\":[\"https:\/\/www.savemybrain.net\/v2\/2008\/11\/19\/les-lentilles-de-couleurs-0800125\/#respond\"]}]},{\"@type\":\"WebPage\",\"@id\":\"https:\/\/www.savemybrain.net\/v2\/2008\/11\/19\/les-lentilles-de-couleurs-0800125\/\",\"url\":\"https:\/\/www.savemybrain.net\/v2\/2008\/11\/19\/les-lentilles-de-couleurs-0800125\/\",\"name\":\"Les lentilles de couleurs - Save my brain\",\"isPartOf\":{\"@id\":\"https:\/\/www.savemybrain.net\/v2\/#website\"},\"primaryImageOfPage\":{\"@id\":\"https:\/\/www.savemybrain.net\/v2\/2008\/11\/19\/les-lentilles-de-couleurs-0800125\/#primaryimage\"},\"image\":{\"@id\":\"https:\/\/www.savemybrain.net\/v2\/2008\/11\/19\/les-lentilles-de-couleurs-0800125\/#primaryimage\"},\"thumbnailUrl\":\"https:\/\/www.savemybrain.net\/v2\/wp-content\/uploads\/2008\/11\/lentillescouleur.jpg\",\"datePublished\":\"2008-11-19T07:00:58+00:00\",\"dateModified\":\"2011-10-16T17:23:19+00:00\",\"author\":{\"@id\":\"https:\/\/www.savemybrain.net\/v2\/#\/schema\/person\/5e0233164f187df02d6c83f553fe8b97\"},\"inLanguage\":\"fr-FR\",\"potentialAction\":[{\"@type\":\"ReadAction\",\"target\":[\"https:\/\/www.savemybrain.net\/v2\/2008\/11\/19\/les-lentilles-de-couleurs-0800125\/\"]}]},{\"@type\":\"ImageObject\",\"inLanguage\":\"fr-FR\",\"@id\":\"https:\/\/www.savemybrain.net\/v2\/2008\/11\/19\/les-lentilles-de-couleurs-0800125\/#primaryimage\",\"url\":\"https:\/\/www.savemybrain.net\/v2\/wp-content\/uploads\/2008\/11\/lentillescouleur.jpg\",\"contentUrl\":\"https:\/\/www.savemybrain.net\/v2\/wp-content\/uploads\/2008\/11\/lentillescouleur.jpg\",\"width\":400,\"height\":364},{\"@type\":\"WebSite\",\"@id\":\"https:\/\/www.savemybrain.net\/v2\/#website\",\"url\":\"https:\/\/www.savemybrain.net\/v2\/\",\"name\":\"Save my brain\",\"description\":\"Magazine lifestyle et culturel (depuis 2007)\",\"potentialAction\":[{\"@type\":\"SearchAction\",\"target\":{\"@type\":\"EntryPoint\",\"urlTemplate\":\"https:\/\/www.savemybrain.net\/v2\/?s={search_term_string}\"},\"query-input\":{\"@type\":\"PropertyValueSpecification\",\"valueRequired\":true,\"valueName\":\"search_term_string\"}}],\"inLanguage\":\"fr-FR\"},{\"@type\":\"Person\",\"@id\":\"https:\/\/www.savemybrain.net\/v2\/#\/schema\/person\/5e0233164f187df02d6c83f553fe8b97\",\"name\":\"Carine Rouzic\",\"sameAs\":[\"http:\/\/www.blog-mademoisellec.net\"],\"url\":\"https:\/\/www.savemybrain.net\/v2\/author\/carinerouzic\/\"}]}<\/script>\n<!-- \/ Yoast SEO plugin. -->","yoast_head_json":{"title":"Les lentilles de couleurs - Save my brain","robots":{"index":"index","follow":"follow","max-snippet":"max-snippet:-1","max-image-preview":"max-image-preview:large","max-video-preview":"max-video-preview:-1"},"canonical":"https:\/\/www.savemybrain.net\/v2\/2008\/11\/19\/les-lentilles-de-couleurs-0800125\/","og_locale":"fr_FR","og_type":"article","og_title":"Les lentilles de couleurs - Save my brain","og_description":"En mati\u00e8re d\u2019\u00a0\u00ab\u00a0ornements\u00a0\u00bb corporels, on peut trouver depuis la nuit des temps tout un tas d\u2019artifices qui nous affirment qu\u2019ils nous rendent \u00ab\u00a0plus\u00a0\u00bb. Plus quoi\u00a0? Plus belle, plus originale, plus sophistiqu\u00e9e et j\u2019en passe et des meilleures&#8230;","og_url":"https:\/\/www.savemybrain.net\/v2\/2008\/11\/19\/les-lentilles-de-couleurs-0800125\/","og_site_name":"Save my brain","article_published_time":"2008-11-19T07:00:58+00:00","article_modified_time":"2011-10-16T17:23:19+00:00","og_image":[{"width":400,"height":364,"url":"https:\/\/www.savemybrain.net\/v2\/wp-content\/uploads\/2008\/11\/lentillescouleur.jpg","type":"image\/jpeg"}],"author":"Carine Rouzic","twitter_card":"summary_large_image","twitter_misc":{"\u00c9crit par":"Carine Rouzic","Dur\u00e9e de lecture estim\u00e9e":"2 minutes","Written by":"Carine Rouzic"},"schema":{"@context":"https:\/\/schema.org","@graph":[{"@type":"Article","@id":"https:\/\/www.savemybrain.net\/v2\/2008\/11\/19\/les-lentilles-de-couleurs-0800125\/#article","isPartOf":{"@id":"https:\/\/www.savemybrain.net\/v2\/2008\/11\/19\/les-lentilles-de-couleurs-0800125\/"},"author":{"name":"Carine Rouzic","@id":"https:\/\/www.savemybrain.net\/v2\/#\/schema\/person\/5e0233164f187df02d6c83f553fe8b97"},"headline":"Les lentilles de couleurs","datePublished":"2008-11-19T07:00:58+00:00","dateModified":"2011-10-16T17:23:19+00:00","mainEntityOfPage":{"@id":"https:\/\/www.savemybrain.net\/v2\/2008\/11\/19\/les-lentilles-de-couleurs-0800125\/"},"wordCount":412,"commentCount":1,"image":{"@id":"https:\/\/www.savemybrain.net\/v2\/2008\/11\/19\/les-lentilles-de-couleurs-0800125\/#primaryimage"},"thumbnailUrl":"https:\/\/www.savemybrain.net\/v2\/wp-content\/uploads\/2008\/11\/lentillescouleur.jpg","keywords":["lentilles"],"articleSection":["Humeurs","Je n'ai pas test\u00e9 pour vous"],"inLanguage":"fr-FR","potentialAction":[{"@type":"CommentAction","name":"Comment","target":["https:\/\/www.savemybrain.net\/v2\/2008\/11\/19\/les-lentilles-de-couleurs-0800125\/#respond"]}]},{"@type":"WebPage","@id":"https:\/\/www.savemybrain.net\/v2\/2008\/11\/19\/les-lentilles-de-couleurs-0800125\/","url":"https:\/\/www.savemybrain.net\/v2\/2008\/11\/19\/les-lentilles-de-couleurs-0800125\/","name":"Les lentilles de couleurs - Save my brain","isPartOf":{"@id":"https:\/\/www.savemybrain.net\/v2\/#website"},"primaryImageOfPage":{"@id":"https:\/\/www.savemybrain.net\/v2\/2008\/11\/19\/les-lentilles-de-couleurs-0800125\/#primaryimage"},"image":{"@id":"https:\/\/www.savemybrain.net\/v2\/2008\/11\/19\/les-lentilles-de-couleurs-0800125\/#primaryimage"},"thumbnailUrl":"https:\/\/www.savemybrain.net\/v2\/wp-content\/uploads\/2008\/11\/lentillescouleur.jpg","datePublished":"2008-11-19T07:00:58+00:00","dateModified":"2011-10-16T17:23:19+00:00","author":{"@id":"https:\/\/www.savemybrain.net\/v2\/#\/schema\/person\/5e0233164f187df02d6c83f553fe8b97"},"inLanguage":"fr-FR","potentialAction":[{"@type":"ReadAction","target":["https:\/\/www.savemybrain.net\/v2\/2008\/11\/19\/les-lentilles-de-couleurs-0800125\/"]}]},{"@type":"ImageObject","inLanguage":"fr-FR","@id":"https:\/\/www.savemybrain.net\/v2\/2008\/11\/19\/les-lentilles-de-couleurs-0800125\/#primaryimage","url":"https:\/\/www.savemybrain.net\/v2\/wp-content\/uploads\/2008\/11\/lentillescouleur.jpg","contentUrl":"https:\/\/www.savemybrain.net\/v2\/wp-content\/uploads\/2008\/11\/lentillescouleur.jpg","width":400,"height":364},{"@type":"WebSite","@id":"https:\/\/www.savemybrain.net\/v2\/#website","url":"https:\/\/www.savemybrain.net\/v2\/","name":"Save my brain","description":"Magazine lifestyle et culturel (depuis 2007)","potentialAction":[{"@type":"SearchAction","target":{"@type":"EntryPoint","urlTemplate":"https:\/\/www.savemybrain.net\/v2\/?s={search_term_string}"},"query-input":{"@type":"PropertyValueSpecification","valueRequired":true,"valueName":"search_term_string"}}],"inLanguage":"fr-FR"},{"@type":"Person","@id":"https:\/\/www.savemybrain.net\/v2\/#\/schema\/person\/5e0233164f187df02d6c83f553fe8b97","name":"Carine Rouzic","sameAs":["http:\/\/www.blog-mademoisellec.net"],"url":"https:\/\/www.savemybrain.net\/v2\/author\/carinerouzic\/"}]}},"jetpack_featured_media_url":"https:\/\/www.savemybrain.net\/v2\/wp-content\/uploads\/2008\/11\/lentillescouleur.jpg","jetpack_sharing_enabled":true,"_links":{"self":[{"href":"https:\/\/www.savemybrain.net\/v2\/wp-json\/wp\/v2\/posts\/125","targetHints":{"allow":["GET"]}}],"collection":[{"href":"https:\/\/www.savemybrain.net\/v2\/wp-json\/wp\/v2\/posts"}],"about":[{"href":"https:\/\/www.savemybrain.net\/v2\/wp-json\/wp\/v2\/types\/post"}],"author":[{"embeddable":true,"href":"https:\/\/www.savemybrain.net\/v2\/wp-json\/wp\/v2\/users\/7"}],"replies":[{"embeddable":true,"href":"https:\/\/www.savemybrain.net\/v2\/wp-json\/wp\/v2\/comments?post=125"}],"version-history":[{"count":0,"href":"https:\/\/www.savemybrain.net\/v2\/wp-json\/wp\/v2\/posts\/125\/revisions"}],"wp:featuredmedia":[{"embeddable":true,"href":"https:\/\/www.savemybrain.net\/v2\/wp-json\/wp\/v2\/media\/145"}],"wp:attachment":[{"href":"https:\/\/www.savemybrain.net\/v2\/wp-json\/wp\/v2\/media?parent=125"}],"wp:term":[{"taxonomy":"category","embeddable":true,"href":"https:\/\/www.savemybrain.net\/v2\/wp-json\/wp\/v2\/categories?post=125"},{"taxonomy":"post_tag","embeddable":true,"href":"https:\/\/www.savemybrain.net\/v2\/wp-json\/wp\/v2\/tags?post=125"},{"taxonomy":"author","embeddable":true,"href":"https:\/\/www.savemybrain.net\/v2\/wp-json\/wp\/v2\/coauthors?post=125"}],"curies":[{"name":"wp","href":"https:\/\/api.w.org\/{rel}","templated":true}]}}