{"id":11671,"date":"2011-04-20T13:30:32","date_gmt":"2011-04-20T11:30:32","guid":{"rendered":"http:\/\/savemybrain.net\/v2\/?p=11671"},"modified":"2011-04-20T10:31:41","modified_gmt":"2011-04-20T08:31:41","slug":"se-remettre-en-forme-pour-les-beaux-jours","status":"publish","type":"post","link":"https:\/\/www.savemybrain.net\/v2\/2011\/04\/20\/se-remettre-en-forme-pour-les-beaux-jours-133011671\/","title":{"rendered":"Se remettre en forme pour les beaux jours !"},"content":{"rendered":"<p>\u00ab \u00catre en forme \u00bb signifie, avant tout, \u00eatre bien dans sa peau. Cette sensation d\u00e9pend d\u2019un juste \u00e9quilibre entre trois \u00e9l\u00e9ments : la sant\u00e9 physique, la sant\u00e9 mentale et une alimentation saine.<\/p>\n<p>\u00c0 pr\u00e9sent, nous sommes bombard\u00e9es par une quantit\u00e9 d\u2019information hallucinante d\u2019information qui rend trop difficile \u00e0 identifier les meilleures pratiques pour d\u00e9velopper cet \u00e9quilibre : Dukan, Cohen, d\u00e9tox, Pilates, gym Su\u00e9doise, PowerPlate, Montignac, m\u00e9ditation, Atkins\u2026 enfin, vous savez de quoi je parle. Pour cette raison et apr\u00e8s une longue lecture des principaux ouvrages des entra\u00eeneurs et nutritionnistes, j\u2019ai voulu r\u00e9sumer en quelques phrases les conseils qui m\u2019ont le plus marqu\u00e9 et qui vont, peut-\u00eatre, contredire certains principes des r\u00e9gimes mentionn\u00e9s ci-dessus.<\/p>\n<p>La perte de poids permanente se fait de fa\u00e7on graduelle : une des principales causes du surpoids est l\u2019augmentation de la mati\u00e8re grasse dans notre corps. Plusieurs facteurs y contribuent, notamment la s\u00e9dentarit\u00e9, une alimentation d\u00e9s\u00e9quilibr\u00e9e, notre m\u00e9tabolisme, nos changements de rythme de vie. N\u00e9anmoins, la perte de graisse est relativement lente, car notre corps utilise en priorit\u00e9 les carbohydrates comme source d\u2019\u00e9nergie. Une grande partie des nutritionnistes mentionnent qu\u2019une perte de poids saine se trouve entre un demi-kilo et un kilo par semaine. C\u2019est-\u00e0-dire, au-del\u00e0 de ces limites, il est tr\u00e8s probable qu\u2019il s\u2019agisse d\u2019une perte de liquides ou de masse musculaire, et donc, vous allez gagner du poids \u00e0 partir du moment que vous allez vous r\u00e9hydrater.<\/p>\n<p><img loading=\"lazy\" decoding=\"async\" class=\"aligncenter\" title=\"Faire du sport\" src=\"http:\/\/savemybrain.net\/medias\/fairedusport.jpg\" alt=\"\" width=\"400\" height=\"266\" \/><\/p>\n<p>On ne peut pas cibler la perte du poids dans une partie du corps : malheureusement nous ne pouvons pas cibler notre perte de mati\u00e8re grasse. Il aurait \u00e9t\u00e9 vraiment extra de dire \u00e0 notre corps \u00ab Je voudrais maigrir uniquement des hanches et un petit peu des fesses s\u2019il te plait \u00bb. Notre corps ne fonctionne pas comme cela. En r\u00e9alit\u00e9, j\u2019ai d\u00e9couvert apr\u00e8s lecture de plusieurs articles que la perte de poids se fait souvent du haut vers le bas. Donc, les premiers effets de l\u2019amaigrissement sont visibles sur notre visage, puis nos bras et ce n\u2019est qu\u2019apr\u00e8s quelques semaines qu\u2019on voit une diminution du tour de taille, des hanches ou des jambes.<\/p>\n<p>Les muscles sont une machine brule graisse : bonne nouvelle\u2026 m\u00eame si nous ne pouvons pas cibler la perte de graisse, nous pouvons modeler notre corps en fortifiant nos muscles et \u00e9galement bruler encore plus de graisse ! En effet, les muscles consomment des calories pour fonctionner, plus ils sont grands, plus ils ont besoin d\u2019\u00e9nergie. Pour un grand nombre d\u2019entraineurs, l\u2019exercice musculaire est la priorit\u00e9 dans une routine br\u00fble graisse. Pour la rendre plus efficace, il faut travailler les grands muscles, notamment les jambes, le dos et les \u00e9paules.<\/p>\n<p>Essayez les exercices \u00e0 intervalles : de plus en plus d\u2019entra\u00eeneurs sont en train d\u2019abandonner les longues routines de sport en endurance (1 h ou plus \u00e0 70 % FCM). Plusieurs examens de laboratoire ont d\u00e9montr\u00e9 que les exercices d\u2019intervalles sont plus efficaces et acc\u00e9l\u00e8rent notre m\u00e9tabolisme. Une routine d\u2019intervalles se ressemble \u00e0 ceci : footing lent pendant 10 minutes, puis 2 s\u00e9ries de 6 r\u00e9p\u00e9titions en courant 30s vite \/ 30 s lent. Non seulement notre d\u00e9pense calorique va \u00eatre consid\u00e9rable, mais notre corps continuera \u00e0 br\u00fbler des calories apr\u00e8s la routine. Toutefois, les entra\u00eeneurs conseillent de faire un m\u00e9lange des s\u00e9ances d\u2019endurance et d\u2019intervalles, car chacune a ses points positifs.<\/p>\n<p>La perte de poids est 70 % alimentation et 30 % activit\u00e9 physique : Sauf si l\u2019on peut passer deux heures par jour dans la salle de sport, notre alimentation aura toujours un effet d\u00e9cisif sur notre poids. Si nous ne changeons pas nos habitudes alimentaires, on aura beaucoup plus du mal \u00e0 maintenir la perte de poids.<\/p>\n<p>Une alimentation seine et \u00e9quilibr\u00e9e avant tout : J\u2019ai eu vraiment du mal \u00e0 trouver un consensus sur un r\u00e9gime alimentaire sain. Faut-il r\u00e9duire les carbohydrates, les prot\u00e9ines, les lipides ? Je vous laisse choisir selon vos convictions, mais personnellement j\u2019adh\u00e8re \u00e0 l\u2019id\u00e9e d\u2019un r\u00e9gime \u00e9quilibr\u00e9. Il faut faire tr\u00e8s attention aux r\u00e9gimes qui \u00e9liminent radicalement un des \u00e9l\u00e9ments de notre alimentation, car les cons\u00e9quences sur l\u2019organisme peuvent \u00eatre catastrophiques.<\/p>\n<p>Mais avant tout, c\u2019est le mental qui nous rend belles : Last but not least ! Je crois \u00e9galement que nous sommes parfaites telles que nous sommes. Ce n\u2019est qu\u2019au moment qu\u2019on apprend \u00e0 s\u2019aimer avec nos caract\u00e9ristiques uniques, qu\u2019on pourra trouver l\u2019amour pour notre corps et pour la qualit\u00e9 de notre alimentation.<\/p>\n","protected":false},"excerpt":{"rendered":"<p>\u00ab \u00catre en forme \u00bb signifie, avant tout, \u00eatre bien dans sa peau. Cette sensation d\u00e9pend d\u2019un juste \u00e9quilibre entre trois \u00e9l\u00e9ments : la sant\u00e9 physique, la sant\u00e9 mentale et une alimentation saine. \u00c0 pr\u00e9sent, nous sommes bombard\u00e9es par une quantit\u00e9 d\u2019information hallucinante d\u2019information qui rend trop difficile \u00e0 identifier les meilleures pratiques pour d\u00e9velopper cet \u00e9quilibre : Dukan, Cohen, d\u00e9tox, Pilates, gym Su\u00e9doise, PowerPlate, Montignac, m\u00e9ditation, Atkins\u2026 enfin, vous savez de quoi je parle. Pour cette raison et apr\u00e8s une longue lecture des principaux ouvrages des entra\u00eeneurs et nutritionnistes, j\u2019ai voulu r\u00e9sumer en quelques phrases les conseils qui m\u2019ont le plus marqu\u00e9 et qui vont, peut-\u00eatre, contredire certains principes des r\u00e9gimes mentionn\u00e9s ci-dessus. La perte de poids permanente se fait de fa\u00e7on graduelle : une des principales causes du surpoids est l\u2019augmentation de la mati\u00e8re grasse dans notre corps. Plusieurs facteurs y contribuent, notamment la s\u00e9dentarit\u00e9, une alimentation d\u00e9s\u00e9quilibr\u00e9e, notre m\u00e9tabolisme, nos changements de rythme de vie. N\u00e9anmoins, la perte de graisse est relativement lente, car notre corps utilise en priorit\u00e9 les carbohydrates comme source d\u2019\u00e9nergie. Une grande partie des nutritionnistes mentionnent qu\u2019une perte de poids saine se trouve entre un demi-kilo et un kilo par semaine. C\u2019est-\u00e0-dire, au-del\u00e0 [&hellip;]<\/p>\n","protected":false},"author":63,"featured_media":0,"comment_status":"open","ping_status":"closed","sticky":false,"template":"","format":"standard","meta":{"_jetpack_memberships_contains_paid_content":false,"footnotes":""},"categories":[2890],"tags":[269,732],"coauthors":[],"class_list":["post-11671","post","type-post","status-publish","format-standard","hentry","category-un-corps-sain-dans-un-esprit-sain","tag-regime","tag-sport"],"yoast_head":"<!-- This site is optimized with the Yoast SEO plugin v27.2 - https:\/\/yoast.com\/product\/yoast-seo-wordpress\/ -->\n<title>Se remettre en forme pour les beaux jours ! - Save my brain<\/title>\n<meta name=\"robots\" content=\"index, follow, max-snippet:-1, max-image-preview:large, max-video-preview:-1\" \/>\n<link rel=\"canonical\" href=\"https:\/\/www.savemybrain.net\/v2\/2011\/04\/20\/se-remettre-en-forme-pour-les-beaux-jours-133011671\/\" \/>\n<meta property=\"og:locale\" content=\"fr_FR\" \/>\n<meta property=\"og:type\" content=\"article\" \/>\n<meta property=\"og:title\" content=\"Se remettre en forme pour les beaux jours ! - Save my brain\" \/>\n<meta property=\"og:description\" content=\"\u00ab \u00catre en forme \u00bb signifie, avant tout, \u00eatre bien dans sa peau. Cette sensation d\u00e9pend d\u2019un juste \u00e9quilibre entre trois \u00e9l\u00e9ments : la sant\u00e9 physique, la sant\u00e9 mentale et une alimentation saine. \u00c0 pr\u00e9sent, nous sommes bombard\u00e9es par une quantit\u00e9 d\u2019information hallucinante d\u2019information qui rend trop difficile \u00e0 identifier les meilleures pratiques pour d\u00e9velopper cet \u00e9quilibre : Dukan, Cohen, d\u00e9tox, Pilates, gym Su\u00e9doise, PowerPlate, Montignac, m\u00e9ditation, Atkins\u2026 enfin, vous savez de quoi je parle. Pour cette raison et apr\u00e8s une longue lecture des principaux ouvrages des entra\u00eeneurs et nutritionnistes, j\u2019ai voulu r\u00e9sumer en quelques phrases les conseils qui m\u2019ont le plus marqu\u00e9 et qui vont, peut-\u00eatre, contredire certains principes des r\u00e9gimes mentionn\u00e9s ci-dessus. La perte de poids permanente se fait de fa\u00e7on graduelle : une des principales causes du surpoids est l\u2019augmentation de la mati\u00e8re grasse dans notre corps. Plusieurs facteurs y contribuent, notamment la s\u00e9dentarit\u00e9, une alimentation d\u00e9s\u00e9quilibr\u00e9e, notre m\u00e9tabolisme, nos changements de rythme de vie. N\u00e9anmoins, la perte de graisse est relativement lente, car notre corps utilise en priorit\u00e9 les carbohydrates comme source d\u2019\u00e9nergie. Une grande partie des nutritionnistes mentionnent qu\u2019une perte de poids saine se trouve entre un demi-kilo et un kilo par semaine. C\u2019est-\u00e0-dire, au-del\u00e0 [&hellip;]\" \/>\n<meta property=\"og:url\" content=\"https:\/\/www.savemybrain.net\/v2\/2011\/04\/20\/se-remettre-en-forme-pour-les-beaux-jours-133011671\/\" \/>\n<meta property=\"og:site_name\" content=\"Save my brain\" \/>\n<meta property=\"article:published_time\" content=\"2011-04-20T11:30:32+00:00\" \/>\n<meta property=\"og:image\" content=\"http:\/\/savemybrain.net\/medias\/fairedusport.jpg\" \/>\n<meta name=\"author\" content=\"Alejandra Caracas\" \/>\n<meta name=\"twitter:card\" content=\"summary_large_image\" \/>\n<meta name=\"twitter:label1\" content=\"\u00c9crit par\" \/>\n\t<meta name=\"twitter:data1\" content=\"Alejandra Caracas\" \/>\n\t<meta name=\"twitter:label2\" content=\"Dur\u00e9e de lecture estim\u00e9e\" \/>\n\t<meta name=\"twitter:data2\" content=\"4 minutes\" \/>\n\t<meta name=\"twitter:label3\" content=\"Written by\" \/>\n\t<meta name=\"twitter:data3\" content=\"Alejandra Caracas\" \/>\n<script type=\"application\/ld+json\" class=\"yoast-schema-graph\">{\"@context\":\"https:\/\/schema.org\",\"@graph\":[{\"@type\":\"Article\",\"@id\":\"https:\/\/www.savemybrain.net\/v2\/2011\/04\/20\/se-remettre-en-forme-pour-les-beaux-jours-133011671\/#article\",\"isPartOf\":{\"@id\":\"https:\/\/www.savemybrain.net\/v2\/2011\/04\/20\/se-remettre-en-forme-pour-les-beaux-jours-133011671\/\"},\"author\":{\"name\":\"Alejandra Caracas\",\"@id\":\"https:\/\/www.savemybrain.net\/v2\/#\/schema\/person\/f429d053de938596010e8bc29f683412\"},\"headline\":\"Se remettre en forme pour les beaux jours !\",\"datePublished\":\"2011-04-20T11:30:32+00:00\",\"mainEntityOfPage\":{\"@id\":\"https:\/\/www.savemybrain.net\/v2\/2011\/04\/20\/se-remettre-en-forme-pour-les-beaux-jours-133011671\/\"},\"wordCount\":798,\"commentCount\":0,\"image\":{\"@id\":\"https:\/\/www.savemybrain.net\/v2\/2011\/04\/20\/se-remettre-en-forme-pour-les-beaux-jours-133011671\/#primaryimage\"},\"thumbnailUrl\":\"http:\/\/savemybrain.net\/medias\/fairedusport.jpg\",\"keywords\":[\"r\u00e9gime\",\"sport\"],\"articleSection\":[\"Un corps sain dans un esprit sain\"],\"inLanguage\":\"fr-FR\",\"potentialAction\":[{\"@type\":\"CommentAction\",\"name\":\"Comment\",\"target\":[\"https:\/\/www.savemybrain.net\/v2\/2011\/04\/20\/se-remettre-en-forme-pour-les-beaux-jours-133011671\/#respond\"]}]},{\"@type\":\"WebPage\",\"@id\":\"https:\/\/www.savemybrain.net\/v2\/2011\/04\/20\/se-remettre-en-forme-pour-les-beaux-jours-133011671\/\",\"url\":\"https:\/\/www.savemybrain.net\/v2\/2011\/04\/20\/se-remettre-en-forme-pour-les-beaux-jours-133011671\/\",\"name\":\"Se remettre en forme pour les beaux jours ! - Save my brain\",\"isPartOf\":{\"@id\":\"https:\/\/www.savemybrain.net\/v2\/#website\"},\"primaryImageOfPage\":{\"@id\":\"https:\/\/www.savemybrain.net\/v2\/2011\/04\/20\/se-remettre-en-forme-pour-les-beaux-jours-133011671\/#primaryimage\"},\"image\":{\"@id\":\"https:\/\/www.savemybrain.net\/v2\/2011\/04\/20\/se-remettre-en-forme-pour-les-beaux-jours-133011671\/#primaryimage\"},\"thumbnailUrl\":\"http:\/\/savemybrain.net\/medias\/fairedusport.jpg\",\"datePublished\":\"2011-04-20T11:30:32+00:00\",\"author\":{\"@id\":\"https:\/\/www.savemybrain.net\/v2\/#\/schema\/person\/f429d053de938596010e8bc29f683412\"},\"inLanguage\":\"fr-FR\",\"potentialAction\":[{\"@type\":\"ReadAction\",\"target\":[\"https:\/\/www.savemybrain.net\/v2\/2011\/04\/20\/se-remettre-en-forme-pour-les-beaux-jours-133011671\/\"]}]},{\"@type\":\"ImageObject\",\"inLanguage\":\"fr-FR\",\"@id\":\"https:\/\/www.savemybrain.net\/v2\/2011\/04\/20\/se-remettre-en-forme-pour-les-beaux-jours-133011671\/#primaryimage\",\"url\":\"http:\/\/savemybrain.net\/medias\/fairedusport.jpg\",\"contentUrl\":\"http:\/\/savemybrain.net\/medias\/fairedusport.jpg\"},{\"@type\":\"WebSite\",\"@id\":\"https:\/\/www.savemybrain.net\/v2\/#website\",\"url\":\"https:\/\/www.savemybrain.net\/v2\/\",\"name\":\"Save my brain\",\"description\":\"Magazine lifestyle et culturel (depuis 2007)\",\"potentialAction\":[{\"@type\":\"SearchAction\",\"target\":{\"@type\":\"EntryPoint\",\"urlTemplate\":\"https:\/\/www.savemybrain.net\/v2\/?s={search_term_string}\"},\"query-input\":{\"@type\":\"PropertyValueSpecification\",\"valueRequired\":true,\"valueName\":\"search_term_string\"}}],\"inLanguage\":\"fr-FR\"},{\"@type\":\"Person\",\"@id\":\"https:\/\/www.savemybrain.net\/v2\/#\/schema\/person\/f429d053de938596010e8bc29f683412\",\"name\":\"Alejandra Caracas\",\"url\":\"https:\/\/www.savemybrain.net\/v2\/author\/alejandracaracas\/\"}]}<\/script>\n<!-- \/ Yoast SEO plugin. -->","yoast_head_json":{"title":"Se remettre en forme pour les beaux jours ! - Save my brain","robots":{"index":"index","follow":"follow","max-snippet":"max-snippet:-1","max-image-preview":"max-image-preview:large","max-video-preview":"max-video-preview:-1"},"canonical":"https:\/\/www.savemybrain.net\/v2\/2011\/04\/20\/se-remettre-en-forme-pour-les-beaux-jours-133011671\/","og_locale":"fr_FR","og_type":"article","og_title":"Se remettre en forme pour les beaux jours ! - Save my brain","og_description":"\u00ab \u00catre en forme \u00bb signifie, avant tout, \u00eatre bien dans sa peau. Cette sensation d\u00e9pend d\u2019un juste \u00e9quilibre entre trois \u00e9l\u00e9ments : la sant\u00e9 physique, la sant\u00e9 mentale et une alimentation saine. \u00c0 pr\u00e9sent, nous sommes bombard\u00e9es par une quantit\u00e9 d\u2019information hallucinante d\u2019information qui rend trop difficile \u00e0 identifier les meilleures pratiques pour d\u00e9velopper cet \u00e9quilibre : Dukan, Cohen, d\u00e9tox, Pilates, gym Su\u00e9doise, PowerPlate, Montignac, m\u00e9ditation, Atkins\u2026 enfin, vous savez de quoi je parle. Pour cette raison et apr\u00e8s une longue lecture des principaux ouvrages des entra\u00eeneurs et nutritionnistes, j\u2019ai voulu r\u00e9sumer en quelques phrases les conseils qui m\u2019ont le plus marqu\u00e9 et qui vont, peut-\u00eatre, contredire certains principes des r\u00e9gimes mentionn\u00e9s ci-dessus. La perte de poids permanente se fait de fa\u00e7on graduelle : une des principales causes du surpoids est l\u2019augmentation de la mati\u00e8re grasse dans notre corps. Plusieurs facteurs y contribuent, notamment la s\u00e9dentarit\u00e9, une alimentation d\u00e9s\u00e9quilibr\u00e9e, notre m\u00e9tabolisme, nos changements de rythme de vie. N\u00e9anmoins, la perte de graisse est relativement lente, car notre corps utilise en priorit\u00e9 les carbohydrates comme source d\u2019\u00e9nergie. Une grande partie des nutritionnistes mentionnent qu\u2019une perte de poids saine se trouve entre un demi-kilo et un kilo par semaine. C\u2019est-\u00e0-dire, au-del\u00e0 [&hellip;]","og_url":"https:\/\/www.savemybrain.net\/v2\/2011\/04\/20\/se-remettre-en-forme-pour-les-beaux-jours-133011671\/","og_site_name":"Save my brain","article_published_time":"2011-04-20T11:30:32+00:00","og_image":[{"url":"http:\/\/savemybrain.net\/medias\/fairedusport.jpg","type":"","width":"","height":""}],"author":"Alejandra Caracas","twitter_card":"summary_large_image","twitter_misc":{"\u00c9crit par":"Alejandra Caracas","Dur\u00e9e de lecture estim\u00e9e":"4 minutes","Written by":"Alejandra Caracas"},"schema":{"@context":"https:\/\/schema.org","@graph":[{"@type":"Article","@id":"https:\/\/www.savemybrain.net\/v2\/2011\/04\/20\/se-remettre-en-forme-pour-les-beaux-jours-133011671\/#article","isPartOf":{"@id":"https:\/\/www.savemybrain.net\/v2\/2011\/04\/20\/se-remettre-en-forme-pour-les-beaux-jours-133011671\/"},"author":{"name":"Alejandra Caracas","@id":"https:\/\/www.savemybrain.net\/v2\/#\/schema\/person\/f429d053de938596010e8bc29f683412"},"headline":"Se remettre en forme pour les beaux jours !","datePublished":"2011-04-20T11:30:32+00:00","mainEntityOfPage":{"@id":"https:\/\/www.savemybrain.net\/v2\/2011\/04\/20\/se-remettre-en-forme-pour-les-beaux-jours-133011671\/"},"wordCount":798,"commentCount":0,"image":{"@id":"https:\/\/www.savemybrain.net\/v2\/2011\/04\/20\/se-remettre-en-forme-pour-les-beaux-jours-133011671\/#primaryimage"},"thumbnailUrl":"http:\/\/savemybrain.net\/medias\/fairedusport.jpg","keywords":["r\u00e9gime","sport"],"articleSection":["Un corps sain dans un esprit sain"],"inLanguage":"fr-FR","potentialAction":[{"@type":"CommentAction","name":"Comment","target":["https:\/\/www.savemybrain.net\/v2\/2011\/04\/20\/se-remettre-en-forme-pour-les-beaux-jours-133011671\/#respond"]}]},{"@type":"WebPage","@id":"https:\/\/www.savemybrain.net\/v2\/2011\/04\/20\/se-remettre-en-forme-pour-les-beaux-jours-133011671\/","url":"https:\/\/www.savemybrain.net\/v2\/2011\/04\/20\/se-remettre-en-forme-pour-les-beaux-jours-133011671\/","name":"Se remettre en forme pour les beaux jours ! - Save my brain","isPartOf":{"@id":"https:\/\/www.savemybrain.net\/v2\/#website"},"primaryImageOfPage":{"@id":"https:\/\/www.savemybrain.net\/v2\/2011\/04\/20\/se-remettre-en-forme-pour-les-beaux-jours-133011671\/#primaryimage"},"image":{"@id":"https:\/\/www.savemybrain.net\/v2\/2011\/04\/20\/se-remettre-en-forme-pour-les-beaux-jours-133011671\/#primaryimage"},"thumbnailUrl":"http:\/\/savemybrain.net\/medias\/fairedusport.jpg","datePublished":"2011-04-20T11:30:32+00:00","author":{"@id":"https:\/\/www.savemybrain.net\/v2\/#\/schema\/person\/f429d053de938596010e8bc29f683412"},"inLanguage":"fr-FR","potentialAction":[{"@type":"ReadAction","target":["https:\/\/www.savemybrain.net\/v2\/2011\/04\/20\/se-remettre-en-forme-pour-les-beaux-jours-133011671\/"]}]},{"@type":"ImageObject","inLanguage":"fr-FR","@id":"https:\/\/www.savemybrain.net\/v2\/2011\/04\/20\/se-remettre-en-forme-pour-les-beaux-jours-133011671\/#primaryimage","url":"http:\/\/savemybrain.net\/medias\/fairedusport.jpg","contentUrl":"http:\/\/savemybrain.net\/medias\/fairedusport.jpg"},{"@type":"WebSite","@id":"https:\/\/www.savemybrain.net\/v2\/#website","url":"https:\/\/www.savemybrain.net\/v2\/","name":"Save my brain","description":"Magazine lifestyle et culturel (depuis 2007)","potentialAction":[{"@type":"SearchAction","target":{"@type":"EntryPoint","urlTemplate":"https:\/\/www.savemybrain.net\/v2\/?s={search_term_string}"},"query-input":{"@type":"PropertyValueSpecification","valueRequired":true,"valueName":"search_term_string"}}],"inLanguage":"fr-FR"},{"@type":"Person","@id":"https:\/\/www.savemybrain.net\/v2\/#\/schema\/person\/f429d053de938596010e8bc29f683412","name":"Alejandra Caracas","url":"https:\/\/www.savemybrain.net\/v2\/author\/alejandracaracas\/"}]}},"jetpack_featured_media_url":"","jetpack_sharing_enabled":true,"_links":{"self":[{"href":"https:\/\/www.savemybrain.net\/v2\/wp-json\/wp\/v2\/posts\/11671","targetHints":{"allow":["GET"]}}],"collection":[{"href":"https:\/\/www.savemybrain.net\/v2\/wp-json\/wp\/v2\/posts"}],"about":[{"href":"https:\/\/www.savemybrain.net\/v2\/wp-json\/wp\/v2\/types\/post"}],"author":[{"embeddable":true,"href":"https:\/\/www.savemybrain.net\/v2\/wp-json\/wp\/v2\/users\/63"}],"replies":[{"embeddable":true,"href":"https:\/\/www.savemybrain.net\/v2\/wp-json\/wp\/v2\/comments?post=11671"}],"version-history":[{"count":0,"href":"https:\/\/www.savemybrain.net\/v2\/wp-json\/wp\/v2\/posts\/11671\/revisions"}],"wp:attachment":[{"href":"https:\/\/www.savemybrain.net\/v2\/wp-json\/wp\/v2\/media?parent=11671"}],"wp:term":[{"taxonomy":"category","embeddable":true,"href":"https:\/\/www.savemybrain.net\/v2\/wp-json\/wp\/v2\/categories?post=11671"},{"taxonomy":"post_tag","embeddable":true,"href":"https:\/\/www.savemybrain.net\/v2\/wp-json\/wp\/v2\/tags?post=11671"},{"taxonomy":"author","embeddable":true,"href":"https:\/\/www.savemybrain.net\/v2\/wp-json\/wp\/v2\/coauthors?post=11671"}],"curies":[{"name":"wp","href":"https:\/\/api.w.org\/{rel}","templated":true}]}}