{"id":10035,"date":"2010-12-01T08:00:42","date_gmt":"2010-12-01T07:00:42","guid":{"rendered":"http:\/\/savemybrain.net\/v2\/?p=10035"},"modified":"2012-02-13T21:07:15","modified_gmt":"2012-02-13T20:07:15","slug":"paris-en-hiver","status":"publish","type":"post","link":"https:\/\/www.savemybrain.net\/v2\/2010\/12\/01\/paris-en-hiver-080010035\/","title":{"rendered":"Paris en hiver"},"content":{"rendered":"<p style=\"text-align: justify;\">Il est quinze heures, la nuit vient de tomber. Vous n\u2019\u00eates pas \u00e0 Rovaniemi, simplement \u00e0 Paris. En hiver.<!--more--><\/p>\n<p style=\"text-align: justify;\">C\u2019est une \u00e9trange atmosph\u00e8re, que tant\u00f4t on d\u00e9teste, que tant\u00f4t on adore. Mais pour l\u2019adorer, il faudrait d\u00e9j\u00e0 en profiter. Avec ces fichus chaud et froid \u00e0 la sortie du m\u00e9tro Od\u00e9on, vous en \u00eates d\u00e9j\u00e0 \u00e0 votre troisi\u00e8me grippe successive alors que l\u2019hiver n\u2019a pas encore officiellement commenc\u00e9. Oui, il est bien marqu\u00e9 sur votre calendrier Betty Boop \u00ab\u00a0hiver\u00a0\u00bb, \u00e0 la date du 21 d\u00e9cembre. Et pourtant\u2026 Vous avez d\u00e9j\u00e0 les yeux rouges d\u2019un lapin russe, vous encha\u00eenez compulsivement les Kleenex et m\u00eame, les premiers flocons font leur apparition.<\/p>\n<p><img loading=\"lazy\" decoding=\"async\" class=\"aligncenter size-full wp-image-10036\" title=\"Paris en hiver\" src=\"http:\/\/savemybrain.net\/v2\/wp-content\/uploads\/2010\/11\/Paris-en-hiver.jpg\" alt=\"\" width=\"500\" height=\"500\" srcset=\"https:\/\/www.savemybrain.net\/v2\/wp-content\/uploads\/2010\/11\/Paris-en-hiver.jpg 500w, https:\/\/www.savemybrain.net\/v2\/wp-content\/uploads\/2010\/11\/Paris-en-hiver-150x150.jpg 150w, https:\/\/www.savemybrain.net\/v2\/wp-content\/uploads\/2010\/11\/Paris-en-hiver-160x160.jpg 160w, https:\/\/www.savemybrain.net\/v2\/wp-content\/uploads\/2010\/11\/Paris-en-hiver-320x320.jpg 320w\" sizes=\"auto, (max-width: 500px) 100vw, 500px\" \/><\/p>\n<p style=\"text-align: justify;\">Enfin, il arrive qu\u2019\u00e0 force d\u2019Oscillococcinum, de pastilles au r\u00e9glisse et de d\u00e9coctions de grand-m\u00e8re plus ou moins charg\u00e9es en rhum, vous trouviez le ressort et le courage suffisants pour mettre le nez dehors. A ce moment, vous pouvez regarder Paris avec les yeux \u00e9merveill\u00e9s d\u2019Andrea dans le Diable s\u2019habille en Prada.<\/p>\n<p style=\"text-align: justify;\">La place de la Madeleine se pare des plus belles illuminations, alors que les \u00e9l\u00e9gantes font la queue chez Ladur\u00e9e, m\u00eame si \u00e7a \u00e9nerve Helmut. Il y a un charme dans cette cohue qui court les magasins \u00e0 la recherch\u00e9 effr\u00e9n\u00e9e de cadeaux. Pour faire plaisir \u00e0 leurs enfants, pour s\u00e9duire l\u2019\u00e9lu(e) de leur c\u0153ur ou pour d\u00e9plaire \u00e0 leur belle-doche (offrez-lui un cactus, vous m\u2019en direz des nouvelles). Et si tout cela est trop tout, il reste \u00e0 filer vers le pont des Arts, tourner le dos \u00e0 la Tour Eiffel (elle est si commune, on la laisse aux touristes) et admirer l\u2019arri\u00e8re-train callipyge de l\u2019\u00eele de la Cit\u00e9. La lumi\u00e8re si particuli\u00e8re de l\u2019hiver ne saurait laisser indiff\u00e9rent. Le vent de la Seine effleurera votre frange \u00e0 la Kate Moss. Ca aussi, \u00e7a \u00e9nerve Helmut. Mais tant pis.<\/p>\n","protected":false},"excerpt":{"rendered":"<p>Il est quinze heures, la nuit vient de tomber. Vous n\u2019\u00eates pas \u00e0 Rovaniemi, simplement \u00e0 Paris. En hiver.<\/p>\n","protected":false},"author":6,"featured_media":10036,"comment_status":"open","ping_status":"closed","sticky":false,"template":"","format":"standard","meta":{"_jetpack_memberships_contains_paid_content":false,"footnotes":""},"categories":[26,25],"tags":[265,1720],"coauthors":[3693,3686],"class_list":["post-10035","post","type-post","status-publish","format-standard","has-post-thumbnail","hentry","category-chroniques-ordinaires","category-chroniques-feminines-humeurs","tag-hiver","tag-paris"],"yoast_head":"<!-- This site is optimized with the Yoast SEO plugin v27.2 - https:\/\/yoast.com\/product\/yoast-seo-wordpress\/ -->\n<title>Paris en hiver - Save my brain<\/title>\n<meta name=\"robots\" content=\"index, follow, max-snippet:-1, max-image-preview:large, max-video-preview:-1\" \/>\n<link rel=\"canonical\" href=\"https:\/\/www.savemybrain.net\/v2\/2010\/12\/01\/paris-en-hiver-080010035\/\" \/>\n<meta property=\"og:locale\" content=\"fr_FR\" \/>\n<meta property=\"og:type\" content=\"article\" \/>\n<meta property=\"og:title\" content=\"Paris en hiver - Save my brain\" \/>\n<meta property=\"og:description\" content=\"Il est quinze heures, la nuit vient de tomber. Vous n\u2019\u00eates pas \u00e0 Rovaniemi, simplement \u00e0 Paris. En hiver.\" \/>\n<meta property=\"og:url\" content=\"https:\/\/www.savemybrain.net\/v2\/2010\/12\/01\/paris-en-hiver-080010035\/\" \/>\n<meta property=\"og:site_name\" content=\"Save my brain\" \/>\n<meta property=\"article:published_time\" content=\"2010-12-01T07:00:42+00:00\" \/>\n<meta property=\"article:modified_time\" content=\"2012-02-13T20:07:15+00:00\" \/>\n<meta property=\"og:image\" content=\"https:\/\/www.savemybrain.net\/v2\/wp-content\/uploads\/2010\/11\/Paris-en-hiver.jpg\" \/>\n\t<meta property=\"og:image:width\" content=\"500\" \/>\n\t<meta property=\"og:image:height\" content=\"500\" \/>\n\t<meta property=\"og:image:type\" content=\"image\/jpeg\" \/>\n<meta name=\"author\" content=\"Nicolas Meunier, H\u00e9l\u00e8ne Baudouin \/ Agence Kromi : kromi.fr\" \/>\n<meta name=\"twitter:card\" content=\"summary_large_image\" \/>\n<meta name=\"twitter:label1\" content=\"\u00c9crit par\" \/>\n\t<meta name=\"twitter:data1\" content=\"Nicolas Meunier\" \/>\n\t<meta name=\"twitter:label2\" content=\"Dur\u00e9e de lecture estim\u00e9e\" \/>\n\t<meta name=\"twitter:data2\" content=\"2 minutes\" \/>\n\t<meta name=\"twitter:label3\" content=\"Written by\" \/>\n\t<meta name=\"twitter:data3\" content=\"Nicolas Meunier, H\u00e9l\u00e8ne Baudouin \/ Agence Kromi : kromi.fr\" \/>\n<script type=\"application\/ld+json\" class=\"yoast-schema-graph\">{\"@context\":\"https:\/\/schema.org\",\"@graph\":[{\"@type\":\"Article\",\"@id\":\"https:\/\/www.savemybrain.net\/v2\/2010\/12\/01\/paris-en-hiver-080010035\/#article\",\"isPartOf\":{\"@id\":\"https:\/\/www.savemybrain.net\/v2\/2010\/12\/01\/paris-en-hiver-080010035\/\"},\"author\":{\"name\":\"Nicolas Meunier\",\"@id\":\"https:\/\/www.savemybrain.net\/v2\/#\/schema\/person\/adca4eceb0e4cf34ed857f24f64af640\"},\"headline\":\"Paris en hiver\",\"datePublished\":\"2010-12-01T07:00:42+00:00\",\"dateModified\":\"2012-02-13T20:07:15+00:00\",\"mainEntityOfPage\":{\"@id\":\"https:\/\/www.savemybrain.net\/v2\/2010\/12\/01\/paris-en-hiver-080010035\/\"},\"wordCount\":337,\"commentCount\":0,\"image\":{\"@id\":\"https:\/\/www.savemybrain.net\/v2\/2010\/12\/01\/paris-en-hiver-080010035\/#primaryimage\"},\"thumbnailUrl\":\"https:\/\/www.savemybrain.net\/v2\/wp-content\/uploads\/2010\/11\/Paris-en-hiver.jpg\",\"keywords\":[\"hiver\",\"paris\"],\"articleSection\":[\"Chroniques ordinaires\",\"Humeurs\"],\"inLanguage\":\"fr-FR\",\"potentialAction\":[{\"@type\":\"CommentAction\",\"name\":\"Comment\",\"target\":[\"https:\/\/www.savemybrain.net\/v2\/2010\/12\/01\/paris-en-hiver-080010035\/#respond\"]}]},{\"@type\":\"WebPage\",\"@id\":\"https:\/\/www.savemybrain.net\/v2\/2010\/12\/01\/paris-en-hiver-080010035\/\",\"url\":\"https:\/\/www.savemybrain.net\/v2\/2010\/12\/01\/paris-en-hiver-080010035\/\",\"name\":\"Paris en hiver - Save my brain\",\"isPartOf\":{\"@id\":\"https:\/\/www.savemybrain.net\/v2\/#website\"},\"primaryImageOfPage\":{\"@id\":\"https:\/\/www.savemybrain.net\/v2\/2010\/12\/01\/paris-en-hiver-080010035\/#primaryimage\"},\"image\":{\"@id\":\"https:\/\/www.savemybrain.net\/v2\/2010\/12\/01\/paris-en-hiver-080010035\/#primaryimage\"},\"thumbnailUrl\":\"https:\/\/www.savemybrain.net\/v2\/wp-content\/uploads\/2010\/11\/Paris-en-hiver.jpg\",\"datePublished\":\"2010-12-01T07:00:42+00:00\",\"dateModified\":\"2012-02-13T20:07:15+00:00\",\"author\":{\"@id\":\"https:\/\/www.savemybrain.net\/v2\/#\/schema\/person\/adca4eceb0e4cf34ed857f24f64af640\"},\"inLanguage\":\"fr-FR\",\"potentialAction\":[{\"@type\":\"ReadAction\",\"target\":[\"https:\/\/www.savemybrain.net\/v2\/2010\/12\/01\/paris-en-hiver-080010035\/\"]}]},{\"@type\":\"ImageObject\",\"inLanguage\":\"fr-FR\",\"@id\":\"https:\/\/www.savemybrain.net\/v2\/2010\/12\/01\/paris-en-hiver-080010035\/#primaryimage\",\"url\":\"https:\/\/www.savemybrain.net\/v2\/wp-content\/uploads\/2010\/11\/Paris-en-hiver.jpg\",\"contentUrl\":\"https:\/\/www.savemybrain.net\/v2\/wp-content\/uploads\/2010\/11\/Paris-en-hiver.jpg\",\"width\":500,\"height\":500},{\"@type\":\"WebSite\",\"@id\":\"https:\/\/www.savemybrain.net\/v2\/#website\",\"url\":\"https:\/\/www.savemybrain.net\/v2\/\",\"name\":\"Save my brain\",\"description\":\"Magazine lifestyle et culturel (depuis 2007)\",\"potentialAction\":[{\"@type\":\"SearchAction\",\"target\":{\"@type\":\"EntryPoint\",\"urlTemplate\":\"https:\/\/www.savemybrain.net\/v2\/?s={search_term_string}\"},\"query-input\":{\"@type\":\"PropertyValueSpecification\",\"valueRequired\":true,\"valueName\":\"search_term_string\"}}],\"inLanguage\":\"fr-FR\"},{\"@type\":\"Person\",\"@id\":\"https:\/\/www.savemybrain.net\/v2\/#\/schema\/person\/adca4eceb0e4cf34ed857f24f64af640\",\"name\":\"Nicolas Meunier\",\"sameAs\":[\"http:\/\/www.leblogauto.com\/author\/nicolas-meunier\/\"],\"url\":\"https:\/\/www.savemybrain.net\/v2\/author\/nicolasmeunier\/\"}]}<\/script>\n<!-- \/ Yoast SEO plugin. -->","yoast_head_json":{"title":"Paris en hiver - Save my brain","robots":{"index":"index","follow":"follow","max-snippet":"max-snippet:-1","max-image-preview":"max-image-preview:large","max-video-preview":"max-video-preview:-1"},"canonical":"https:\/\/www.savemybrain.net\/v2\/2010\/12\/01\/paris-en-hiver-080010035\/","og_locale":"fr_FR","og_type":"article","og_title":"Paris en hiver - Save my brain","og_description":"Il est quinze heures, la nuit vient de tomber. Vous n\u2019\u00eates pas \u00e0 Rovaniemi, simplement \u00e0 Paris. En hiver.","og_url":"https:\/\/www.savemybrain.net\/v2\/2010\/12\/01\/paris-en-hiver-080010035\/","og_site_name":"Save my brain","article_published_time":"2010-12-01T07:00:42+00:00","article_modified_time":"2012-02-13T20:07:15+00:00","og_image":[{"width":500,"height":500,"url":"https:\/\/www.savemybrain.net\/v2\/wp-content\/uploads\/2010\/11\/Paris-en-hiver.jpg","type":"image\/jpeg"}],"author":"Nicolas Meunier, H\u00e9l\u00e8ne Baudouin \/ Agence Kromi : kromi.fr","twitter_card":"summary_large_image","twitter_misc":{"\u00c9crit par":"Nicolas Meunier","Dur\u00e9e de lecture estim\u00e9e":"2 minutes","Written by":"Nicolas Meunier, H\u00e9l\u00e8ne Baudouin \/ Agence Kromi : kromi.fr"},"schema":{"@context":"https:\/\/schema.org","@graph":[{"@type":"Article","@id":"https:\/\/www.savemybrain.net\/v2\/2010\/12\/01\/paris-en-hiver-080010035\/#article","isPartOf":{"@id":"https:\/\/www.savemybrain.net\/v2\/2010\/12\/01\/paris-en-hiver-080010035\/"},"author":{"name":"Nicolas Meunier","@id":"https:\/\/www.savemybrain.net\/v2\/#\/schema\/person\/adca4eceb0e4cf34ed857f24f64af640"},"headline":"Paris en hiver","datePublished":"2010-12-01T07:00:42+00:00","dateModified":"2012-02-13T20:07:15+00:00","mainEntityOfPage":{"@id":"https:\/\/www.savemybrain.net\/v2\/2010\/12\/01\/paris-en-hiver-080010035\/"},"wordCount":337,"commentCount":0,"image":{"@id":"https:\/\/www.savemybrain.net\/v2\/2010\/12\/01\/paris-en-hiver-080010035\/#primaryimage"},"thumbnailUrl":"https:\/\/www.savemybrain.net\/v2\/wp-content\/uploads\/2010\/11\/Paris-en-hiver.jpg","keywords":["hiver","paris"],"articleSection":["Chroniques ordinaires","Humeurs"],"inLanguage":"fr-FR","potentialAction":[{"@type":"CommentAction","name":"Comment","target":["https:\/\/www.savemybrain.net\/v2\/2010\/12\/01\/paris-en-hiver-080010035\/#respond"]}]},{"@type":"WebPage","@id":"https:\/\/www.savemybrain.net\/v2\/2010\/12\/01\/paris-en-hiver-080010035\/","url":"https:\/\/www.savemybrain.net\/v2\/2010\/12\/01\/paris-en-hiver-080010035\/","name":"Paris en hiver - Save my brain","isPartOf":{"@id":"https:\/\/www.savemybrain.net\/v2\/#website"},"primaryImageOfPage":{"@id":"https:\/\/www.savemybrain.net\/v2\/2010\/12\/01\/paris-en-hiver-080010035\/#primaryimage"},"image":{"@id":"https:\/\/www.savemybrain.net\/v2\/2010\/12\/01\/paris-en-hiver-080010035\/#primaryimage"},"thumbnailUrl":"https:\/\/www.savemybrain.net\/v2\/wp-content\/uploads\/2010\/11\/Paris-en-hiver.jpg","datePublished":"2010-12-01T07:00:42+00:00","dateModified":"2012-02-13T20:07:15+00:00","author":{"@id":"https:\/\/www.savemybrain.net\/v2\/#\/schema\/person\/adca4eceb0e4cf34ed857f24f64af640"},"inLanguage":"fr-FR","potentialAction":[{"@type":"ReadAction","target":["https:\/\/www.savemybrain.net\/v2\/2010\/12\/01\/paris-en-hiver-080010035\/"]}]},{"@type":"ImageObject","inLanguage":"fr-FR","@id":"https:\/\/www.savemybrain.net\/v2\/2010\/12\/01\/paris-en-hiver-080010035\/#primaryimage","url":"https:\/\/www.savemybrain.net\/v2\/wp-content\/uploads\/2010\/11\/Paris-en-hiver.jpg","contentUrl":"https:\/\/www.savemybrain.net\/v2\/wp-content\/uploads\/2010\/11\/Paris-en-hiver.jpg","width":500,"height":500},{"@type":"WebSite","@id":"https:\/\/www.savemybrain.net\/v2\/#website","url":"https:\/\/www.savemybrain.net\/v2\/","name":"Save my brain","description":"Magazine lifestyle et culturel (depuis 2007)","potentialAction":[{"@type":"SearchAction","target":{"@type":"EntryPoint","urlTemplate":"https:\/\/www.savemybrain.net\/v2\/?s={search_term_string}"},"query-input":{"@type":"PropertyValueSpecification","valueRequired":true,"valueName":"search_term_string"}}],"inLanguage":"fr-FR"},{"@type":"Person","@id":"https:\/\/www.savemybrain.net\/v2\/#\/schema\/person\/adca4eceb0e4cf34ed857f24f64af640","name":"Nicolas Meunier","sameAs":["http:\/\/www.leblogauto.com\/author\/nicolas-meunier\/"],"url":"https:\/\/www.savemybrain.net\/v2\/author\/nicolasmeunier\/"}]}},"jetpack_featured_media_url":"https:\/\/www.savemybrain.net\/v2\/wp-content\/uploads\/2010\/11\/Paris-en-hiver.jpg","jetpack_sharing_enabled":true,"_links":{"self":[{"href":"https:\/\/www.savemybrain.net\/v2\/wp-json\/wp\/v2\/posts\/10035","targetHints":{"allow":["GET"]}}],"collection":[{"href":"https:\/\/www.savemybrain.net\/v2\/wp-json\/wp\/v2\/posts"}],"about":[{"href":"https:\/\/www.savemybrain.net\/v2\/wp-json\/wp\/v2\/types\/post"}],"author":[{"embeddable":true,"href":"https:\/\/www.savemybrain.net\/v2\/wp-json\/wp\/v2\/users\/6"}],"replies":[{"embeddable":true,"href":"https:\/\/www.savemybrain.net\/v2\/wp-json\/wp\/v2\/comments?post=10035"}],"version-history":[{"count":0,"href":"https:\/\/www.savemybrain.net\/v2\/wp-json\/wp\/v2\/posts\/10035\/revisions"}],"wp:featuredmedia":[{"embeddable":true,"href":"https:\/\/www.savemybrain.net\/v2\/wp-json\/wp\/v2\/media\/10036"}],"wp:attachment":[{"href":"https:\/\/www.savemybrain.net\/v2\/wp-json\/wp\/v2\/media?parent=10035"}],"wp:term":[{"taxonomy":"category","embeddable":true,"href":"https:\/\/www.savemybrain.net\/v2\/wp-json\/wp\/v2\/categories?post=10035"},{"taxonomy":"post_tag","embeddable":true,"href":"https:\/\/www.savemybrain.net\/v2\/wp-json\/wp\/v2\/tags?post=10035"},{"taxonomy":"author","embeddable":true,"href":"https:\/\/www.savemybrain.net\/v2\/wp-json\/wp\/v2\/coauthors?post=10035"}],"curies":[{"name":"wp","href":"https:\/\/api.w.org\/{rel}","templated":true}]}}